{"id":175849,"date":"2025-09-25T00:00:31","date_gmt":"2025-09-25T00:00:31","guid":{"rendered":"https:\/\/www.ole.com.ar\/fuera-de-juego\/leandro-juncos-inferiores-futbol-river-barcelona-tc-2000-buenos-aires-debut_0_nrc3zUD6rB.html"},"modified":"2025-09-25T00:00:31","modified_gmt":"2025-09-25T00:00:31","slug":"leandro-juncos-de-las-inferiores-de-river-y-barcelona-a-debutar-en-los-200-kilometros-del-tc2000-en-el-galvez","status":"publish","type":"post","link":"http:\/\/cordobadirecto.com\/index.php\/2025\/09\/25\/leandro-juncos-de-las-inferiores-de-river-y-barcelona-a-debutar-en-los-200-kilometros-del-tc2000-en-el-galvez\/","title":{"rendered":"Leandro Juncos, de las Inferiores de River y Barcelona a debutar en los 200 kil\u00f3metros del TC2000 en el G\u00e1lvez"},"content":{"rendered":"<p><time class=\"createDate\" datetime=\"2025-09-24T21:00:31-03:00\">24\/09\/2025 21:00hs.<\/time><\/p>\n<div id=\"storyBody\">\n<div class=\"custom-text \" readability=\"37.141176470588\">\n<p>La vida da mil vueltas. Y Leandro Juncos, quien empieza a asomar como una de las apariciones del automovilismo argentino, lo tiene bien claro: hace varios a\u00f1os atr\u00e1s <strong>so\u00f1aba con ser futbolista profesional y hasta tuvo pasos por las inferiores de <a href=\"https:\/\/www.ole.com.ar\/tema\/river-plate.html\" title=\"River Plate\" alt=\"River Plate\" class=\"slug\">River<\/a>, <a href=\"https:\/\/www.ole.com.ar\/tema\/san-lorenzo.html\" title=\"San Lorenzo\" alt=\"San Lorenzo\" class=\"slug\">San Lorenzo<\/a>, Central C\u00f3rdoba y prob\u00f3 suerte en las juveniles del <a href=\"https:\/\/www.ole.com.ar\/tema\/barcelona.html\" title=\"Barcelona\" alt=\"Barcelona\" class=\"slug\">Barcelona<\/a> y<a href=\"https:\/\/www.ole.com.ar\/tema\/manchester-city.html\" title=\"Manchester City\" alt=\"Manchester City\" class=\"slug\"> Manchester City<\/a>, pero hoy est\u00e1 ligado a los fierros<\/strong>, como lo marca su tradici\u00f3n familiar.<\/p>\n<\/div>\n<div class=\"custom-text \" readability=\"35.810276679842\">\n<p>S\u00ed, es que el piloto de 20 a\u00f1os es hijo de Ricardo Juncos, quien tambi\u00e9n transit\u00f3 las pistas y actualmente es el due\u00f1o del equipo de IndyCar Series Juncos Hollinger Racing. Ya alejado del f\u00fatbol y con la mente puesta en su carrera automovil\u00edstica,<strong> Leandro tendr\u00e1 su estreno el pr\u00f3ximo 26, 27 y 28 de septiembre en el circuito N\u00ba9 del m\u00edtico <a href=\"https:\/\/www.ole.com.ar\/tema\/autodromo.html\" title=\"Aut\u00f3dromo\" alt=\"Aut\u00f3dromo\" class=\"slug\">Aut\u00f3dromo Oscar y Juan G\u00e1lvez de Buenos Aires<\/a> en la 19\u00b0 edici\u00f3n de los 200 kil\u00f3metros del <a href=\"https:\/\/www.ole.com.ar\/tema\/tc2000.html\" title=\"TC2000\" alt=\"TC2000\" class=\"slug\">TC2000<\/a><\/strong>, una de las competencias ic\u00f3nicas a nivel nacional. <\/p>\n<\/div>\n<div class=\"custom-text \" readability=\"39\">\n<p>El curr\u00edculum del oriundo en Miami, pero que se siente bien argento y tiene como objetivo llevar la bandera albiceleste a lo m\u00e1s alto, tiene competencias en Inglaterra y Estados Unidos: <strong>en 2024 corri\u00f3 en USF Juniors con DEForce Racing y realiz\u00f3 pruebas en USF Pro 2000 y GB3, incluyendo el m\u00edtico e hist\u00f3rico circuito de Silverstone.<\/strong> Este a\u00f1o se sum\u00f3 al equipo Hillspeed en el campeonato GB4 brit\u00e1nico, donde ya logr\u00f3 podios en trazados como Silverstone y Oulton Park.<\/p>\n<\/div>\n<div class=\"sc-e7b891c4-0 ifHnQL image-embed\"><img alt=\"El piloto de 20 a\u00f1os prepara su debut en el G\u00e1lvez\" loading=\"lazy\" width=\"720\" height=\"100\" decoding=\"async\" data-nimg=\"1\" src=\"http:\/\/cordobadirecto.com\/wp-content\/uploads\/2025\/09\/leandro-juncos-de-las-inferiores-de-river-y-barcelona-a-debutar-en-los-200-kilometros-del-tc2000-en-el-galvez.jpg\"><span class=\"epigraphe\">El piloto de 20 a\u00f1os prepara su debut en el G\u00e1lvez<\/span><\/div>\n<div class=\"custom-text \" readability=\"40\">\n<p>Su llegada al TC2000 tambi\u00e9n tuvo un anticipo en el corriente a\u00f1o, cuando prob\u00f3 por primera vez un Chevrolet Tracker del equipo Pro Racing en Concordia, quedando a apenas dos d\u00e9cimas del tiempo de referencia. Ahora,<strong> se acerca su debut oficial, que ser\u00e1 en el aut\u00f3dromo m\u00e1s emblem\u00e1tico de Buenos Aires.<\/strong> S\u00ed, un escenario cargado de historia y de valor personal para el joven piloto.<\/p>\n<\/div>\n<p><h2><strong>Qu\u00e9 dijo Leandro Juncos antes del debut en el TC2000<\/strong><\/h2>\n<\/p>\n<div class=\"custom-text \" readability=\"41\">\n<p>\u201cPara m\u00ed correr en Buenos Aires y en el G\u00e1lvez es algo \u00fanico. La historia que tiene, los pilotos y autos que pasaron por ah\u00ed lo hacen muy especial. Adem\u00e1s, corri\u00f3 mi viejo y estar\u00e1 mi familia. Estoy muy agradecido por la oportunidad. El apellido Juncos no me pesa. Mi abuelo corri\u00f3, mi viejo corri\u00f3 y ahora me toca a m\u00ed. Siempre la familia estuvo en las carreras, es parte de nuestra sangre. Si hay presi\u00f3n, me hace m\u00e1s fuerte\u201d, lanz\u00f3 el piloto sobre lo que se le viene y el legado familiar que contin\u00faa. <\/p>\n<\/div>\n<div class=\"sc-e7b891c4-0 ifHnQL image-embed\"><img alt=\"Juncos sigue el legado familiar en el automovilismo argentino\" loading=\"lazy\" width=\"720\" height=\"100\" decoding=\"async\" data-nimg=\"1\" src=\"http:\/\/cordobadirecto.com\/wp-content\/uploads\/2025\/09\/leandro-juncos-de-las-inferiores-de-river-y-barcelona-a-debutar-en-los-200-kilometros-del-tc2000-en-el-galvez-1.jpg\"><span class=\"epigraphe\">Juncos sigue el legado familiar en el automovilismo argentino<\/span><\/div>\n<div class=\"custom-text \" readability=\"38\">\n<p>Sobre representar a Chevrolet, una de las marcas m\u00e1s importantes en el \u00e1mbito local, dijo: \u201cCorrer con Chevrolet es un orgullo tremendo. Siempre mi familia estuvo vinculada a la marca, tanto en Estados Unidos como en Argentina. Ojal\u00e1 podamos llevarla a lo m\u00e1s alto. Representar a la Argentina es un orgullo enorme: no hay nada como c\u00f3mo se vive el deporte en nuestro pa\u00eds\u201d.<\/p>\n<\/div>\n<p><h2><strong>Cronograma completo de los 200Km del TC2000 en el G\u00e1lvez<\/strong><\/h2>\n<\/p>\n<p><h3><strong>Viernes<\/strong><\/h3>\n<\/p>\n<div class=\"custom-text \">\n<ul>\n<li>El Shakedown &#8211; 12 hasta las 12.10.<\/li>\n<\/ul>\n<\/div>\n<div class=\"custom-text \">\n<ul>\n<li>Entrenamiento 1 &#8211; 12.50 a las 13.30.<\/li>\n<\/ul>\n<\/div>\n<div class=\"custom-text \">\n<ul>\n<li>Entrenamiento 2 &#8211; 17 a las 17.40.<\/li>\n<\/ul>\n<\/div>\n<p><h3><strong>S\u00e1bado<\/strong><\/h3>\n<\/p>\n<div class=\"custom-text \">\n<ul>\n<li>Entrenamiento 3 &#8211; 8.50 a las 9.30.<\/li>\n<\/ul>\n<\/div>\n<div class=\"custom-text \">\n<ul>\n<li>200 Km Primera Parte de 30m o 18 vueltas &#8211; 15.55 a las 16.25.<\/li>\n<\/ul>\n<\/div>\n<p><h3><strong>Domingo<\/strong><\/h3>\n<\/p>\n<div class=\"custom-text \">\n<ul>\n<li>Final 200 km (segunda parte, 42 vueltas o 60 minutos) &#8211; 12.45 a las 13.45.<\/li>\n<\/ul>\n<\/div>\n<div class=\"sc-a7166897-0 eoLsBE\" readability=\"6.5\">\n<section readability=\"3\"><picture><img alt=\"Sin Enzo P\u00e9rez, el once que puso Gallardo para la vuelta con Palmeiras en Brasil\" loading=\"lazy\" width=\"290\" height=\"290\" decoding=\"async\" data-nimg=\"1\" src=\"http:\/\/cordobadirecto.com\/wp-content\/uploads\/2025\/09\/leandro-juncos-de-las-inferiores-de-river-y-barcelona-a-debutar-en-los-200-kilometros-del-tc2000-en-el-galvez-2.jpg\"><\/picture>\n<p><span>Mir\u00e1 tambi\u00e9n<\/span><\/p>\n<hr>\n<h3>Sin Enzo P\u00e9rez, el once que puso Gallardo para la vuelta con Palmeiras en Brasil<\/h3>\n<\/p>\n<\/section>\n<\/div>\n<div class=\"sc-a7166897-0 eoLsBE\" readability=\"6.5\">\n<section readability=\"3\"><picture><img alt=\"BMW se sumar\u00e1 al Turismo Carretera en 2026, con qu\u00e9 piloto y qu\u00e9 modelo\" loading=\"lazy\" width=\"290\" height=\"290\" decoding=\"async\" data-nimg=\"1\" src=\"http:\/\/cordobadirecto.com\/wp-content\/uploads\/2025\/09\/leandro-juncos-de-las-inferiores-de-river-y-barcelona-a-debutar-en-los-200-kilometros-del-tc2000-en-el-galvez-3.jpg\"><\/picture>\n<p><span>Mir\u00e1 tambi\u00e9n<\/span><\/p>\n<hr>\n<h3>BMW se sumar\u00e1 al Turismo Carretera en 2026, con qu\u00e9 piloto y qu\u00e9 modelo<\/h3>\n<\/p>\n<\/section>\n<\/div>\n<\/div>\n","protected":false},"excerpt":{"rendered":"<p>24\/09\/2025 21:00hs. La vida da mil vueltas. Y Leandro Juncos, quien empieza a asomar como una de las apariciones del automovilismo argentino, lo tiene bien claro: hace varios a\u00f1os atr\u00e1s so\u00f1aba con ser futbolista profesional y hasta tuvo pasos por las inferiores de River, San Lorenzo, Central C\u00f3rdoba y prob\u00f3 suerte en las juveniles del [&hellip;]<\/p>\n","protected":false},"author":1,"featured_media":175850,"comment_status":"closed","ping_status":"closed","sticky":false,"template":"","format":"standard","meta":[],"categories":[21],"tags":[],"_links":{"self":[{"href":"http:\/\/cordobadirecto.com\/index.php\/wp-json\/wp\/v2\/posts\/175849"}],"collection":[{"href":"http:\/\/cordobadirecto.com\/index.php\/wp-json\/wp\/v2\/posts"}],"about":[{"href":"http:\/\/cordobadirecto.com\/index.php\/wp-json\/wp\/v2\/types\/post"}],"author":[{"embeddable":true,"href":"http:\/\/cordobadirecto.com\/index.php\/wp-json\/wp\/v2\/users\/1"}],"replies":[{"embeddable":true,"href":"http:\/\/cordobadirecto.com\/index.php\/wp-json\/wp\/v2\/comments?post=175849"}],"version-history":[{"count":0,"href":"http:\/\/cordobadirecto.com\/index.php\/wp-json\/wp\/v2\/posts\/175849\/revisions"}],"wp:featuredmedia":[{"embeddable":true,"href":"http:\/\/cordobadirecto.com\/index.php\/wp-json\/wp\/v2\/media\/175850"}],"wp:attachment":[{"href":"http:\/\/cordobadirecto.com\/index.php\/wp-json\/wp\/v2\/media?parent=175849"}],"wp:term":[{"taxonomy":"category","embeddable":true,"href":"http:\/\/cordobadirecto.com\/index.php\/wp-json\/wp\/v2\/categories?post=175849"},{"taxonomy":"post_tag","embeddable":true,"href":"http:\/\/cordobadirecto.com\/index.php\/wp-json\/wp\/v2\/tags?post=175849"}],"curies":[{"name":"wp","href":"https:\/\/api.w.org\/{rel}","templated":true}]}}