{"id":175853,"date":"2025-09-25T09:03:29","date_gmt":"2025-09-25T09:03:29","guid":{"rendered":"https:\/\/www.ole.com.ar\/futbol-ascenso\/ascenso-primera-nacional_0_DFIhaoitIQ.html"},"modified":"2025-09-25T09:03:29","modified_gmt":"2025-09-25T09:03:29","slug":"colon-el-buen-gesto-de-alan-forneris-tras-ser-vendido-a-racing","status":"publish","type":"post","link":"http:\/\/cordobadirecto.com\/index.php\/2025\/09\/25\/colon-el-buen-gesto-de-alan-forneris-tras-ser-vendido-a-racing\/","title":{"rendered":"Col\u00f3n: el buen gesto de Alan Forneris tras ser vendido a Racing"},"content":{"rendered":"<p><time class=\"createDate\" datetime=\"2025-09-24T20:05:20-03:00\">24\/09\/2025 20:05hs.<\/time><\/p>\n<div id=\"storyBody\">\n<div class=\"custom-text \" readability=\"34.434017595308\">\n<p>Est\u00e1 de m\u00e1s decir que <strong>la <a href=\"https:\/\/www.ole.com.ar\/tema\/primera-nacional.html\" title=\"Primera Nacional\" alt=\"Primera Nacional\" class=\"slug\">Primera Nacional<\/a> es uno de los m\u00e1s grandes semilleros dentro del f\u00fatbol argentino.<\/strong> Claro, hay muchos jugadores que tienen la juventud, la garra y el talento suficiente para poder dar el salto a la <a href=\"https:\/\/www.ole.com.ar\/tema\/liga-profesional.html\" title=\"Liga Profesional\" alt=\"Liga Profesional\" class=\"slug\">Liga Profesional<\/a>. Por eso, <strong>no es raro ver que varios clubes vayan a buscar caras nuevas desde la Segunda Divisi\u00f3n.<\/strong><\/p>\n<\/div>\n<div class=\"custom-text \" readability=\"30.149812734082\">\n<p>Este fue el caso de <strong>Alan Forneris<\/strong>, volante central surgido en <a href=\"https:\/\/www.ole.com.ar\/tema\/colon.html\" title=\"Col\u00f3n\" alt=\"Col\u00f3n\" class=\"slug\">Col\u00f3n<\/a> y pieza clave en el equipo santafesino. Un gran rendimiento que lo llev\u00f3 a ser <strong>citado por <\/strong>Javier Mascherano<strong> a la <a href=\"https:\/\/www.ole.com.ar\/tema\/seleccion-argentina-sub-20.html\" title=\"Selecci\u00f3n Argentina Sub 20\" alt=\"Selecci\u00f3n Argentina Sub 20\" class=\"slug\">Selecci\u00f3n Sub 20<\/a> en 2024 y que logr\u00f3 llamar la atenci\u00f3n de <a href=\"https:\/\/www.ole.com.ar\/tema\/gustavo-costas.html\" title=\"Gustavo Costas\" alt=\"Gustavo Costas\" class=\"slug\">Gustavo Costas<\/a><\/strong>en 2025.<\/p>\n<\/div>\n<div class=\"sc-e7b891c4-0 ifHnQL image-embed\"><img alt=\"Alan Forneris, una de las joyas de Col\u00f3n.\" loading=\"lazy\" width=\"720\" height=\"100\" decoding=\"async\" data-nimg=\"1\" src=\"http:\/\/cordobadirecto.com\/wp-content\/uploads\/2025\/09\/colon-el-buen-gesto-de-alan-forneris-tras-ser-vendido-a-racing.jpg\"><span class=\"epigraphe\">Alan Forneris, una de las joyas de Col\u00f3n.<\/span><\/div>\n<div class=\"custom-text \" readability=\"38.176056338028\">\n<p>En este contexto, en el mercado de pases invernal, <strong><a href=\"https:\/\/www.ole.com.ar\/tema\/racing.html\" title=\"Racing\" alt=\"Racing\" class=\"slug\">Racing<\/a> cerr\u00f3 con el Sabalero la adquisici\u00f3n del 80% de la ficha del mediocampista en 1.200.000 d\u00f3lares<\/strong>, Sin embargo, en medio de la crisis institucional, <strong>el jugador tuvo un gran gesto con el club<\/strong> que lo vio nacer como profesional.<\/p>\n<\/div>\n<p><h2><strong>El buen gesto de Forneris con el Sabalero<\/strong><\/h2>\n<\/p>\n<div class=\"custom-text \" readability=\"37\">\n<p>Claro, es que <strong>el volante de 20 a\u00f1os le don\u00f3 el 15% que le corresponde por su transferencia a Col\u00f3n.<\/strong> Seg\u00fan trascendi\u00f3, se trat\u00f3 de un gesto genuino, sin que haya formado parte de ninguna negociaci\u00f3n formal.<\/p>\n<\/div>\n<div class=\"sc-e7b891c4-0 ifHnQL image-embed\"><img alt=\"Forneris don\u00f3 el 15% de su transferencia.\" loading=\"lazy\" width=\"720\" height=\"100\" decoding=\"async\" data-nimg=\"1\" src=\"http:\/\/cordobadirecto.com\/wp-content\/uploads\/2025\/09\/colon-el-buen-gesto-de-alan-forneris-tras-ser-vendido-a-racing-1.jpg\"><span class=\"epigraphe\">Forneris don\u00f3 el 15% de su transferencia.<\/span><\/div>\n<div class=\"custom-text \" readability=\"35\">\n<p>Si los n\u00fameros que trascendieron en aquel momento son correctos, <strong>la donaci\u00f3n del mediocampista oscilar\u00eda los 180.000 d\u00f3lares,<\/strong> una cifra m\u00e1s que importante para un club en plena crisis.<\/p>\n<\/div>\n<p><h2><strong>Sus n\u00fameros en Col\u00f3n<\/strong><\/h2>\n<\/p>\n<div class=\"custom-text \" readability=\"35\">\n<p><strong>Alan defendi\u00f3 la camiseta del Rojinegro en 29 compromisos, incluyendo un duelo por Copa Argentina<\/strong>. Y actu\u00f3 de entrada en la mayor\u00eda, siendo uno de los pilares fundamental en la mitad de la cancha.<\/p>\n<\/div>\n<div class=\"custom-text \" readability=\"34\">\n<p><strong>Su debut en la Academia lleg\u00f3 el pasado 19 de septiembre en la victoria ante Hurac\u00e1n por 2-0 en el Tom\u00e1s Adolfo Duc\u00f3<\/strong>, donde jug\u00f3 como titular y sum\u00f3 73 minutos.<\/p>\n<\/div>\n<div class=\"sc-e7b891c4-0 ifHnQL image-embed\"><img alt=\"La presentaci\u00f3n de Forneris en la Academia.\" loading=\"lazy\" width=\"720\" height=\"100\" decoding=\"async\" data-nimg=\"1\" src=\"http:\/\/cordobadirecto.com\/wp-content\/uploads\/2025\/09\/colon-el-buen-gesto-de-alan-forneris-tras-ser-vendido-a-racing-2.jpg\"><span class=\"epigraphe\">La presentaci\u00f3n de Forneris en la Academia.<\/span><\/div>\n<div class=\"sc-a7166897-0 eoLsBE\" readability=\"6\">\n<section readability=\"2\"><picture><img alt=\"Subiabre viaj\u00f3 al Mundial Sub 20: el rol de Tapia y el compromiso con River\" loading=\"lazy\" width=\"290\" height=\"290\" decoding=\"async\" data-nimg=\"1\" src=\"http:\/\/cordobadirecto.com\/wp-content\/uploads\/2025\/09\/colon-el-buen-gesto-de-alan-forneris-tras-ser-vendido-a-racing-3.jpg\"><\/picture>\n<p><span>Mir\u00e1 tambi\u00e9n<\/span><\/p>\n<hr>\n<h3>Subiabre viaj\u00f3 al Mundial Sub 20: el rol de Tapia y el compromiso con River<\/h3>\n<\/p>\n<\/section>\n<\/div>\n<div class=\"sc-a7166897-0 eoLsBE\" readability=\"7\">\n<section readability=\"4\"><picture><img alt=\"Simeone, la loca corrida, su abrazo con Juli\u00e1n \u00c1lvarez y qu\u00e9 dijo en conferencia\" loading=\"lazy\" width=\"290\" height=\"290\" decoding=\"async\" data-nimg=\"1\" src=\"http:\/\/cordobadirecto.com\/wp-content\/uploads\/2025\/09\/colon-el-buen-gesto-de-alan-forneris-tras-ser-vendido-a-racing-4.jpg\"><\/picture>\n<p><span>Mir\u00e1 tambi\u00e9n<\/span><\/p>\n<hr>\n<h3>Simeone, la loca corrida, su abrazo con Juli\u00e1n \u00c1lvarez y qu\u00e9 dijo en conferencia<\/h3>\n<\/p>\n<\/section>\n<\/div>\n<\/div>\n","protected":false},"excerpt":{"rendered":"<p>24\/09\/2025 20:05hs. Est\u00e1 de m\u00e1s decir que la Primera Nacional es uno de los m\u00e1s grandes semilleros dentro del f\u00fatbol argentino. Claro, hay muchos jugadores que tienen la juventud, la garra y el talento suficiente para poder dar el salto a la Liga Profesional. Por eso, no es raro ver que varios clubes vayan a [&hellip;]<\/p>\n","protected":false},"author":1,"featured_media":175854,"comment_status":"closed","ping_status":"closed","sticky":false,"template":"","format":"standard","meta":[],"categories":[21],"tags":[],"_links":{"self":[{"href":"http:\/\/cordobadirecto.com\/index.php\/wp-json\/wp\/v2\/posts\/175853"}],"collection":[{"href":"http:\/\/cordobadirecto.com\/index.php\/wp-json\/wp\/v2\/posts"}],"about":[{"href":"http:\/\/cordobadirecto.com\/index.php\/wp-json\/wp\/v2\/types\/post"}],"author":[{"embeddable":true,"href":"http:\/\/cordobadirecto.com\/index.php\/wp-json\/wp\/v2\/users\/1"}],"replies":[{"embeddable":true,"href":"http:\/\/cordobadirecto.com\/index.php\/wp-json\/wp\/v2\/comments?post=175853"}],"version-history":[{"count":0,"href":"http:\/\/cordobadirecto.com\/index.php\/wp-json\/wp\/v2\/posts\/175853\/revisions"}],"wp:featuredmedia":[{"embeddable":true,"href":"http:\/\/cordobadirecto.com\/index.php\/wp-json\/wp\/v2\/media\/175854"}],"wp:attachment":[{"href":"http:\/\/cordobadirecto.com\/index.php\/wp-json\/wp\/v2\/media?parent=175853"}],"wp:term":[{"taxonomy":"category","embeddable":true,"href":"http:\/\/cordobadirecto.com\/index.php\/wp-json\/wp\/v2\/categories?post=175853"},{"taxonomy":"post_tag","embeddable":true,"href":"http:\/\/cordobadirecto.com\/index.php\/wp-json\/wp\/v2\/tags?post=175853"}],"curies":[{"name":"wp","href":"https:\/\/api.w.org\/{rel}","templated":true}]}}