{"id":175860,"date":"2025-09-25T22:16:01","date_gmt":"2025-09-25T22:16:01","guid":{"rendered":"http:\/\/cordobadirecto.com\/index.php\/2025\/09\/25\/ronda-de-negocios-la-sombra-de-la-recesion-y-el-dia-a-dia-de-las-fabricas-la-voz\/"},"modified":"2025-09-25T22:16:01","modified_gmt":"2025-09-25T22:16:01","slug":"ronda-de-negocios-la-sombra-de-la-recesion-y-el-dia-a-dia-de-las-fabricas-la-voz","status":"publish","type":"post","link":"http:\/\/cordobadirecto.com\/index.php\/2025\/09\/25\/ronda-de-negocios-la-sombra-de-la-recesion-y-el-dia-a-dia-de-las-fabricas-la-voz\/","title":{"rendered":"Ronda de negocios. La sombra de la recesi\u00f3n y el d\u00eda a d\u00eda de las f\u00e1bricas &#8211; La Voz"},"content":{"rendered":"<p>Los empresarios Milagros Isa\u00eda Brasca (autopartismo) y Jorge Chali (calzado) analizaron los factores que m\u00e1s impactan y las expectativas. <\/p>\n","protected":false},"excerpt":{"rendered":"<p>Los empresarios Milagros Isa\u00eda Brasca (autopartismo) y Jorge Chali (calzado) analizaron los factores que m\u00e1s impactan y las expectativas.<\/p>\n","protected":false},"author":1,"featured_media":0,"comment_status":"closed","ping_status":"closed","sticky":false,"template":"","format":"standard","meta":[],"categories":[40],"tags":[],"_links":{"self":[{"href":"http:\/\/cordobadirecto.com\/index.php\/wp-json\/wp\/v2\/posts\/175860"}],"collection":[{"href":"http:\/\/cordobadirecto.com\/index.php\/wp-json\/wp\/v2\/posts"}],"about":[{"href":"http:\/\/cordobadirecto.com\/index.php\/wp-json\/wp\/v2\/types\/post"}],"author":[{"embeddable":true,"href":"http:\/\/cordobadirecto.com\/index.php\/wp-json\/wp\/v2\/users\/1"}],"replies":[{"embeddable":true,"href":"http:\/\/cordobadirecto.com\/index.php\/wp-json\/wp\/v2\/comments?post=175860"}],"version-history":[{"count":0,"href":"http:\/\/cordobadirecto.com\/index.php\/wp-json\/wp\/v2\/posts\/175860\/revisions"}],"wp:attachment":[{"href":"http:\/\/cordobadirecto.com\/index.php\/wp-json\/wp\/v2\/media?parent=175860"}],"wp:term":[{"taxonomy":"category","embeddable":true,"href":"http:\/\/cordobadirecto.com\/index.php\/wp-json\/wp\/v2\/categories?post=175860"},{"taxonomy":"post_tag","embeddable":true,"href":"http:\/\/cordobadirecto.com\/index.php\/wp-json\/wp\/v2\/tags?post=175860"}],"curies":[{"name":"wp","href":"https:\/\/api.w.org\/{rel}","templated":true}]}}