{"id":175922,"date":"2025-09-25T20:44:43","date_gmt":"2025-09-25T20:44:43","guid":{"rendered":"https:\/\/www.ole.com.ar\/autos\/romain-grosjean-protagonista-accidente-formula-1-incendio-volvera-manejar-auto-categoria-haas-mugello_0_vIcNSiTIAQ.html"},"modified":"2025-09-25T20:44:43","modified_gmt":"2025-09-25T20:44:43","slug":"fue-victima-del-ultimo-gran-accidente-de-la-formula-1-companero-de-canapino-y-volvera-a-manejar-en-la-categoria","status":"publish","type":"post","link":"http:\/\/cordobadirecto.com\/index.php\/2025\/09\/25\/fue-victima-del-ultimo-gran-accidente-de-la-formula-1-companero-de-canapino-y-volvera-a-manejar-en-la-categoria\/","title":{"rendered":"Fue v\u00edctima del \u00faltimo gran accidente de la F\u00f3rmula 1, compa\u00f1ero de Canapino, y volver\u00e1 a manejar en la categor\u00eda"},"content":{"rendered":"<p><time class=\"createDate\" datetime=\"2025-09-25T17:44:43-03:00\">25\/09\/2025 17:44hs.<\/time><\/p>\n<div id=\"storyBody\">\n<div class=\"custom-text \" readability=\"41.076923076923\">\n<p>El \u00faltimo gran accidente que sacudi\u00f3 a la <strong><a href=\"https:\/\/www.ole.com.ar\/tema\/formula-1.html\" title=\"F\u00f3rmula 1\" alt=\"F\u00f3rmula 1\" class=\"slug\">F\u00f3rmula 1<\/a><\/strong> sucedi\u00f3 en el 2020, en el circuito de Bahrein, cuando <strong>Romain Grosjean<\/strong>, en ese momento piloto de Haas, sufri\u00f3 un choque contra la protecci\u00f3n del trazado y<strong> su auto, partido, se incendi\u00f3 con \u00e9l dentro<\/strong>. Las partes del monoplaza calcinado se pudieron ver en la exhibici\u00f3n de la F1 en Buenos Aires. El franc\u00e9s sufri\u00f3 importantes quemaduras y termin\u00f3 dejando la M\u00e1xima, aunque no el automovilismo.<\/p>\n<\/div>\n<div class=\"custom-text \" readability=\"38\">\n<p>Cinco a\u00f1os despu\u00e9s, <strong>Grosjean no solo volver\u00e1 a subirse a un monoplaza de la M\u00e1xima, sino a un Haas<\/strong>, durante el programa TPC, que permite a los equipos poner en pista autos de a\u00f1os recientes para trabajo de desarrollo y momentos especiales como este. <\/p>\n<\/div>\n<div class=\"sc-e7b891c4-0 ifHnQL image-embed\"><img alt=\"Romain Grosjean cuando estaba en la F1 con Haas.\" loading=\"lazy\" width=\"720\" height=\"100\" decoding=\"async\" data-nimg=\"1\" src=\"http:\/\/cordobadirecto.com\/wp-content\/uploads\/2025\/09\/fue-victima-del-ultimo-gran-accidente-de-la-formula-1-companero-de-canapino-y-volvera-a-manejar-en-la-categoria.jpg\"><span class=\"epigraphe\">Romain Grosjean cuando estaba en la F1 con Haas.<\/span><\/div>\n<div class=\"custom-text \" readability=\"35\">\n<p>Grosjean<strong> manejar\u00e1 el Haas VF-23 de la temporada 2023<\/strong>. La elecci\u00f3n responde al reglamento del programa TPC, que permite el uso de modelos recientes sin que interfieran en la actual campa\u00f1a del campeonato.<\/p>\n<\/div>\n<div class=\"custom-text \" readability=\"38\">\n<p>La prueba se realizar\u00e1 <strong>este viernes en el circuito italiano de Mugello<\/strong>, donde Haas reunir\u00e1 a antiguos miembros de la escuder\u00eda, incluido su exingeniero y hoy director del equipo, Ayao Komatsu. All\u00ed, el franc\u00e9s se pondr\u00e1 un casco dise\u00f1ado por sus hijos.<\/p>\n<\/div>\n<div class=\"sc-e7b891c4-0 ifHnQL image-embed\"><img alt=\"Las manos quemadas de Grsojean.\" loading=\"lazy\" width=\"720\" height=\"100\" decoding=\"async\" data-nimg=\"1\" src=\"http:\/\/cordobadirecto.com\/wp-content\/uploads\/2025\/09\/fue-victima-del-ultimo-gran-accidente-de-la-formula-1-companero-de-canapino-y-volvera-a-manejar-en-la-categoria-1.jpg\"><span class=\"epigraphe\">Las manos quemadas de Grsojean.<\/span><\/div>\n<div class=\"custom-text \" readability=\"37\">\n<p>Grosjean dijo respecto de este regreso: \u201cDecir que estoy emocionado por volver a subirme a un coche de F\u00f3rmula 1 ser\u00eda, naturalmente, quedarse corto. <strong>Realmente no puedo creer que hayan pasado casi cinco a\u00f1os<\/strong>, pero regresar y hacerlo junto a mi antiguo equipo es algo verdaderamente especial\u201d.<\/p>\n<\/div>\n<p><h2>C\u00f3mo fue el accidente de Romain Grosjean en el GP de Bahrein<\/h2>\n<\/p>\n<div class=\"custom-text \" readability=\"37\">\n<p>El 29 de noviembre de 2020, despu\u00e9s de la largada de la carrera, el Haas impact\u00f3 contra las barreras, se parti\u00f3 en dos y estall\u00f3 en llamas. <strong>El franc\u00e9s permaneci\u00f3 atrapado en el fuego durante 27 segundos.<\/strong><\/p>\n<\/div>\n<div class=\"sc-e7b891c4-0 ifHnQL image-embed\"><img alt=\"Grosjean tras pasar por el hospital el d\u00eda de la carrera.\" loading=\"lazy\" width=\"720\" height=\"100\" decoding=\"async\" data-nimg=\"1\" src=\"http:\/\/cordobadirecto.com\/wp-content\/uploads\/2025\/09\/fue-victima-del-ultimo-gran-accidente-de-la-formula-1-companero-de-canapino-y-volvera-a-manejar-en-la-categoria-2.jpg\"><span class=\"epigraphe\">Grosjean tras pasar por el hospital el d\u00eda de la carrera.<\/span><\/div>\n<div class=\"custom-text \" readability=\"37\">\n<p>Con quemaduras en las manos y pies, Grosjean logr\u00f3 salir por s\u00ed mismo del monoplaza <strong>gracias a la resistencia del Halo, dispositivo que protegi\u00f3 su vida al impedir un golpe directo contra las barreras<\/strong>. La r\u00e1pida intervenci\u00f3n de los comisarios y m\u00e9dicos complet\u00f3 el escape del franc\u00e9s de la escena que parec\u00eda m\u00e1s a una pel\u00edcula que a la vida real.<\/p>\n<\/div>\n<div class=\"sc-e7b891c4-0 ifHnQL image-embed\"><img alt=\"El Haas, partido.\" loading=\"lazy\" width=\"720\" height=\"100\" decoding=\"async\" data-nimg=\"1\" src=\"http:\/\/cordobadirecto.com\/wp-content\/uploads\/2025\/09\/fue-victima-del-ultimo-gran-accidente-de-la-formula-1-companero-de-canapino-y-volvera-a-manejar-en-la-categoria-3.jpg\"><span class=\"epigraphe\">El Haas, partido.<\/span><\/div>\n<div class=\"custom-text \" readability=\"36\">\n<p>Tras recuperarse de sus lesiones, Grosjean <strong>se incorpor\u00f3 al Juncos Racing de la IndyCar<\/strong>, categor\u00eda estadounidense en la que fue compa\u00f1ero de equipo de <strong>Agust\u00edn Canapino<\/strong> en el 2024. Tambi\u00e9n particip\u00f3 en pruebas de resistencia y prototipos.<\/p>\n<\/div>\n<div class=\"sc-3c5a76cc-1 idjLTd\" readability=\"6.5\">\n<div class=\"sc-e8b2828-0 fBmEJc\" type=\"embed\">\n<div class=\"sc-e8b2828-1 iPLbWT videoText\" id=\"contentTitleembedy6VbG69W\" type=\"embed\"><svg fill=\"#ffffff\"><symbol id=\"play\" viewBox=\"0 0 512 512\"><path d=\"M512 256C512 397.4 397.4 512 256 512C114.6 512 0 397.4 0 256C0 114.6 114.6 0 256 0C397.4 0 512 114.6 512 256zM176 168V344C176 352.7 180.7 360.7 188.3 364.9C195.8 369.2 205.1 369 212.5 364.5L356.5 276.5C363.6 272.1 368 264.4 368 256C368 247.6 363.6 239.9 356.5 235.5L212.5 147.5C205.1 142.1 195.8 142.8 188.3 147.1C180.7 151.3 176 159.3 176 168V168z\" \/><\/symbol><use xlink:href=\"#play\" \/><\/svg><\/p>\n<div class=\"right\">\n<p>F\u00f3rmula 1<!-- --> &#8211; <span>&nbsp;<\/span><\/p>\n<h2 class=\"title-vid\">\u00a1Susto y fuego en la F1!<\/h2>\n<\/div>\n<\/div>\n<p><span class=\"back\" id=\"spanBackembedy6VbG69W\"><\/span><\/div>\n<div class=\"JWvideoNota_title\" readability=\"8\">\n<p>Romain Grosjean protagoniz\u00f3 un escalofriante accidente en la largada del Gran Premio de Bahr\u00e9in de la M\u00e1xima.<\/p>\n<\/div>\n<\/div>\n<div class=\"custom-text \" readability=\"36\">\n<p>Hoy, Grosjean no participa de ninguna competencia, aunque no descarta volver a competir en la IndyCar. Mientras tanto, manejar\u00e1 y se emocionar\u00e1 de nuevo en la F1.<\/p>\n<\/div>\n<div class=\"sc-a7166897-0 eoLsBE\" readability=\"6.5\">\n<section readability=\"3\"><picture><img alt=\"Como ser de River y jugar en Boca: Max Verstappen manejar\u00e1 una Ferrari en una carrera oficial\" loading=\"lazy\" width=\"290\" height=\"290\" decoding=\"async\" data-nimg=\"1\" src=\"http:\/\/cordobadirecto.com\/wp-content\/uploads\/2025\/09\/fue-victima-del-ultimo-gran-accidente-de-la-formula-1-companero-de-canapino-y-volvera-a-manejar-en-la-categoria-4.jpg\"><\/picture>\n<p><span>Mir\u00e1 tambi\u00e9n<\/span><\/p>\n<hr>\n<h3>Como ser de River y jugar en Boca: Max Verstappen manejar\u00e1 una Ferrari en una carrera oficial<\/h3>\n<\/p>\n<\/section>\n<\/div>\n<div class=\"sc-a7166897-0 eoLsBE\" readability=\"6.5\">\n<section readability=\"3\"><picture><img alt=\"El mensaje de unidad de Alpine con Colapinto como protagonista tras un fin de semana para el olvido\" loading=\"lazy\" width=\"290\" height=\"290\" decoding=\"async\" data-nimg=\"1\" src=\"http:\/\/cordobadirecto.com\/wp-content\/uploads\/2025\/09\/fue-victima-del-ultimo-gran-accidente-de-la-formula-1-companero-de-canapino-y-volvera-a-manejar-en-la-categoria-5.jpg\"><\/picture>\n<p><span>Mir\u00e1 tambi\u00e9n<\/span><\/p>\n<hr>\n<h3>El mensaje de unidad de Alpine con Colapinto como protagonista tras un fin de semana para el olvido<\/h3>\n<\/p>\n<\/section>\n<\/div>\n<div class=\"sc-a7166897-0 eoLsBE\" readability=\"6.5\">\n<section readability=\"3\"><picture><img alt=\"BMW se sumar\u00e1 al Turismo Carretera en 2026, con qu\u00e9 piloto y qu\u00e9 modelo\" loading=\"lazy\" width=\"290\" height=\"290\" decoding=\"async\" data-nimg=\"1\" src=\"http:\/\/cordobadirecto.com\/wp-content\/uploads\/2025\/09\/fue-victima-del-ultimo-gran-accidente-de-la-formula-1-companero-de-canapino-y-volvera-a-manejar-en-la-categoria-6.jpg\"><\/picture>\n<p><span>Mir\u00e1 tambi\u00e9n<\/span><\/p>\n<hr>\n<h3>BMW se sumar\u00e1 al Turismo Carretera en 2026, con qu\u00e9 piloto y qu\u00e9 modelo<\/h3>\n<\/p>\n<\/section>\n<\/div>\n<\/div>\n","protected":false},"excerpt":{"rendered":"<p>25\/09\/2025 17:44hs. El \u00faltimo gran accidente que sacudi\u00f3 a la F\u00f3rmula 1 sucedi\u00f3 en el 2020, en el circuito de Bahrein, cuando Romain Grosjean, en ese momento piloto de Haas, sufri\u00f3 un choque contra la protecci\u00f3n del trazado y su auto, partido, se incendi\u00f3 con \u00e9l dentro. Las partes del monoplaza calcinado se pudieron ver [&hellip;]<\/p>\n","protected":false},"author":1,"featured_media":175923,"comment_status":"closed","ping_status":"closed","sticky":false,"template":"","format":"standard","meta":[],"categories":[21],"tags":[],"_links":{"self":[{"href":"http:\/\/cordobadirecto.com\/index.php\/wp-json\/wp\/v2\/posts\/175922"}],"collection":[{"href":"http:\/\/cordobadirecto.com\/index.php\/wp-json\/wp\/v2\/posts"}],"about":[{"href":"http:\/\/cordobadirecto.com\/index.php\/wp-json\/wp\/v2\/types\/post"}],"author":[{"embeddable":true,"href":"http:\/\/cordobadirecto.com\/index.php\/wp-json\/wp\/v2\/users\/1"}],"replies":[{"embeddable":true,"href":"http:\/\/cordobadirecto.com\/index.php\/wp-json\/wp\/v2\/comments?post=175922"}],"version-history":[{"count":0,"href":"http:\/\/cordobadirecto.com\/index.php\/wp-json\/wp\/v2\/posts\/175922\/revisions"}],"wp:featuredmedia":[{"embeddable":true,"href":"http:\/\/cordobadirecto.com\/index.php\/wp-json\/wp\/v2\/media\/175923"}],"wp:attachment":[{"href":"http:\/\/cordobadirecto.com\/index.php\/wp-json\/wp\/v2\/media?parent=175922"}],"wp:term":[{"taxonomy":"category","embeddable":true,"href":"http:\/\/cordobadirecto.com\/index.php\/wp-json\/wp\/v2\/categories?post=175922"},{"taxonomy":"post_tag","embeddable":true,"href":"http:\/\/cordobadirecto.com\/index.php\/wp-json\/wp\/v2\/tags?post=175922"}],"curies":[{"name":"wp","href":"https:\/\/api.w.org\/{rel}","templated":true}]}}