{"id":17644,"date":"2021-09-08T20:12:28","date_gmt":"2021-09-08T20:12:28","guid":{"rendered":"http:\/\/cordobadirecto.com\/index.php\/2021\/09\/08\/roque-fernandez-sello-una-alianza-con-los-evangelistas-y-vuelve-a-la-politica-perfil\/"},"modified":"2021-09-08T20:12:28","modified_gmt":"2021-09-08T20:12:28","slug":"roque-fernandez-sello-una-alianza-con-los-evangelistas-y-vuelve-a-la-politica-perfil","status":"publish","type":"post","link":"http:\/\/cordobadirecto.com\/index.php\/2021\/09\/08\/roque-fernandez-sello-una-alianza-con-los-evangelistas-y-vuelve-a-la-politica-perfil\/","title":{"rendered":"Roque Fern\u00e1ndez sell\u00f3 una alianza con los evangelistas y vuelve a la pol\u00edtica | Perfil"},"content":{"rendered":"<p>Se presenta como precandidato a senador nacional por la provincia de <b>C\u00f3rdoba<\/b>. \u201cPoco antes de la pandemia, vi que en la Argentina el pensamiento liberal no&nbsp;&#8230; <\/p>\n","protected":false},"excerpt":{"rendered":"<p>Se presenta como precandidato a senador nacional por la provincia de C\u00f3rdoba. \u201cPoco antes de la pandemia, vi que en la Argentina el pensamiento liberal no&nbsp;&#8230;<\/p>\n","protected":false},"author":1,"featured_media":0,"comment_status":"closed","ping_status":"closed","sticky":false,"template":"","format":"standard","meta":[],"categories":[40],"tags":[],"_links":{"self":[{"href":"http:\/\/cordobadirecto.com\/index.php\/wp-json\/wp\/v2\/posts\/17644"}],"collection":[{"href":"http:\/\/cordobadirecto.com\/index.php\/wp-json\/wp\/v2\/posts"}],"about":[{"href":"http:\/\/cordobadirecto.com\/index.php\/wp-json\/wp\/v2\/types\/post"}],"author":[{"embeddable":true,"href":"http:\/\/cordobadirecto.com\/index.php\/wp-json\/wp\/v2\/users\/1"}],"replies":[{"embeddable":true,"href":"http:\/\/cordobadirecto.com\/index.php\/wp-json\/wp\/v2\/comments?post=17644"}],"version-history":[{"count":0,"href":"http:\/\/cordobadirecto.com\/index.php\/wp-json\/wp\/v2\/posts\/17644\/revisions"}],"wp:attachment":[{"href":"http:\/\/cordobadirecto.com\/index.php\/wp-json\/wp\/v2\/media?parent=17644"}],"wp:term":[{"taxonomy":"category","embeddable":true,"href":"http:\/\/cordobadirecto.com\/index.php\/wp-json\/wp\/v2\/categories?post=17644"},{"taxonomy":"post_tag","embeddable":true,"href":"http:\/\/cordobadirecto.com\/index.php\/wp-json\/wp\/v2\/tags?post=17644"}],"curies":[{"name":"wp","href":"https:\/\/api.w.org\/{rel}","templated":true}]}}