{"id":176951,"date":"2025-10-06T23:13:25","date_gmt":"2025-10-06T23:13:25","guid":{"rendered":"https:\/\/puntoapunto.com.ar\/?p=377923"},"modified":"2025-10-06T23:13:25","modified_gmt":"2025-10-06T23:13:25","slug":"causa-cuadernos-cuantos-millones-ofrecio-un-empresario-cordobes-para-no-ir-a-juicio","status":"publish","type":"post","link":"http:\/\/cordobadirecto.com\/index.php\/2025\/10\/06\/causa-cuadernos-cuantos-millones-ofrecio-un-empresario-cordobes-para-no-ir-a-juicio\/","title":{"rendered":"Causa cuadernos: cu\u00e1ntos millones ofreci\u00f3 un empresario cordob\u00e9s para no ir a juicio"},"content":{"rendered":"<div class=\"g g-36\">\n<div class=\"g-dyn a-165 c-1\"><a class=\"gofollow\" data-track=\"MTY1LDM2LDYw\" href=\"https:\/\/azoteaeventos.com.ar\/\" target=\"_blank\" rel=\"noopener\"><img src=\"http:\/\/cordobadirecto.com\/wp-content\/uploads\/2025\/10\/causa-cuadernos-cuantos-millones-ofrecio-un-empresario-cordobes-para-no-ir-a-juicio.jpg\" loading=\"lazy\"><\/a><\/div>\n<\/div>\n<p>&nbsp;\n<\/p>\n<p>Por Redacci\u00f3n Perfil C\u00f3rdoba. El nombre de <strong>Juan Carlos De Goycoechea<\/strong>&nbsp;volvi\u00f3 a escena a casi seis a\u00f1os de haberse transformado en uno de los empresarios arrepentidos m\u00e1s resonantes del caso. Elcordob\u00e9s, exdirectivo de&nbsp;<strong>Isolux Cors\u00e1n<\/strong>, multinacional espa\u00f1ola del sector energ\u00e9tico, ofreci\u00f3 junto a otros imputados&nbsp;<strong>$1.600 millones<\/strong>&nbsp;al&nbsp;<strong>Tribunal Oral Federal N\u00b07<\/strong>&nbsp;para cerrar el proceso penal en su contra. Su confesi\u00f3n de 2018 ante el fiscal&nbsp;<strong>Carlos Stornelli<\/strong>&nbsp;sigue siendo uno de los testimonios m\u00e1s contundentes sobre el&nbsp;<strong>circuito de sobornos en la obra p\u00fablica kirchnerista<\/strong>.\n<\/p>\n<p>\u201cCuando declar\u00e9 que&nbsp;<strong>Baratta<\/strong>&nbsp;me pidi\u00f3 dinero para la \u2018campa\u00f1a electoral\u2019, en realidad lo que reclamaba era una&nbsp;<strong>coima<\/strong>, un \u2018retorno\u2019 o un soborno. Transmit\u00ed ese mensaje a las autoridades espa\u00f1olas de la empresa\u201d, reconoci\u00f3 en su momento el empresario.\n<\/p>\n<p><strong>Imposici\u00f3n del gobierno <\/strong>En su declaraci\u00f3n, De Goycoechea explic\u00f3 que&nbsp;<strong>Isolux nunca tuvo intenci\u00f3n de financiar campa\u00f1as pol\u00edticas<\/strong>, y que los pagos eran una&nbsp;<strong>imposici\u00f3n del Gobierno<\/strong>&nbsp;para no perder contratos. \u201c<strong>Exist\u00eda temor<\/strong>&nbsp;de enemistarse con los funcionarios y que&nbsp;<strong>bloquearan los pagos<\/strong>&nbsp;o rescindieran los convenios. Era sabido el&nbsp;<strong>trato extorsivo<\/strong>&nbsp;hacia las empresas\u201d, asegur\u00f3, seg\u00fan destaca Infobae.<!-- \u00a1O bien no hay banners, estan desactivados o no estan programados para esta ubicaci\u00f3n! -->\n<\/p>\n<p>El exejecutivo record\u00f3 que Baratta \u201c<strong>daba a entender que sin aportes se bloqueaban los certificados de obra<\/strong>\u201d, lo que generaba graves perjuicios para compa\u00f1\u00edas que, como Isolux, ten\u00edan a su cargo proyectos millonarios y&nbsp;<strong>miles de empleados<\/strong>. En su caso, la obra clave era la&nbsp;<strong>Central T\u00e9rmica de R\u00edo Turbio<\/strong>, en Santa Cruz, adjudicada en 2008.<\/p>\n<p><strong>La \u201cvalija de 40 kilos\u201d <\/strong>El chofer&nbsp;<strong>Oscar Centeno<\/strong>&nbsp;apunt\u00f3 directamente contra Isolux en sus cuadernos. El&nbsp;<strong>5 de enero de 2009<\/strong>, anot\u00f3 que traslad\u00f3 a&nbsp;<strong>Baratta<\/strong>&nbsp;a la sede de la empresa, en&nbsp;<strong>Maip\u00fa 741<\/strong>, donde un empleado baj\u00f3 \u201cuna&nbsp;<strong>valija de unos 90 cent\u00edmetros de alto por 40 de ancho<\/strong>, que pesaba unos&nbsp;<strong>40 kilos<\/strong>, con&nbsp;<strong>6 millones de d\u00f3lares<\/strong>\u201d. Seg\u00fan su relato, el dinero fue llevado luego al departamento de Baratta y desde all\u00ed al&nbsp;<strong>Ministerio de Planificaci\u00f3n<\/strong>.\n<\/p>\n<p>El entonces juez&nbsp;<strong>Claudio Bonadio<\/strong>&nbsp;orden\u00f3 la detenci\u00f3n de De Goycoechea, que estuvo dos d\u00edas pr\u00f3fugo antes de entregarse en&nbsp;<strong>Comodoro Py<\/strong>. En 2019 fue&nbsp;<strong>elevado a juicio por un solo hecho de coimas<\/strong>, aunque la acusaci\u00f3n de la fiscal\u00eda sostiene que se trat\u00f3 de un&nbsp;<strong>esquema sistem\u00e1tico<\/strong>&nbsp;entre 2008 y 2015.\n<\/p>\n<p>El fiscal Stornelli imput\u00f3 a la expresidenta&nbsp;<strong>Cristina Fern\u00e1ndez de Kirchner<\/strong>&nbsp;como&nbsp;<strong>coautora<\/strong>&nbsp;de la recepci\u00f3n de una parte de esos fondos. \u201cEncuentro probada la entrega de&nbsp;<strong>300 mil d\u00f3lares<\/strong>&nbsp;de De Goycoechea a Baratta, quien los deriv\u00f3 ese mismo d\u00eda a&nbsp;<strong>Daniel Mu\u00f1oz<\/strong>&nbsp;para su entrega a&nbsp;<strong>CFK<\/strong>\u201d, se\u00f1al\u00f3 en el dictamen.\n<\/p>\n<p>Seg\u00fan la acusaci\u00f3n, al menos&nbsp;<strong>1,5 millones de d\u00f3lares<\/strong>&nbsp;de Isolux habr\u00edan terminado en manos de la exmandataria a trav\u00e9s de esa red.\n<\/p>\n<div class=\"g g-38\">\n<div class=\"g-dyn a-12 c-1\"><a class=\"gofollow\" data-track=\"MTIsMzgsNjA=\" href=\"https:\/\/hospitalprivado.com.ar\/\" target=\"_blank\" rel=\"noopener\"><img src=\"http:\/\/cordobadirecto.com\/wp-content\/uploads\/2025\/10\/causa-cuadernos-cuantos-millones-ofrecio-un-empresario-cordobes-para-no-ir-a-juicio.gif\" loading=\"lazy\"><\/a><\/div>\n<\/div>\n","protected":false},"excerpt":{"rendered":"<p>&nbsp; Por Redacci\u00f3n Perfil C\u00f3rdoba. El nombre de Juan Carlos De Goycoechea&nbsp;volvi\u00f3 a escena a casi seis a\u00f1os de haberse transformado en uno de los empresarios arrepentidos m\u00e1s resonantes del caso. Elcordob\u00e9s, exdirectivo de&nbsp;Isolux Cors\u00e1n, multinacional espa\u00f1ola del sector energ\u00e9tico, ofreci\u00f3 junto a otros imputados&nbsp;$1.600 millones&nbsp;al&nbsp;Tribunal Oral Federal N\u00b07&nbsp;para cerrar el proceso penal en su [&hellip;]<\/p>\n","protected":false},"author":1,"featured_media":176952,"comment_status":"closed","ping_status":"closed","sticky":false,"template":"","format":"standard","meta":[],"categories":[23,25],"tags":[],"_links":{"self":[{"href":"http:\/\/cordobadirecto.com\/index.php\/wp-json\/wp\/v2\/posts\/176951"}],"collection":[{"href":"http:\/\/cordobadirecto.com\/index.php\/wp-json\/wp\/v2\/posts"}],"about":[{"href":"http:\/\/cordobadirecto.com\/index.php\/wp-json\/wp\/v2\/types\/post"}],"author":[{"embeddable":true,"href":"http:\/\/cordobadirecto.com\/index.php\/wp-json\/wp\/v2\/users\/1"}],"replies":[{"embeddable":true,"href":"http:\/\/cordobadirecto.com\/index.php\/wp-json\/wp\/v2\/comments?post=176951"}],"version-history":[{"count":0,"href":"http:\/\/cordobadirecto.com\/index.php\/wp-json\/wp\/v2\/posts\/176951\/revisions"}],"wp:featuredmedia":[{"embeddable":true,"href":"http:\/\/cordobadirecto.com\/index.php\/wp-json\/wp\/v2\/media\/176952"}],"wp:attachment":[{"href":"http:\/\/cordobadirecto.com\/index.php\/wp-json\/wp\/v2\/media?parent=176951"}],"wp:term":[{"taxonomy":"category","embeddable":true,"href":"http:\/\/cordobadirecto.com\/index.php\/wp-json\/wp\/v2\/categories?post=176951"},{"taxonomy":"post_tag","embeddable":true,"href":"http:\/\/cordobadirecto.com\/index.php\/wp-json\/wp\/v2\/tags?post=176951"}],"curies":[{"name":"wp","href":"https:\/\/api.w.org\/{rel}","templated":true}]}}