{"id":177040,"date":"2025-10-06T17:23:36","date_gmt":"2025-10-06T17:23:36","guid":{"rendered":"https:\/\/cordoba.gob.ar\/?p=81861"},"modified":"2025-10-06T17:23:36","modified_gmt":"2025-10-06T17:23:36","slug":"cuatro-clusters-cordobeses-presentaron-proyectos-internacionales-en-la-cordoba-tech-week-2025","status":"publish","type":"post","link":"http:\/\/cordobadirecto.com\/index.php\/2025\/10\/06\/cuatro-clusters-cordobeses-presentaron-proyectos-internacionales-en-la-cordoba-tech-week-2025\/","title":{"rendered":"Cuatro cl\u00fasters cordobeses presentaron proyectos internacionales en la C\u00f3rdoba Tech Week 2025"},"content":{"rendered":"<div><img src=\"http:\/\/cordobadirecto.com\/wp-content\/uploads\/2025\/10\/cuatro-clusters-cordobeses-presentaron-proyectos-internacionales-en-la-cordoba-tech-week-2025.jpg\" class=\"ff-og-image-inserted\"><\/div>\n<ul>\n<li data-prosemirror-content-type=\"node\" data-prosemirror-node-name=\"paragraph\" data-prosemirror-node-block=\"true\"><strong>Seleccionados por la CEPAL, los equipos cordobeses impulsan proyectos que integran innovaci\u00f3n, sostenibilidad y cooperaci\u00f3n internacional.<\/strong><\/li>\n<\/ul>\n<hr>\n<p data-prosemirror-content-type=\"node\" data-prosemirror-node-name=\"paragraph\" data-prosemirror-node-block=\"true\">Cuatro cl\u00fasters de C\u00f3rdoba, tres de ellos fomentados por el Ente Municipal C\u00f3rdoba Acelera, fueron seleccionados por la Comisi\u00f3n Econ\u00f3mica para Am\u00e9rica Latina y el Caribe (CEPAL) para participar del programa Intercl\u00faster y presentaron sus proyectos en la C\u00f3rdoba Tech Week 2025, evento impulsado por el <em data-prosemirror-content-type=\"mark\" data-prosemirror-mark-name=\"em\">C\u00f3rdoba Cl\u00faster<\/em>.<\/p>\n<p data-prosemirror-content-type=\"node\" data-prosemirror-node-name=\"paragraph\" data-prosemirror-node-block=\"true\">En el marco de esta iniciativa, desarrollada junto a la cooperaci\u00f3n alemana (GIZ), los equipos cordobeses exhibieron soluciones innovadoras que integran tecnolog\u00eda, sostenibilidad y econom\u00eda circular, consolidando a la provincia como un referente regional en innovaci\u00f3n y articulaci\u00f3n productiva.<\/p>\n<p data-prosemirror-content-type=\"node\" data-prosemirror-node-name=\"paragraph\" data-prosemirror-node-block=\"true\">De un total de 29 iniciativas seleccionadas en toda Am\u00e9rica Latina, Argentina obtuvo cinco y C\u00f3rdoba fue la provincia con mayor representaci\u00f3n, con cuatro cl\u00fasters elegidos. Tres de ellos forman parte de la Iniciativa Cl\u00fasters del ente municipal C\u00f3rdoba Acelera (Fintech C\u00f3rdoba, C\u00f3rdoba BIM y C\u00f3rdoba Welcome) y el cuarto pertenece a la Agencia Competitividad C\u00f3rdoba.<\/p>\n<p data-prosemirror-content-type=\"node\" data-prosemirror-node-name=\"paragraph\" data-prosemirror-node-block=\"true\">Lanzado en marzo de 2025, el programa de CEPAL tuvo como objetivo fortalecer la cooperaci\u00f3n entre cl\u00fasters de distintos pa\u00edses para impulsar la econom\u00eda del conocimiento, promover la transformaci\u00f3n digital y generar proyectos conjuntos con capacidad de acceder a financiamiento internacional.<\/p>\n<p data-prosemirror-content-type=\"node\" data-prosemirror-node-name=\"paragraph\" data-prosemirror-node-block=\"true\">Entre abril y agosto, los equipos locales participaron en talleres de cocreaci\u00f3n, donde trabajaron en el dise\u00f1o de sus propuestas y en la preparaci\u00f3n de sus representantes para exponerlas ante organismos de financiamiento internacional durante la jornada de cierre.<\/p>\n<p data-prosemirror-content-type=\"node\" data-prosemirror-node-name=\"paragraph\" data-prosemirror-node-block=\"true\">Los proyectos cordobeses abordaron desaf\u00edos estrat\u00e9gicos en sectores clave:<\/p>\n<ul class=\"ak-ul\" data-prosemirror-content-type=\"node\" data-prosemirror-node-name=\"bulletList\" data-prosemirror-node-block=\"true\" readability=\"5\">\n<li data-prosemirror-content-type=\"node\" data-prosemirror-node-name=\"listItem\" data-prosemirror-node-block=\"true\" readability=\"2\">\n<p data-prosemirror-content-type=\"node\" data-prosemirror-node-name=\"paragraph\" data-prosemirror-node-block=\"true\">Cluster Fintech C\u00f3rdoba: desarrollo de una plataforma digital para medir la huella de carbono e h\u00eddrica en empresas agroindustriales, con herramientas financieras para acceder a financiamiento verde.<\/p>\n<\/li>\n<li data-prosemirror-content-type=\"node\" data-prosemirror-node-name=\"listItem\" data-prosemirror-node-block=\"true\" readability=\"3\">\n<p data-prosemirror-content-type=\"node\" data-prosemirror-node-name=\"paragraph\" data-prosemirror-node-block=\"true\">C\u00f3rdoba BIM Cluster: incorporaci\u00f3n de sensores y sistemas de monitoreo en tiempo real integrados al Building Information Modeling (BIM), para optimizar la planificaci\u00f3n de obras, reducir desv\u00edos y mejorar la eficiencia en el uso de recursos.<\/p>\n<\/li>\n<li data-prosemirror-content-type=\"node\" data-prosemirror-node-name=\"listItem\" data-prosemirror-node-block=\"true\" readability=\"2\">\n<p data-prosemirror-content-type=\"node\" data-prosemirror-node-name=\"paragraph\" data-prosemirror-node-block=\"true\">C\u00f3rdoba Welcome y C\u00f3rdoba Cluster: creaci\u00f3n de una Plataforma Tur\u00edstica Inteligente y Adaptativa (PTIA) con m\u00f3dulos de reservas interoperables, experiencias inmersivas con realidad aumentada y observatorios tur\u00edsticos en tiempo real.<\/p>\n<\/li>\n<\/ul>\n<p data-prosemirror-content-type=\"node\" data-prosemirror-node-name=\"paragraph\" data-prosemirror-node-block=\"true\">Con su participaci\u00f3n activa en este programa internacional y su presencia destacada en la C\u00f3rdoba Tech Week 2025, C\u00f3rdoba reafirm\u00f3 su liderazgo como polo regional de innovaci\u00f3n, impulsando proyectos con impacto en competitividad, sostenibilidad e integraci\u00f3n internacional.<\/p>\n<p data-prosemirror-content-type=\"node\" data-prosemirror-node-name=\"paragraph\" data-prosemirror-node-block=\"true\">La pr\u00f3xima etapa del programa apunta a conseguir el financiamiento necesario para poner en marcha estas soluciones y llevar la colaboraci\u00f3n intercl\u00faster del dise\u00f1o a la acci\u00f3n.<\/p>\n","protected":false},"excerpt":{"rendered":"<p>Seleccionados por la CEPAL, los equipos cordobeses impulsan proyectos que integran innovaci\u00f3n, sostenibilidad y cooperaci\u00f3n internacional. Cuatro cl\u00fasters de C\u00f3rdoba, tres de ellos fomentados por el Ente Municipal C\u00f3rdoba Acelera, fueron seleccionados por la Comisi\u00f3n Econ\u00f3mica para Am\u00e9rica Latina y el Caribe (CEPAL) para participar del programa Intercl\u00faster y presentaron sus proyectos en la C\u00f3rdoba [&hellip;]<\/p>\n","protected":false},"author":1,"featured_media":177041,"comment_status":"closed","ping_status":"closed","sticky":false,"template":"","format":"standard","meta":[],"categories":[44],"tags":[],"_links":{"self":[{"href":"http:\/\/cordobadirecto.com\/index.php\/wp-json\/wp\/v2\/posts\/177040"}],"collection":[{"href":"http:\/\/cordobadirecto.com\/index.php\/wp-json\/wp\/v2\/posts"}],"about":[{"href":"http:\/\/cordobadirecto.com\/index.php\/wp-json\/wp\/v2\/types\/post"}],"author":[{"embeddable":true,"href":"http:\/\/cordobadirecto.com\/index.php\/wp-json\/wp\/v2\/users\/1"}],"replies":[{"embeddable":true,"href":"http:\/\/cordobadirecto.com\/index.php\/wp-json\/wp\/v2\/comments?post=177040"}],"version-history":[{"count":0,"href":"http:\/\/cordobadirecto.com\/index.php\/wp-json\/wp\/v2\/posts\/177040\/revisions"}],"wp:featuredmedia":[{"embeddable":true,"href":"http:\/\/cordobadirecto.com\/index.php\/wp-json\/wp\/v2\/media\/177041"}],"wp:attachment":[{"href":"http:\/\/cordobadirecto.com\/index.php\/wp-json\/wp\/v2\/media?parent=177040"}],"wp:term":[{"taxonomy":"category","embeddable":true,"href":"http:\/\/cordobadirecto.com\/index.php\/wp-json\/wp\/v2\/categories?post=177040"},{"taxonomy":"post_tag","embeddable":true,"href":"http:\/\/cordobadirecto.com\/index.php\/wp-json\/wp\/v2\/tags?post=177040"}],"curies":[{"name":"wp","href":"https:\/\/api.w.org\/{rel}","templated":true}]}}