{"id":177115,"date":"2025-10-13T22:30:26","date_gmt":"2025-10-13T22:30:26","guid":{"rendered":"https:\/\/www.ole.com.ar\/autos\/franco-colapinto-circuito-maniobra-ano-2024-fernando-alonso-gran-premio-estados-unidos_0_qnGKuCYkFR.html"},"modified":"2025-10-13T22:30:26","modified_gmt":"2025-10-13T22:30:26","slug":"franco-colapinto-vuelve-al-circuito-en-el-que-hizo-la-mejor-maniobra-del-ano-como-fue-y-quien-la-sufrio","status":"publish","type":"post","link":"http:\/\/cordobadirecto.com\/index.php\/2025\/10\/13\/franco-colapinto-vuelve-al-circuito-en-el-que-hizo-la-mejor-maniobra-del-ano-como-fue-y-quien-la-sufrio\/","title":{"rendered":"Franco Colapinto vuelve al circuito en el que hizo la mejor maniobra del a\u00f1o: c\u00f3mo fue y qui\u00e9n la sufri\u00f3"},"content":{"rendered":"<p><time class=\"createDate\" datetime=\"2025-10-13T19:30:26-03:00\">13\/10\/2025 19:30hs.<\/time><\/p>\n<div id=\"storyBody\">\n<div class=\"custom-text \" readability=\"36.86974789916\">\n<p><strong><a href=\"https:\/\/www.ole.com.ar\/tema\/franco-colapinto.html\" title=\"Franco Colapinto\" alt=\"Franco Colapinto\" class=\"slug\">Franco Colapinto<\/a><\/strong> volver\u00e1 a acelerar este fin de semana por la <strong><a href=\"https:\/\/www.ole.com.ar\/tema\/formula-1.html\" title=\"F\u00f3rmula 1\" alt=\"F\u00f3rmula 1\" class=\"slug\">F\u00f3rmula 1<\/a><\/strong>, y lo har\u00e1 en un circuito m\u00e1s que especial en su corta pero intensa carrera como piloto de la M\u00e1xima:<strong> COTA, en Austin, por el Gran Premio de Estados Unidos<\/strong>. El a\u00f1o pasado compiti\u00f3 en este mismo lugar representando a Williams y vivi\u00f3 una jornada genial, dado que <strong>termin\u00f3 10\u00b0 y realiz\u00f3 una maniobra espectacular<\/strong> sobre un <strong>bicampe\u00f3n del mundo<\/strong> que le vali\u00f3 para ser votada como la mejor del a\u00f1o.<\/p>\n<\/div>\n<div class=\"custom-text \" readability=\"35.112244897959\">\n<p>Se trata del adelantamiento que posicion\u00f3 al pilarense en la zona de puntos, <strong>y quien lo sufri\u00f3 fue nada menos que <a href=\"https:\/\/www.ole.com.ar\/tema\/fernando-alonso.html\" title=\"Fernando Alonso\" alt=\"Fernando Alonso\" class=\"slug\">Fernando Alonso<\/a><\/strong>, piloto de Aston Martin. Tras este, mantuvo la ubicaci\u00f3n hasta el final de la carrera y sum\u00f3 su \u00faltimo punto en la categor\u00eda. Pero&#8230; <strong>\u00bfc\u00f3mo fue la maniobra?<\/strong><\/p>\n<\/div>\n<div class=\"sc-e7b891c4-0 ifHnQL image-embed\"><img alt=\"Colapinto y Alonso, personajes de una maniobra memorable en Austin. (REUTER)\" loading=\"lazy\" width=\"720\" height=\"100\" decoding=\"async\" data-nimg=\"1\" src=\"http:\/\/cordobadirecto.com\/wp-content\/uploads\/2025\/10\/franco-colapinto-vuelve-al-circuito-en-el-que-hizo-la-mejor-maniobra-del-ano-como-fue-y-quien-la-sufrio.jpg\"><span class=\"epigraphe\">Colapinto y Alonso, personajes de una maniobra memorable en Austin. (REUTER)<\/span><\/div>\n<div class=\"custom-text \" readability=\"39.342465753425\">\n<p>Aquella vez, durante el giro 23 de 56, Colapinto se acerc\u00f3 a su rival, aprovech\u00f3 el DRS y <strong>le mostr\u00f3 el auto por afuera para terminar lanz\u00e1ndose por adentro y superarlo<\/strong>. Luego, el asturiano sigui\u00f3 acelerando y trat\u00f3 de recuperar el terreno perdido, pero el actual piloto de <a href=\"https:\/\/www.ole.com.ar\/tema\/alpine.html\" title=\"Alpine\" alt=\"Alpine\" class=\"slug\">Alpine<\/a> se la banc\u00f3 en su FW46 y marc\u00f3 distancia con aire limpio y neum\u00e1ticos duros.<\/p>\n<\/div>\n<div class=\"custom-text \" readability=\"40\">\n<p>De esta manera, <strong>Franco se llev\u00f3 el premio al mejor adelantamiento del mes de octubre<\/strong>, y se meti\u00f3 entre los clasificados para pelear por la maniobra del a\u00f1o al final de temporada, premio que depend\u00eda del voto de los fans. Para cerrar con un broche su a\u00f1o debut, <strong>se qued\u00f3 con ese privilegiado reconocimiento<\/strong>. Este a\u00f1o, el auto es otro pero las ganas son las mismas&#8230; \u00bfvolver\u00e1 a sumar y sorprender\u00e1 con alguna maniobra as\u00ed?<\/p>\n<\/div>\n<p><h3>El video de la maniobra con la que Colapinto super\u00f3 a Alonso<\/h3>\n<\/p>\n<div class=\"sc-3c5a76cc-1 idjLTd\">\n<div class=\"sc-e8b2828-0 fBmEJc\" type=\"embed\">\n<div class=\"sc-e8b2828-1 iPLbWT videoText\" id=\"contentTitleembedoIaIBIEJ\" type=\"embed\"><svg fill=\"#ffffff\"><symbol id=\"play\" viewBox=\"0 0 512 512\"><path d=\"M512 256C512 397.4 397.4 512 256 512C114.6 512 0 397.4 0 256C0 114.6 114.6 0 256 0C397.4 0 512 114.6 512 256zM176 168V344C176 352.7 180.7 360.7 188.3 364.9C195.8 369.2 205.1 369 212.5 364.5L356.5 276.5C363.6 272.1 368 264.4 368 256C368 247.6 363.6 239.9 356.5 235.5L212.5 147.5C205.1 142.1 195.8 142.8 188.3 147.1C180.7 151.3 176 159.3 176 168V168z\" \/><\/symbol><use xlink:href=\"#play\" \/><\/svg><\/p>\n<div class=\"right\">\n<p>Franco Colapinto<!-- --> &#8211; <span>&nbsp;<\/span><\/p>\n<h2 class=\"title-vid\">Colapinto pas\u00f3 a Alonso en Austin<\/h2>\n<\/div>\n<\/div>\n<p><span class=\"back\" id=\"spanBackembedoIaIBIEJ\"><\/span><\/div>\n<div class=\"JWvideoNota_title\">\n<p>Cr\u00e9dito: Disney +<\/p>\n<\/div>\n<\/div>\n<p><h2>\u00bfCu\u00e1ndo corre Franco Colapinto por el Gran Premio de Estados Unidos?<\/h2>\n<\/p>\n<div class=\"custom-text \" readability=\"42\">\n<p>El<strong> Gran Premio de Estados Unidos<\/strong> se disputar\u00e1<strong> del 17 al 19 de octubre<\/strong>, y contar\u00e1 con una<strong> carrera sprint.<\/strong> El viernes, se disputar\u00e1 la \u00fanica pr\u00e1ctica a las 14.30 y luego la qualy de la mini carrera a las 18.30. Luego, el s\u00e1bado, se jugar\u00e1n los primeros puntos en la sprint a las 14, y se definir\u00e1 la largada en la clasificaci\u00f3n a las 18. Por \u00faltimo, <strong>el domingo se correr\u00e1 la carrera, a las 16<\/strong>. Toda la actividad se podr\u00e1 ver a trav\u00e9s de Fox Sports y Disney+ Premium.<\/p>\n<\/div>\n<div class=\"sc-e7b891c4-0 ifHnQL image-embed\"><img alt=\"Franco Colapinto y Pierre Gasly, de Alpine, quieren sumar en COTA. (@AlpineF1Team)\" loading=\"lazy\" width=\"720\" height=\"100\" decoding=\"async\" data-nimg=\"1\" src=\"http:\/\/cordobadirecto.com\/wp-content\/uploads\/2025\/10\/franco-colapinto-vuelve-al-circuito-en-el-que-hizo-la-mejor-maniobra-del-ano-como-fue-y-quien-la-sufrio-1.jpg\"><span class=\"epigraphe\">Franco Colapinto y Pierre Gasly, de Alpine, quieren sumar en COTA. (@AlpineF1Team)<\/span><\/div>\n<div class=\"sc-a7166897-0 eoLsBE\" readability=\"6.5\">\n<section readability=\"3\"><picture><img alt=\"Mattia Colnaghi tuvo su primera experiencia en la F\u00f3rmula 3: &quot;Me gust\u00f3 mucho el coche nuevo&quot;\" loading=\"lazy\" width=\"290\" height=\"290\" decoding=\"async\" data-nimg=\"1\" src=\"http:\/\/cordobadirecto.com\/wp-content\/uploads\/2025\/10\/franco-colapinto-vuelve-al-circuito-en-el-que-hizo-la-mejor-maniobra-del-ano-como-fue-y-quien-la-sufrio-2.jpg\"><\/picture>\n<p><span>Mir\u00e1 tambi\u00e9n<\/span><\/p>\n<hr>\n<h3>Mattia Colnaghi tuvo su primera experiencia en la F\u00f3rmula 3: &#8220;Me gust\u00f3 mucho el coche nuevo&#8221;<\/h3>\n<\/p>\n<\/section>\n<\/div>\n<div class=\"sc-a7166897-0 eoLsBE\" readability=\"6.5\">\n<section readability=\"3\"><picture><img alt=\"Video: Colapinto corri\u00f3 este fin de semana, solo que no Franco sino An\u00edbal\" loading=\"lazy\" width=\"290\" height=\"290\" decoding=\"async\" data-nimg=\"1\" src=\"http:\/\/cordobadirecto.com\/wp-content\/uploads\/2025\/10\/franco-colapinto-vuelve-al-circuito-en-el-que-hizo-la-mejor-maniobra-del-ano-como-fue-y-quien-la-sufrio-3.jpg\"><\/picture>\n<p><span>Mir\u00e1 tambi\u00e9n<\/span><\/p>\n<hr>\n<h3>Video: Colapinto corri\u00f3 este fin de semana, solo que no Franco sino An\u00edbal<\/h3>\n<\/p>\n<\/section>\n<\/div>\n<div class=\"sc-a7166897-0 eoLsBE\" readability=\"6.5\">\n<section readability=\"3\"><picture><img alt=\"La dura confesi\u00f3n de esta estrella de la F\u00f3rmula 1 antes del Gran Premio de Estados Unidos\" loading=\"lazy\" width=\"290\" height=\"290\" decoding=\"async\" data-nimg=\"1\" src=\"http:\/\/cordobadirecto.com\/wp-content\/uploads\/2025\/10\/franco-colapinto-vuelve-al-circuito-en-el-que-hizo-la-mejor-maniobra-del-ano-como-fue-y-quien-la-sufrio-4.jpg\"><\/picture>\n<p><span>Mir\u00e1 tambi\u00e9n<\/span><\/p>\n<hr>\n<h3>La dura confesi\u00f3n de esta estrella de la F\u00f3rmula 1 antes del Gran Premio de Estados Unidos<\/h3>\n<\/p>\n<\/section>\n<\/div>\n<\/div>\n","protected":false},"excerpt":{"rendered":"<p>13\/10\/2025 19:30hs. Franco Colapinto volver\u00e1 a acelerar este fin de semana por la F\u00f3rmula 1, y lo har\u00e1 en un circuito m\u00e1s que especial en su corta pero intensa carrera como piloto de la M\u00e1xima: COTA, en Austin, por el Gran Premio de Estados Unidos. El a\u00f1o pasado compiti\u00f3 en este mismo lugar representando a [&hellip;]<\/p>\n","protected":false},"author":1,"featured_media":177116,"comment_status":"closed","ping_status":"closed","sticky":false,"template":"","format":"standard","meta":[],"categories":[21],"tags":[],"_links":{"self":[{"href":"http:\/\/cordobadirecto.com\/index.php\/wp-json\/wp\/v2\/posts\/177115"}],"collection":[{"href":"http:\/\/cordobadirecto.com\/index.php\/wp-json\/wp\/v2\/posts"}],"about":[{"href":"http:\/\/cordobadirecto.com\/index.php\/wp-json\/wp\/v2\/types\/post"}],"author":[{"embeddable":true,"href":"http:\/\/cordobadirecto.com\/index.php\/wp-json\/wp\/v2\/users\/1"}],"replies":[{"embeddable":true,"href":"http:\/\/cordobadirecto.com\/index.php\/wp-json\/wp\/v2\/comments?post=177115"}],"version-history":[{"count":0,"href":"http:\/\/cordobadirecto.com\/index.php\/wp-json\/wp\/v2\/posts\/177115\/revisions"}],"wp:featuredmedia":[{"embeddable":true,"href":"http:\/\/cordobadirecto.com\/index.php\/wp-json\/wp\/v2\/media\/177116"}],"wp:attachment":[{"href":"http:\/\/cordobadirecto.com\/index.php\/wp-json\/wp\/v2\/media?parent=177115"}],"wp:term":[{"taxonomy":"category","embeddable":true,"href":"http:\/\/cordobadirecto.com\/index.php\/wp-json\/wp\/v2\/categories?post=177115"},{"taxonomy":"post_tag","embeddable":true,"href":"http:\/\/cordobadirecto.com\/index.php\/wp-json\/wp\/v2\/tags?post=177115"}],"curies":[{"name":"wp","href":"https:\/\/api.w.org\/{rel}","templated":true}]}}