{"id":177119,"date":"2025-10-14T11:23:44","date_gmt":"2025-10-14T11:23:44","guid":{"rendered":"https:\/\/puntoapunto.com.ar\/?p=377711"},"modified":"2025-10-14T11:23:44","modified_gmt":"2025-10-14T11:23:44","slug":"propone-a-tus-candidatos-para-el-empresario-del-ano-y-los-mejores-del-2025","status":"publish","type":"post","link":"http:\/\/cordobadirecto.com\/index.php\/2025\/10\/14\/propone-a-tus-candidatos-para-el-empresario-del-ano-y-los-mejores-del-2025\/","title":{"rendered":"Propon\u00e9 a tus candidatos para El Empresario del A\u00f1o y los mejores del 2025"},"content":{"rendered":"<div class=\"g g-36\">\n<div class=\"g-dyn a-165 c-1\"><a class=\"gofollow\" data-track=\"MTY1LDM2LDYw\" href=\"https:\/\/azoteaeventos.com.ar\/\" target=\"_blank\" rel=\"noopener\"><img src=\"http:\/\/cordobadirecto.com\/wp-content\/uploads\/2025\/10\/propone-a-tus-candidatos-para-el-empresario-del-ano-y-los-mejores-del-2025.jpg\" loading=\"lazy\"><\/a><\/div>\n<\/div>\n<p>&nbsp;\n<\/p>\n<p><strong>Arranc\u00f3 oficialmente la edici\u00f3n 2025 del premio Empresario del A\u00f1o,<\/strong> el reconocimiento m\u00e1s tradicional del mundo de los negocios cordob\u00e9s, organizado por Punto a Punto desde 1998. Con m\u00e1s de un cuarto de siglo de historia, este certamen vuelve a convocar a la comunidad empresarial para destacar a quienes marcar\u00e1n el pulso del a\u00f1o que comienza.\n<\/p>\n<p>El Empresario del A\u00f1o es \u00fanico en su tipo en Argentina: no lo define un jurado cerrado, sino los propios protagonistas del ecosistema empresarial. Son los <strong>lectores, ejecutivos, emprendedores, empresarios y referentes del sector quienes postulan y votan a los candidatos en cada edici\u00f3n<\/strong>. El esp\u00edritu se mantiene intacto: que los pares reconozcan a quienes sobresalieron por su liderazgo, visi\u00f3n, innovaci\u00f3n o capacidad de sostener proyectos en medio de contextos complejos.\n<\/p>\n<p><img decoding=\"async\" class=\"aligncenter size-full wp-image-377713\" src=\"http:\/\/cordobadirecto.com\/wp-content\/uploads\/2025\/10\/propone-a-tus-candidatos-para-el-empresario-del-ano-y-los-mejores-del-2025-1.jpg\" alt width=\"2560\" height=\"1707\" srcset=\"http:\/\/cordobadirecto.com\/wp-content\/uploads\/2025\/10\/propone-a-tus-candidatos-para-el-empresario-del-ano-y-los-mejores-del-2025-1.jpg 2560w, http:\/\/cordobadirecto.com\/wp-content\/uploads\/2025\/10\/propone-a-tus-candidatos-para-el-empresario-del-ano-y-los-mejores-del-2025-4.jpg 300w, http:\/\/cordobadirecto.com\/wp-content\/uploads\/2025\/10\/propone-a-tus-candidatos-para-el-empresario-del-ano-y-los-mejores-del-2025-5.jpg 1024w, http:\/\/cordobadirecto.com\/wp-content\/uploads\/2025\/10\/propone-a-tus-candidatos-para-el-empresario-del-ano-y-los-mejores-del-2025-6.jpg 768w, http:\/\/cordobadirecto.com\/wp-content\/uploads\/2025\/10\/propone-a-tus-candidatos-para-el-empresario-del-ano-y-los-mejores-del-2025-7.jpg 1536w, http:\/\/cordobadirecto.com\/wp-content\/uploads\/2025\/10\/propone-a-tus-candidatos-para-el-empresario-del-ano-y-los-mejores-del-2025-8.jpg 2048w, http:\/\/cordobadirecto.com\/wp-content\/uploads\/2025\/10\/propone-a-tus-candidatos-para-el-empresario-del-ano-y-los-mejores-del-2025-9.jpg 750w, http:\/\/cordobadirecto.com\/wp-content\/uploads\/2025\/10\/propone-a-tus-candidatos-para-el-empresario-del-ano-y-los-mejores-del-2025-10.jpg 1140w\" sizes=\"(max-width: 2560px) 100vw, 2560px\" loading=\"lazy\"><!-- \u00a1O bien no hay banners, estan desactivados o no estan programados para esta ubicaci\u00f3n! -->\n<\/p>\n<p>Este 2025, Punto a Punto vuelve a poner la lupa sobre aquellos que apuestan, resisten, crean valor y generan impacto. Se trata no s\u00f3lo de premiar resultados, sino tambi\u00e9n constancia, superaci\u00f3n y compromiso.<\/p>\n<p><strong>En esta primera etapa, los lectores ya pueden enviar sus propuestas de candidatos<\/strong> completando el formulario habilitado <a href=\"https:\/\/docs.google.com\/forms\/d\/e\/1FAIpQLSeJOpuL8EZqcS4CKe3fCxAKL5c8T60bou-Km9xOuHvCjXoX5g\/viewform?usp=header\"><strong>AQU\u00cd<\/strong><\/a>. O enviando un mail a <a href=\"https:\/\/puntoapunto.com.ar\/cdn-cgi\/l\/email-protection\" class=\"__cf_email__\" data-cfemail=\"bdd7d2ced8dfc8cedcd3d4ded5d8fddad0dcd4d193ded2d0\">[email&nbsp;protected]<\/a>\n<\/p>\n<h4><strong>Las ternas para sugerir candidatos son:<\/strong><\/h4>\n<p><strong>-El Empresario del A\u00f1o<\/strong>\n<\/p>\n<p><strong>&nbsp;<\/strong><strong>-La Empresa del A\u00f1o<\/strong>\n<\/p>\n<p><strong>&nbsp;<\/strong><strong>-CEO del A\u00f1o<\/strong>\n<\/p>\n<p><strong>-La Pyme del A\u00f1o<\/strong>\n<\/p>\n<p><strong>-Joven Ejecutivo\/a del A\u00f1o<\/strong>\n<\/p>\n<p><strong>-La Empresa Agroindustrial del A\u00f1o<\/strong>\n<\/p>\n<p><strong>-La Empresa Tecnol\u00f3gica del A\u00f1o<\/strong>\n<\/p>\n<p><strong>-El Entrepreneur del A\u00f1o<\/strong>\n<\/p>\n<p><strong>-La Startup del A\u00f1o<\/strong>\n<\/p>\n<p><strong>-El Emprendimiento del A\u00f1o<\/strong>\n<\/p>\n<p><strong>-CFO del A\u00f1o<\/strong>\n<\/p>\n<p><strong>&nbsp;-La Empresa Exportadora del A\u00f1o<\/strong>\n<\/p>\n<p><strong>&nbsp;<\/strong><strong>-La Empresa Sustentable del A\u00f1o<\/strong>\n<\/p>\n<p><strong>&nbsp;<\/strong><strong>-Gesti\u00f3n del Capital Humano&nbsp;<\/strong>\n<\/p>\n<p><img loading=\"lazy\" decoding=\"async\" class=\"aligncenter size-full wp-image-377816\" src=\"http:\/\/cordobadirecto.com\/wp-content\/uploads\/2025\/10\/propone-a-tus-candidatos-para-el-empresario-del-ano-y-los-mejores-del-2025-2.jpg\" alt width=\"2560\" height=\"1351\" srcset=\"http:\/\/cordobadirecto.com\/wp-content\/uploads\/2025\/10\/propone-a-tus-candidatos-para-el-empresario-del-ano-y-los-mejores-del-2025-2.jpg 2560w, http:\/\/cordobadirecto.com\/wp-content\/uploads\/2025\/10\/propone-a-tus-candidatos-para-el-empresario-del-ano-y-los-mejores-del-2025-11.jpg 300w, http:\/\/cordobadirecto.com\/wp-content\/uploads\/2025\/10\/propone-a-tus-candidatos-para-el-empresario-del-ano-y-los-mejores-del-2025-12.jpg 1024w, http:\/\/cordobadirecto.com\/wp-content\/uploads\/2025\/10\/propone-a-tus-candidatos-para-el-empresario-del-ano-y-los-mejores-del-2025-13.jpg 768w, http:\/\/cordobadirecto.com\/wp-content\/uploads\/2025\/10\/propone-a-tus-candidatos-para-el-empresario-del-ano-y-los-mejores-del-2025-14.jpg 1536w, http:\/\/cordobadirecto.com\/wp-content\/uploads\/2025\/10\/propone-a-tus-candidatos-para-el-empresario-del-ano-y-los-mejores-del-2025-15.jpg 2048w, http:\/\/cordobadirecto.com\/wp-content\/uploads\/2025\/10\/propone-a-tus-candidatos-para-el-empresario-del-ano-y-los-mejores-del-2025-16.jpg 750w, http:\/\/cordobadirecto.com\/wp-content\/uploads\/2025\/10\/propone-a-tus-candidatos-para-el-empresario-del-ano-y-los-mejores-del-2025-17.jpg 1140w\" sizes=\"auto, (max-width: 2560px) 100vw, 2560px\">\n<\/p>\n<p><strong>Ganadores destacados de la edici\u00f3n 2024 <\/strong>La \u00faltima edici\u00f3n tuvo como gran protagonista a <strong>Juan Santiago<\/strong>, CEO de Santex, quien fue elegido <em>Empresario del A\u00f1o<\/em>. Pero no fue el \u00fanico reconocimiento de la noche. Estos fueron todos los premiados 2024:\n<\/p>\n<ul>\n<li><strong>Empresario del A\u00f1o:<\/strong> Juan Santiago (Santex)<\/li>\n<li><strong>Empresa del A\u00f1o:<\/strong> Manfrey<\/li>\n<li><strong>CEO del A\u00f1o:<\/strong> Patricio Pie Mart\u00edn (SOS Red de Asistencia)<\/li>\n<li><strong>Joven Ejecutiva del A\u00f1o:<\/strong> Tania Pav\u00e1n (Pintecord)<\/li>\n<li><strong>Pyme del A\u00f1o:<\/strong> Inforest<\/li>\n<li><strong>Empresa Tecnol\u00f3gica:<\/strong> Kinetic<\/li>\n<li><strong>Entrepreneur del A\u00f1o:<\/strong> Virginia Els (Farfalina)<\/li>\n<\/ul>\n<p><img loading=\"lazy\" decoding=\"async\" class=\"aligncenter size-full wp-image-377714\" src=\"http:\/\/cordobadirecto.com\/wp-content\/uploads\/2025\/10\/propone-a-tus-candidatos-para-el-empresario-del-ano-y-los-mejores-del-2025-3.jpg\" alt width=\"2560\" height=\"1707\" srcset=\"http:\/\/cordobadirecto.com\/wp-content\/uploads\/2025\/10\/propone-a-tus-candidatos-para-el-empresario-del-ano-y-los-mejores-del-2025-3.jpg 2560w, http:\/\/cordobadirecto.com\/wp-content\/uploads\/2025\/10\/propone-a-tus-candidatos-para-el-empresario-del-ano-y-los-mejores-del-2025-18.jpg 300w, http:\/\/cordobadirecto.com\/wp-content\/uploads\/2025\/10\/propone-a-tus-candidatos-para-el-empresario-del-ano-y-los-mejores-del-2025-19.jpg 1024w, http:\/\/cordobadirecto.com\/wp-content\/uploads\/2025\/10\/propone-a-tus-candidatos-para-el-empresario-del-ano-y-los-mejores-del-2025-20.jpg 768w, http:\/\/cordobadirecto.com\/wp-content\/uploads\/2025\/10\/propone-a-tus-candidatos-para-el-empresario-del-ano-y-los-mejores-del-2025-21.jpg 1536w, http:\/\/cordobadirecto.com\/wp-content\/uploads\/2025\/10\/propone-a-tus-candidatos-para-el-empresario-del-ano-y-los-mejores-del-2025-22.jpg 2048w, http:\/\/cordobadirecto.com\/wp-content\/uploads\/2025\/10\/propone-a-tus-candidatos-para-el-empresario-del-ano-y-los-mejores-del-2025-23.jpg 750w, http:\/\/cordobadirecto.com\/wp-content\/uploads\/2025\/10\/propone-a-tus-candidatos-para-el-empresario-del-ano-y-los-mejores-del-2025-24.jpg 1140w\" sizes=\"auto, (max-width: 2560px) 100vw, 2560px\">\n<\/p>\n<ul>\n<li><strong>Startup del A\u00f1o:<\/strong> Dillo<\/li>\n<li><strong>Emprendimiento del A\u00f1o:<\/strong> Greenpark (Grupo Betania)<\/li>\n<li><strong>CFO del A\u00f1o:<\/strong> Jesica Corro (Agis Group)<\/li>\n<li><strong>Empresa Exportadora del A\u00f1o:<\/strong> Pastas Bettini<\/li>\n<li><strong>Empresa Sustentable del A\u00f1o:<\/strong> Punto Lombriz<\/li>\n<li><strong>Empresa de Agroindustria:<\/strong> Alican<\/li>\n<li><strong>Empresa de Gesti\u00f3n de Capital Humano:<\/strong> Helacor<\/li>\n<\/ul>\n<p>Para participar en la votaci\u00f3n y elegir a los ganadores, es necesario&nbsp;<strong>suscribirse gratis en la web de Punto a Punto,<\/strong>&nbsp;lo que se puede hacer f\u00e1cilmente con un clic&nbsp;<a href=\"https:\/\/live11.everlytic.net\/public\/forms\/h\/ffTMqJ2YzGraNtjS\/OTg4OTkyZTVlNDRjZDI1ZjI5NWMyYzgwNGQ4NTdhZDZiZTE2NzYyZA==\"><strong>AQU\u00cd<\/strong>.<\/a>&nbsp;El objetivo del padr\u00f3n es registrar a toda la comunidad de la revista para que puedan ser parte de la elecci\u00f3n del Empresario 2024.&nbsp;<strong>Solo aquellas personas empadronadas podr\u00e1n votar.<\/strong>\n<\/p>\n<div class=\"g g-38\">\n<div class=\"g-dyn a-12 c-1\"><a class=\"gofollow\" data-track=\"MTIsMzgsNjA=\" href=\"https:\/\/hospitalprivado.com.ar\/\" target=\"_blank\" rel=\"noopener\"><img src=\"http:\/\/cordobadirecto.com\/wp-content\/uploads\/2025\/10\/propone-a-tus-candidatos-para-el-empresario-del-ano-y-los-mejores-del-2025.gif\" loading=\"lazy\"><\/a><\/div>\n<\/div>\n","protected":false},"excerpt":{"rendered":"<p>&nbsp; Arranc\u00f3 oficialmente la edici\u00f3n 2025 del premio Empresario del A\u00f1o, el reconocimiento m\u00e1s tradicional del mundo de los negocios cordob\u00e9s, organizado por Punto a Punto desde 1998. Con m\u00e1s de un cuarto de siglo de historia, este certamen vuelve a convocar a la comunidad empresarial para destacar a quienes marcar\u00e1n el pulso del a\u00f1o [&hellip;]<\/p>\n","protected":false},"author":1,"featured_media":177120,"comment_status":"closed","ping_status":"closed","sticky":false,"template":"","format":"standard","meta":[],"categories":[25],"tags":[],"_links":{"self":[{"href":"http:\/\/cordobadirecto.com\/index.php\/wp-json\/wp\/v2\/posts\/177119"}],"collection":[{"href":"http:\/\/cordobadirecto.com\/index.php\/wp-json\/wp\/v2\/posts"}],"about":[{"href":"http:\/\/cordobadirecto.com\/index.php\/wp-json\/wp\/v2\/types\/post"}],"author":[{"embeddable":true,"href":"http:\/\/cordobadirecto.com\/index.php\/wp-json\/wp\/v2\/users\/1"}],"replies":[{"embeddable":true,"href":"http:\/\/cordobadirecto.com\/index.php\/wp-json\/wp\/v2\/comments?post=177119"}],"version-history":[{"count":0,"href":"http:\/\/cordobadirecto.com\/index.php\/wp-json\/wp\/v2\/posts\/177119\/revisions"}],"wp:featuredmedia":[{"embeddable":true,"href":"http:\/\/cordobadirecto.com\/index.php\/wp-json\/wp\/v2\/media\/177120"}],"wp:attachment":[{"href":"http:\/\/cordobadirecto.com\/index.php\/wp-json\/wp\/v2\/media?parent=177119"}],"wp:term":[{"taxonomy":"category","embeddable":true,"href":"http:\/\/cordobadirecto.com\/index.php\/wp-json\/wp\/v2\/categories?post=177119"},{"taxonomy":"post_tag","embeddable":true,"href":"http:\/\/cordobadirecto.com\/index.php\/wp-json\/wp\/v2\/tags?post=177119"}],"curies":[{"name":"wp","href":"https:\/\/api.w.org\/{rel}","templated":true}]}}