{"id":177128,"date":"2025-10-15T05:54:08","date_gmt":"2025-10-15T05:54:08","guid":{"rendered":"https:\/\/puntoapunto.com.ar\/?p=378191"},"modified":"2025-10-15T05:54:08","modified_gmt":"2025-10-15T05:54:08","slug":"edicion-semanal-largamos-con-el-empresario-del-ano-2025","status":"publish","type":"post","link":"http:\/\/cordobadirecto.com\/index.php\/2025\/10\/15\/edicion-semanal-largamos-con-el-empresario-del-ano-2025\/","title":{"rendered":"Edici\u00f3n semanal: largamos con El Empresario del A\u00f1o 2025"},"content":{"rendered":"<div class=\"g g-36\">\n<div class=\"g-dyn a-165 c-1\"><a class=\"gofollow\" data-track=\"MTY1LDM2LDYw\" href=\"https:\/\/azoteaeventos.com.ar\/\" target=\"_blank\" rel=\"noopener\"><img src=\"http:\/\/cordobadirecto.com\/wp-content\/uploads\/2025\/10\/edicion-semanal-largamos-con-el-empresario-del-ano-2025.jpg\" loading=\"lazy\"><\/a><\/div>\n<\/div>\n<p>&nbsp;\n<\/p>\n<p>El <strong>Empresario del A\u00f1o y los mejores del 2025 ya est\u00e1 en marcha<\/strong>. Comienzan a llegar las primeras sugerencias para los candidatos que se destacaron en el a\u00f1o. Detalles del certamen que pone en carrera al empresariado cordob\u00e9s.\n<\/p>\n<p><strong>Le\u00e9 la revista haciendo clic aqu\u00ed \u2b07<\/strong>\n<\/p>\n<p><a href=\"https:\/\/indd.adobe.com\/view\/97332e8e-5231-4de6-a4fc-341a8ab761d5\" target=\"_blank\" rel=\"noopener\"><img decoding=\"async\" class=\"aligncenter wp-image-341569 size-full\" src=\"http:\/\/cordobadirecto.com\/wp-content\/uploads\/2025\/10\/edicion-semanal-largamos-con-el-empresario-del-ano-2025-1.jpg\" alt width=\"300\" height=\"80\" loading=\"lazy\"><\/a><!-- \u00a1O bien no hay banners, estan desactivados o no estan programados para esta ubicaci\u00f3n! -->\n<\/p>\n<div class=\"g g-38\">\n<div class=\"g-dyn a-12 c-1\"><a class=\"gofollow\" data-track=\"MTIsMzgsNjA=\" href=\"https:\/\/hospitalprivado.com.ar\/\" target=\"_blank\" rel=\"noopener\"><img src=\"http:\/\/cordobadirecto.com\/wp-content\/uploads\/2025\/10\/edicion-semanal-largamos-con-el-empresario-del-ano-2025.gif\" loading=\"lazy\"><\/a><\/div>\n<\/div>\n","protected":false},"excerpt":{"rendered":"<p>&nbsp; El Empresario del A\u00f1o y los mejores del 2025 ya est\u00e1 en marcha. Comienzan a llegar las primeras sugerencias para los candidatos que se destacaron en el a\u00f1o. Detalles del certamen que pone en carrera al empresariado cordob\u00e9s. Le\u00e9 la revista haciendo clic aqu\u00ed \u2b07<\/p>\n","protected":false},"author":1,"featured_media":177129,"comment_status":"closed","ping_status":"closed","sticky":false,"template":"","format":"standard","meta":[],"categories":[25],"tags":[],"_links":{"self":[{"href":"http:\/\/cordobadirecto.com\/index.php\/wp-json\/wp\/v2\/posts\/177128"}],"collection":[{"href":"http:\/\/cordobadirecto.com\/index.php\/wp-json\/wp\/v2\/posts"}],"about":[{"href":"http:\/\/cordobadirecto.com\/index.php\/wp-json\/wp\/v2\/types\/post"}],"author":[{"embeddable":true,"href":"http:\/\/cordobadirecto.com\/index.php\/wp-json\/wp\/v2\/users\/1"}],"replies":[{"embeddable":true,"href":"http:\/\/cordobadirecto.com\/index.php\/wp-json\/wp\/v2\/comments?post=177128"}],"version-history":[{"count":0,"href":"http:\/\/cordobadirecto.com\/index.php\/wp-json\/wp\/v2\/posts\/177128\/revisions"}],"wp:featuredmedia":[{"embeddable":true,"href":"http:\/\/cordobadirecto.com\/index.php\/wp-json\/wp\/v2\/media\/177129"}],"wp:attachment":[{"href":"http:\/\/cordobadirecto.com\/index.php\/wp-json\/wp\/v2\/media?parent=177128"}],"wp:term":[{"taxonomy":"category","embeddable":true,"href":"http:\/\/cordobadirecto.com\/index.php\/wp-json\/wp\/v2\/categories?post=177128"},{"taxonomy":"post_tag","embeddable":true,"href":"http:\/\/cordobadirecto.com\/index.php\/wp-json\/wp\/v2\/tags?post=177128"}],"curies":[{"name":"wp","href":"https:\/\/api.w.org\/{rel}","templated":true}]}}