{"id":177204,"date":"2025-10-14T22:26:39","date_gmt":"2025-10-14T22:26:39","guid":{"rendered":"https:\/\/www.ole.com.ar\/autos\/williams-recuerdo-publicacion-franco-colapinto-previa-gp-estados-unidos-cota-austin_0_PCK2HDkvyV.html"},"modified":"2025-10-14T22:26:39","modified_gmt":"2025-10-14T22:26:39","slug":"williams-no-se-olvida-de-franco-colapinto-y-lo-recordo-de-cara-al-gp-de-estados-unidos","status":"publish","type":"post","link":"http:\/\/cordobadirecto.com\/index.php\/2025\/10\/14\/williams-no-se-olvida-de-franco-colapinto-y-lo-recordo-de-cara-al-gp-de-estados-unidos\/","title":{"rendered":"Williams no se olvida de Franco Colapinto y lo record\u00f3 de cara al GP de Estados Unidos"},"content":{"rendered":"<p><time class=\"createDate\" datetime=\"2025-10-14T19:26:39-03:00\">14\/10\/2025 19:26hs.<\/time><\/p>\n<div id=\"storyBody\">\n<div class=\"custom-text \" readability=\"37.746835443038\">\n<p><strong><a href=\"https:\/\/www.ole.com.ar\/tema\/franco-colapinto.html\" title=\"Franco Colapinto\" alt=\"Franco Colapinto\" class=\"slug\">Franco Colapinto<\/a><\/strong> volver\u00e1 este fin de semana a uno de los circuitos en los que m\u00e1s se destac\u00f3 desde que est\u00e1 en la<strong><a href=\"https:\/\/www.ole.com.ar\/tema\/formula-1.html\" title=\"F\u00f3rmula 1\" alt=\"F\u00f3rmula 1\" class=\"slug\"> F\u00f3rmula 1<\/a><\/strong>:<strong> COTA, en Austin, por el Gran Premio de Estados Unidos<\/strong>. All\u00ed, como novato en <strong><a href=\"https:\/\/www.ole.com.ar\/tema\/williams.html\" title=\"Williams\" alt=\"Williams\" class=\"slug\">Williams<\/a><\/strong>, <strong>finaliz\u00f3 10\u00b0<\/strong> y mostr\u00f3 un gran nivel al volante, por lo que este a\u00f1o, a pesar de que representar\u00e1 a <a href=\"https:\/\/www.ole.com.ar\/tema\/alpine.html\" title=\"Alpine\" alt=\"Alpine\" class=\"slug\">Alpine<\/a>, <strong>la escuder\u00eda brit\u00e1nica lo reconoci\u00f3 con un posteo en sus redes.<\/strong><\/p>\n<\/div>\n<div class=\"custom-text \" readability=\"32.880319148936\">\n<p>A pocos d\u00edas del arranque de la actividad en el circuito estadounidense, que recibir\u00e1 a la M\u00e1xima del viernes 17 al domingo 19, <strong>el ex equipo del pilarense hizo una publicaci\u00f3n recordando aquella jornada,<\/strong> en la que sum\u00f3 un punto y <a href=\"https:\/\/www.ole.com.ar\/autos\/franco-colapinto-circuito-maniobra-ano-2024-fernando-alonso-gran-premio-estados-unidos_0_qnGKuCYkFR.html\" target=\"_self\" title=\"realiz\u00f3 una espectacular maniobra frente a Fernando Alonso\" alt=\"realiz\u00f3 una espectacular maniobra frente a Fernando Alonso\" rel=\"noopener\">realiz\u00f3 una espectacular maniobra frente a Fernando Alonso<\/a>, de Aston Martin. <strong>Se ve que Franco todav\u00eda le toca alguna fibra al T\u00edo James&#8230;<\/strong><\/p>\n<\/div>\n<div class=\"sc-e7b891c4-0 ifHnQL image-embed\"><img alt=\"El FW46 de Colapinto rodando en COTA el a\u00f1o pasado. \" loading=\"lazy\" width=\"720\" height=\"100\" decoding=\"async\" data-nimg=\"1\" src=\"http:\/\/cordobadirecto.com\/wp-content\/uploads\/2025\/10\/williams-no-se-olvida-de-franco-colapinto-y-lo-recordo-de-cara-al-gp-de-estados-unidos.jpg\"><span class=\"epigraphe\">El FW46 de Colapinto rodando en COTA el a\u00f1o pasado. <\/span><\/div>\n<p><h2>El posteo de Williams recordando la carrera de Colapinto en 2024<\/h2>\n<\/p>\n<div class=\"custom-text \" readability=\"40\">\n<p>Williams recurri\u00f3 al archivo y, en su cuenta de X, subi\u00f3 un video que les trajo buenos recuerdos a los argentinos. En \u00e9l, el piloto de 22 a\u00f1os <strong>se grababa desde el pitwall<\/strong>, la pared que separa los boxes del trazado, y del otro lado se ve\u00eda una <strong>marea de hinchas <\/strong>con ropa azul y banderas albicelestes alent\u00e1ndolo. <\/p>\n<\/div>\n<div class=\"custom-text \" readability=\"27.253012048193\">\n<p>Al margen, en los \u00faltimos d\u00edas el equipo comparti\u00f3 im\u00e1genes del GP anterior y <strong>no faltaron las del FW46 con el #43 en su trompa. <\/strong>No es la primera vez que los brit\u00e1nicos recuerdan a Franco, y fue el propio James Vowles, su jefe, <a href=\"https:\/\/www.ole.com.ar\/autos\/gesto-james-vowles-jefe-williams-franco-colapinto-monza_0_LUQ9bkG4VF.html\" target=\"_self\" title=\"quien hizo un posteo de cara al GP de Italia en el que celebr\u00f3 el debut de su pollo.\" alt=\"quien hizo un posteo de cara al GP de Italia en el que celebr\u00f3 el debut de su pollo.\" rel=\"noopener\">quien hizo un posteo de cara al GP de Italia en el que celebr\u00f3 el debut de su pollo el a\u00f1o pasado.<\/a><\/p>\n<\/div>\n<p><h2>\u00bfC\u00f3mo fue la carrera de Colapinto con Williams en Austin el a\u00f1o pasado?<\/h2>\n<\/p>\n<div class=\"custom-text \" readability=\"40\">\n<p>En la temporada de 2024,<strong> Colapinto <\/strong>debut\u00f3 en Italia y mostr\u00f3 un tremendo nivel de manejo adelantando seis lugares desde la salida, en la segunda larg\u00f3 8\u00b0 y se mantuvo para puntuar por primera vez en su carrera y luego, tras no sumar en Singapur, <strong>volvi\u00f3 a los puntos en Austin: sali\u00f3 desde el 16\u00b0 lugar y termin\u00f3 10\u00b0<\/strong>, siendo esta la \u00faltima vez que qued\u00f3 en zona de puntos en la categor\u00eda.<\/p>\n<\/div>\n<div class=\"custom-text \" readability=\"39\">\n<p>Este finde volver\u00e1 a<strong> COTA<\/strong> y tratar\u00e1 de replicar lo hecho en aquella ocasi\u00f3n. El <strong>viernes<\/strong> se disputar\u00e1 la \u00fanica pr\u00e1ctica a las 14.30 y luego la qualy de la sprint a las 18.30. Luego, el<strong> s\u00e1bado<\/strong>, se jugar\u00e1n los primeros puntos en la carrera corta las 14, y se definir\u00e1 la largada en la clasificaci\u00f3n a las 18. Por \u00faltimo, <strong>el domingo a las 16 ser\u00e1 la carrera<\/strong>. Todo ir\u00e1 por Fox Sports y Disney+ Premium.<\/p>\n<\/div>\n<div class=\"sc-e7b891c4-0 ifHnQL image-embed\"><img alt=\"Este a\u00f1o, Colapinto correr\u00e1 junto a Gasly a bordo del A525 de Alpine.\" loading=\"lazy\" width=\"720\" height=\"100\" decoding=\"async\" data-nimg=\"1\" src=\"http:\/\/cordobadirecto.com\/wp-content\/uploads\/2025\/10\/williams-no-se-olvida-de-franco-colapinto-y-lo-recordo-de-cara-al-gp-de-estados-unidos-1.jpg\"><span class=\"epigraphe\">Este a\u00f1o, Colapinto correr\u00e1 junto a Gasly a bordo del A525 de Alpine.<\/span><\/div>\n<div class=\"custom-text \" readability=\"38\">\n<p>Antes de la carrera de este finde, el pilarense cont\u00f3 sus expectativas: &#8220;<strong>No hemos tenido las \u00faltimas carreras m\u00e1s f\u00e1ciles<\/strong>, pero como equipo, nos mantenemos concentrados en aprender todo lo posible cada vez que salimos a la pista. <strong>Conf\u00edo en que se avecinan carreras en las que nos ir\u00e1 mejor <\/strong>y haremos todo lo posible para estar en la contienda y tratar de <strong>sumar puntos de aqu\u00ed a fin de a\u00f1o<\/strong>&#8220;.<\/p>\n<\/div>\n<div class=\"sc-a7166897-0 eoLsBE\" readability=\"7.5\">\n<section readability=\"5\"><picture><img alt=\"El p\u00e1lpito de Pierre Gasly, compa\u00f1ero de Colapinto, para las \u00faltimas carreras de la F\u00f3rmula 1\" loading=\"lazy\" width=\"290\" height=\"290\" decoding=\"async\" data-nimg=\"1\" src=\"http:\/\/cordobadirecto.com\/wp-content\/uploads\/2025\/10\/williams-no-se-olvida-de-franco-colapinto-y-lo-recordo-de-cara-al-gp-de-estados-unidos-2.jpg\"><\/picture>\n<p><span>Mir\u00e1 tambi\u00e9n<\/span><\/p>\n<hr>\n<h3>El p\u00e1lpito de Pierre Gasly, compa\u00f1ero de Colapinto, para las \u00faltimas carreras de la F\u00f3rmula 1<\/h3>\n<\/p>\n<\/section>\n<\/div>\n<div class=\"sc-a7166897-0 eoLsBE\" readability=\"6.5\">\n<section readability=\"3\"><picture><img alt=\"El optimismo de Franco Colapinto de cara al GP de Austin y lo que resta de la F\u00f3rmula 1 con Alpine\" loading=\"lazy\" width=\"290\" height=\"290\" decoding=\"async\" data-nimg=\"1\" src=\"http:\/\/cordobadirecto.com\/wp-content\/uploads\/2025\/10\/williams-no-se-olvida-de-franco-colapinto-y-lo-recordo-de-cara-al-gp-de-estados-unidos-3.jpg\"><\/picture>\n<p><span>Mir\u00e1 tambi\u00e9n<\/span><\/p>\n<hr>\n<h3>El optimismo de Franco Colapinto de cara al GP de Austin y lo que resta de la F\u00f3rmula 1 con Alpine<\/h3>\n<\/p>\n<\/section>\n<\/div>\n<div class=\"sc-a7166897-0 eoLsBE\" readability=\"6\">\n<section readability=\"2\"><picture><img alt=\"Video: el equipo de F\u00f3rmula 1 que presentar\u00e1 un nuevo dise\u00f1o en el GP de Austin\" loading=\"lazy\" width=\"290\" height=\"290\" decoding=\"async\" data-nimg=\"1\" src=\"http:\/\/cordobadirecto.com\/wp-content\/uploads\/2025\/10\/williams-no-se-olvida-de-franco-colapinto-y-lo-recordo-de-cara-al-gp-de-estados-unidos-4.jpg\"><\/picture>\n<p><span>Mir\u00e1 tambi\u00e9n<\/span><\/p>\n<hr>\n<h3>Video: el equipo de F\u00f3rmula 1 que presentar\u00e1 un nuevo dise\u00f1o en el GP de Austin<\/h3>\n<\/p>\n<\/section>\n<\/div>\n<\/div>\n","protected":false},"excerpt":{"rendered":"<p>14\/10\/2025 19:26hs. Franco Colapinto volver\u00e1 este fin de semana a uno de los circuitos en los que m\u00e1s se destac\u00f3 desde que est\u00e1 en la F\u00f3rmula 1: COTA, en Austin, por el Gran Premio de Estados Unidos. All\u00ed, como novato en Williams, finaliz\u00f3 10\u00b0 y mostr\u00f3 un gran nivel al volante, por lo que este [&hellip;]<\/p>\n","protected":false},"author":1,"featured_media":177205,"comment_status":"closed","ping_status":"closed","sticky":false,"template":"","format":"standard","meta":[],"categories":[21],"tags":[],"_links":{"self":[{"href":"http:\/\/cordobadirecto.com\/index.php\/wp-json\/wp\/v2\/posts\/177204"}],"collection":[{"href":"http:\/\/cordobadirecto.com\/index.php\/wp-json\/wp\/v2\/posts"}],"about":[{"href":"http:\/\/cordobadirecto.com\/index.php\/wp-json\/wp\/v2\/types\/post"}],"author":[{"embeddable":true,"href":"http:\/\/cordobadirecto.com\/index.php\/wp-json\/wp\/v2\/users\/1"}],"replies":[{"embeddable":true,"href":"http:\/\/cordobadirecto.com\/index.php\/wp-json\/wp\/v2\/comments?post=177204"}],"version-history":[{"count":0,"href":"http:\/\/cordobadirecto.com\/index.php\/wp-json\/wp\/v2\/posts\/177204\/revisions"}],"wp:featuredmedia":[{"embeddable":true,"href":"http:\/\/cordobadirecto.com\/index.php\/wp-json\/wp\/v2\/media\/177205"}],"wp:attachment":[{"href":"http:\/\/cordobadirecto.com\/index.php\/wp-json\/wp\/v2\/media?parent=177204"}],"wp:term":[{"taxonomy":"category","embeddable":true,"href":"http:\/\/cordobadirecto.com\/index.php\/wp-json\/wp\/v2\/categories?post=177204"},{"taxonomy":"post_tag","embeddable":true,"href":"http:\/\/cordobadirecto.com\/index.php\/wp-json\/wp\/v2\/tags?post=177204"}],"curies":[{"name":"wp","href":"https:\/\/api.w.org\/{rel}","templated":true}]}}