{"id":177206,"date":"2025-10-14T22:06:21","date_gmt":"2025-10-14T22:06:21","guid":{"rendered":"https:\/\/www.ole.com.ar\/autos\/retorno-autodromo-balcarce-actc-circuito-tc-pick-up_0_9mc9IyrdQf.html"},"modified":"2025-10-14T22:06:21","modified_gmt":"2025-10-14T22:06:21","slug":"el-retorno-a-balcarce-esta-un-pasito-mas-cerca-la-actc-probara-el-circuito-con-las-tc-pick-up","status":"publish","type":"post","link":"http:\/\/cordobadirecto.com\/index.php\/2025\/10\/14\/el-retorno-a-balcarce-esta-un-pasito-mas-cerca-la-actc-probara-el-circuito-con-las-tc-pick-up\/","title":{"rendered":"El retorno a Balcarce est\u00e1 un pasito m\u00e1s cerca: la ACTC probar\u00e1 el circuito con las TC Pick Up"},"content":{"rendered":"<p><span class=\"createDate\">14\/10\/2025 19:06hs.<\/span><time class=\"modificatedDate\" datetime=\"2025-10-14T19:12:38-03:00\"> Actualizado al 14\/10\/2025 19:12hs.<\/time><\/p>\n<div id=\"storyBody\">\n<div class=\"custom-text \" readability=\"40.514469453376\">\n<p>Al hablar de aut\u00f3dromos tradicionales, los fierreros suelen coincidir en cu\u00e1les son los m\u00e1s especiales: el G\u00e1lvez, el \u00d3valo de Rafaela, el Mouras y, sin lugar a dudas, <strong>El Zonda y Balcarce<\/strong>. Partiendo por ah\u00ed, se puede decir que octubre est\u00e1 siendo un mes positivo: <a href=\"https:\/\/www.ole.com.ar\/autos\/gabriel-ponce-leon-gano-final-tc2000-zonda-matias-rossi_0_QG4zQgn2vL.html\" target=\"_self\" title=\"el trazado sanjuanino se reinaugur\u00f3 y tuvo acci\u00f3n del TC2000\" alt=\"el trazado sanjuanino se reinaugur\u00f3 y tuvo acci\u00f3n del TC2000\" rel=\"noopener\">el trazado sanjuanino se reinaugur\u00f3 y tuvo acci\u00f3n del TC2000<\/a>, en tanto que el balcarce\u00f1o est\u00e1 cada vez m\u00e1s cerca de volver a recibir actividad: <strong>las TC Pick Up lo visitar\u00e1n este fin de semana<\/strong>, girar\u00e1n y comprobar\u00e1n c\u00f3mo est\u00e1n las obras iniciadas en 2023. La esperanza, claro est\u00e1, es que se corra nuevamente y <strong>no se descarta que sea en 2026.<\/strong><\/p>\n<\/div>\n<div class=\"custom-text \" readability=\"38.407494145199\">\n<p>En su sitio web, la ACTC inform\u00f3 que el s\u00e1bado 18 de octubre habr\u00e1<strong> cuatro camionetas<\/strong> en el Aut\u00f3dromo Juan Manuel Fangio y que los encargados de conducirlas ser\u00e1n <strong>Germ\u00e1n Todino<\/strong>, <strong>Tom\u00e1s Abdala<\/strong>, <strong>Santiago Mangoni<\/strong> y un hist\u00f3rico del <a href=\"https:\/\/www.ole.com.ar\/tema\/turismo-carretera.html\" title=\"Turismo Carretera\" alt=\"Turismo Carretera\" class=\"slug\">Turismo Carretera<\/a> como <strong>Christian Ledesma<\/strong>. El presidente de la asociaci\u00f3n, Hugo Mazzacane, estar\u00e1 presente junto a miembros de la Comisi\u00f3n Directiva y autoridades municipales y provinciales.<\/p>\n<\/div>\n<div class=\"sc-e7b891c4-0 ifHnQL image-embed\"><img alt=\"El Aut\u00f3dromo Juan Manuel Fangio de Balcarce en tiempos pasados. (Prensa ACTC)\" loading=\"lazy\" width=\"720\" height=\"100\" decoding=\"async\" data-nimg=\"1\" src=\"http:\/\/cordobadirecto.com\/wp-content\/uploads\/2025\/10\/el-retorno-a-balcarce-esta-un-pasito-mas-cerca-la-actc-probara-el-circuito-con-las-tc-pick-up.jpg\"><span class=\"epigraphe\">El Aut\u00f3dromo Juan Manuel Fangio de Balcarce en tiempos pasados. (Prensa ACTC)<\/span><\/div>\n<p><h3>Qu\u00e9 har\u00e1n las TC Pick Up en Balcarce y cu\u00e1l es la fecha tentativa para una carrera<\/h3>\n<\/p>\n<div class=\"custom-text \" readability=\"41\">\n<p>Seg\u00fan le explicaron a este diario, estas pruebas servir\u00e1n para <strong>definir los l\u00edmites, marcar los pianos, entre otras cuestiones t\u00e9cnicas<\/strong>. Dado que la intenci\u00f3n de la categor\u00eda es salir de La Plata con mayor regularidad, y ya se habla de una competici\u00f3n en Rosario el a\u00f1o siguiente, se empez\u00f3 a tantear el estado de Balcarce; en caso de que el aut\u00f3dromo est\u00e9 en condiciones,<strong> se ve con buenos ojos que tenga una fecha en 2026.<\/strong><\/p>\n<\/div>\n<div class=\"custom-text \" readability=\"35\">\n<p>\u00bf<strong>Y para el TC<\/strong>, que no compite en este trazado desde el accidente fatal de Guido Falaschi en 2011? Aunque es la gran ilusi\u00f3n, <strong>todav\u00eda es una posibilidad lejana.<\/strong><\/p>\n<\/div>\n<p><h3>Ya se gir\u00f3 en un Balcarce remodelado y hubo feedback<\/h3>\n<\/p>\n<div class=\"custom-text \" readability=\"37\">\n<p>Seguro que Ledesma y compa\u00f1\u00eda dar\u00e1n su parecer acerca del circuito balcarce\u00f1o, pero antes de que eso suceda, hay una opini\u00f3n de la que ampararse: hace menos de un mes, <strong>Juan Tom\u00e1s Catal\u00e1n Magni gir\u00f3 con un Ford Mustang de nueva generaci\u00f3n<\/strong> y le transmiti\u00f3 sus sensaciones a Carburando.<\/p>\n<\/div>\n<div class=\"sc-3c5a76cc-1 idjLTd\" readability=\"6\">\n<div class=\"sc-e8b2828-0 fBmEJc\" type=\"embed\">\n<div class=\"sc-e8b2828-1 iPLbWT videoText\" id=\"contentTitleembedbralpvHA\" type=\"embed\"><svg fill=\"#ffffff\"><symbol id=\"play\" viewBox=\"0 0 512 512\"><path d=\"M512 256C512 397.4 397.4 512 256 512C114.6 512 0 397.4 0 256C0 114.6 114.6 0 256 0C397.4 0 512 114.6 512 256zM176 168V344C176 352.7 180.7 360.7 188.3 364.9C195.8 369.2 205.1 369 212.5 364.5L356.5 276.5C363.6 272.1 368 264.4 368 256C368 247.6 363.6 239.9 356.5 235.5L212.5 147.5C205.1 142.1 195.8 142.8 188.3 147.1C180.7 151.3 176 159.3 176 168V168z\" \/><\/symbol><use xlink:href=\"#play\" \/><\/svg><\/p>\n<div class=\"right\">\n<p>Aut\u00f3dromo<!-- --> &#8211; <span>&nbsp;<\/span><\/p>\n<h2 class=\"title-vid\">As\u00ed giraba Catal\u00e1n Magni en un Aut\u00f3dromo de Balcarce renovado<\/h2>\n<\/div>\n<\/div>\n<p><span class=\"back\" id=\"spanBackembedbralpvHA\"><\/span><\/div>\n<div class=\"JWvideoNota_title\" readability=\"7\">\n<p>Cr\u00e9dito: @autocluboficial2025<\/p>\n<\/div>\n<\/div>\n<div class=\"custom-text \" readability=\"44\">\n<p>&#8220;Le falta bastante, es la realidad, <strong>pero el 80% de la pista est\u00e1 en obra.<\/strong> Se mejor\u00f3 much\u00edsimo las v\u00edas de escape, el asfalto, los guardarrail, hay lugares donde se hicieron trazados diferentes para evolucionar en seguridad, que es donde m\u00e1s se hizo hincapi\u00e9. Obviamente que todav\u00eda tienen mucho por hacer, pero est\u00e1n en proceso y <strong>entiendo que va a quedar muy bien porque todo lo que se est\u00e1 haciendo es para que vuelva el automovilismo nacional<\/strong> y hasta ahora viene quedando muy bien&#8221;, coment\u00f3 el piloto de 26 a\u00f1os, de familia fierrera.<\/p>\n<\/div>\n<div class=\"sc-a7166897-0 eoLsBE\" readability=\"6.5\">\n<section readability=\"3\"><picture><img alt=\"El optimismo de Franco Colapinto de cara al GP de Austin y lo que resta de la F\u00f3rmula 1 con Alpine\" loading=\"lazy\" width=\"290\" height=\"290\" decoding=\"async\" data-nimg=\"1\" src=\"http:\/\/cordobadirecto.com\/wp-content\/uploads\/2025\/10\/el-retorno-a-balcarce-esta-un-pasito-mas-cerca-la-actc-probara-el-circuito-con-las-tc-pick-up-1.jpg\"><\/picture>\n<p><span>Mir\u00e1 tambi\u00e9n<\/span><\/p>\n<hr>\n<h3>El optimismo de Franco Colapinto de cara al GP de Austin y lo que resta de la F\u00f3rmula 1 con Alpine<\/h3>\n<\/p>\n<\/section>\n<\/div>\n<div class=\"sc-a7166897-0 eoLsBE\" readability=\"6.5\">\n<section readability=\"3\"><picture><img alt=\"El calendario de Franco Colapinto en 2025: cu\u00e1ndo y d\u00f3nde correr\u00e1 las seis fechas pendientes de la F\u00f3rmula 1\" loading=\"lazy\" width=\"290\" height=\"290\" decoding=\"async\" data-nimg=\"1\" src=\"http:\/\/cordobadirecto.com\/wp-content\/uploads\/2025\/10\/el-retorno-a-balcarce-esta-un-pasito-mas-cerca-la-actc-probara-el-circuito-con-las-tc-pick-up-2.jpg\"><\/picture>\n<p><span>Mir\u00e1 tambi\u00e9n<\/span><\/p>\n<hr>\n<h3>El calendario de Franco Colapinto en 2025: cu\u00e1ndo y d\u00f3nde correr\u00e1 las seis fechas pendientes de la F\u00f3rmula 1<\/h3>\n<\/p>\n<\/section>\n<\/div>\n<div class=\"sc-a7166897-0 eoLsBE\" readability=\"6.5\">\n<section readability=\"3\"><picture><img alt=\"Franco Colapinto vuelve al circuito en el que hizo la mejor maniobra del a\u00f1o: c\u00f3mo fue y qui\u00e9n la sufri\u00f3\" loading=\"lazy\" width=\"290\" height=\"290\" decoding=\"async\" data-nimg=\"1\" src=\"http:\/\/cordobadirecto.com\/wp-content\/uploads\/2025\/10\/el-retorno-a-balcarce-esta-un-pasito-mas-cerca-la-actc-probara-el-circuito-con-las-tc-pick-up-3.jpg\"><\/picture>\n<p><span>Mir\u00e1 tambi\u00e9n<\/span><\/p>\n<hr>\n<h3>Franco Colapinto vuelve al circuito en el que hizo la mejor maniobra del a\u00f1o: c\u00f3mo fue y qui\u00e9n la sufri\u00f3<\/h3>\n<\/p>\n<\/section>\n<\/div>\n<div class=\"sc-a7166897-0 eoLsBE\" readability=\"6.5\">\n<section readability=\"3\"><picture><img alt=\"La Copa Mundial de automovilismo que contar\u00e1 con dos argentinos: qu\u00e9 es y d\u00f3nde se correr\u00e1\" loading=\"lazy\" width=\"290\" height=\"290\" decoding=\"async\" data-nimg=\"1\" src=\"http:\/\/cordobadirecto.com\/wp-content\/uploads\/2025\/10\/el-retorno-a-balcarce-esta-un-pasito-mas-cerca-la-actc-probara-el-circuito-con-las-tc-pick-up-4.jpg\"><\/picture>\n<p><span>Mir\u00e1 tambi\u00e9n<\/span><\/p>\n<hr>\n<h3>La Copa Mundial de automovilismo que contar\u00e1 con dos argentinos: qu\u00e9 es y d\u00f3nde se correr\u00e1<\/h3>\n<\/p>\n<\/section>\n<\/div>\n<div class=\"sc-a7166897-0 eoLsBE\" readability=\"7.5\">\n<section readability=\"5\"><picture><img alt=\"El p\u00e1lpito de Pierre Gasly, compa\u00f1ero de Colapinto, para las \u00faltimas carreras de la F\u00f3rmula 1\" loading=\"lazy\" width=\"290\" height=\"290\" decoding=\"async\" data-nimg=\"1\" src=\"http:\/\/cordobadirecto.com\/wp-content\/uploads\/2025\/10\/el-retorno-a-balcarce-esta-un-pasito-mas-cerca-la-actc-probara-el-circuito-con-las-tc-pick-up-5.jpg\"><\/picture>\n<p><span>Mir\u00e1 tambi\u00e9n<\/span><\/p>\n<hr>\n<h3>El p\u00e1lpito de Pierre Gasly, compa\u00f1ero de Colapinto, para las \u00faltimas carreras de la F\u00f3rmula 1<\/h3>\n<\/p>\n<\/section>\n<\/div>\n<\/div>\n","protected":false},"excerpt":{"rendered":"<p>14\/10\/2025 19:06hs. Actualizado al 14\/10\/2025 19:12hs. Al hablar de aut\u00f3dromos tradicionales, los fierreros suelen coincidir en cu\u00e1les son los m\u00e1s especiales: el G\u00e1lvez, el \u00d3valo de Rafaela, el Mouras y, sin lugar a dudas, El Zonda y Balcarce. Partiendo por ah\u00ed, se puede decir que octubre est\u00e1 siendo un mes positivo: el trazado sanjuanino se [&hellip;]<\/p>\n","protected":false},"author":1,"featured_media":177207,"comment_status":"closed","ping_status":"closed","sticky":false,"template":"","format":"standard","meta":[],"categories":[21],"tags":[],"_links":{"self":[{"href":"http:\/\/cordobadirecto.com\/index.php\/wp-json\/wp\/v2\/posts\/177206"}],"collection":[{"href":"http:\/\/cordobadirecto.com\/index.php\/wp-json\/wp\/v2\/posts"}],"about":[{"href":"http:\/\/cordobadirecto.com\/index.php\/wp-json\/wp\/v2\/types\/post"}],"author":[{"embeddable":true,"href":"http:\/\/cordobadirecto.com\/index.php\/wp-json\/wp\/v2\/users\/1"}],"replies":[{"embeddable":true,"href":"http:\/\/cordobadirecto.com\/index.php\/wp-json\/wp\/v2\/comments?post=177206"}],"version-history":[{"count":0,"href":"http:\/\/cordobadirecto.com\/index.php\/wp-json\/wp\/v2\/posts\/177206\/revisions"}],"wp:featuredmedia":[{"embeddable":true,"href":"http:\/\/cordobadirecto.com\/index.php\/wp-json\/wp\/v2\/media\/177207"}],"wp:attachment":[{"href":"http:\/\/cordobadirecto.com\/index.php\/wp-json\/wp\/v2\/media?parent=177206"}],"wp:term":[{"taxonomy":"category","embeddable":true,"href":"http:\/\/cordobadirecto.com\/index.php\/wp-json\/wp\/v2\/categories?post=177206"},{"taxonomy":"post_tag","embeddable":true,"href":"http:\/\/cordobadirecto.com\/index.php\/wp-json\/wp\/v2\/tags?post=177206"}],"curies":[{"name":"wp","href":"https:\/\/api.w.org\/{rel}","templated":true}]}}