{"id":177208,"date":"2025-10-15T11:25:06","date_gmt":"2025-10-15T11:25:06","guid":{"rendered":"https:\/\/www.ole.com.ar\/futbol-ascenso\/ascenso-federal-final-atletico-rafaela-ciudad-bolivar-dia-fecha-sede-hora-sejuega_0_DQypIvVi0Y.html"},"modified":"2025-10-15T11:25:06","modified_gmt":"2025-10-15T11:25:06","slug":"federal-a-cuando-donde-y-como-se-jugara-la-final-por-el-ascenso-a-la-primera-nacional","status":"publish","type":"post","link":"http:\/\/cordobadirecto.com\/index.php\/2025\/10\/15\/federal-a-cuando-donde-y-como-se-jugara-la-final-por-el-ascenso-a-la-primera-nacional\/","title":{"rendered":"Federal A: cu\u00e1ndo, d\u00f3nde y c\u00f3mo se jugar\u00e1 la final por el ascenso a la Primera Nacional"},"content":{"rendered":"<p><time class=\"createDate\" datetime=\"2025-10-14T18:15:47-03:00\">14\/10\/2025 18:15hs.<\/time><\/p>\n<div id=\"storyBody\">\n<div class=\"custom-text \" readability=\"32.148148148148\">\n<p>Tras un a\u00f1o y miles de kil\u00f3metros recorridos, el <a href=\"https:\/\/www.ole.com.ar\/tema\/federal-a.html\" title=\"Federal A\" alt=\"Federal A\" class=\"slug\">Federal A <\/a>empieza a llegar en etapas definitorias. Tanto que <strong>el fin de semana se jugar\u00e1 la final entre <a href=\"https:\/\/www.ole.com.ar\/tema\/atletico-rafaela.html\" title=\"Atl\u00e9tico Rafaela\" alt=\"Atl\u00e9tico Rafaela\" class=\"slug\">Atl\u00e9tico Rafaela<\/a> y Ciudad de Bolivar<\/strong>, por el primer ascenso a la Primera Nacional 2026.<\/p>\n<\/div>\n<div class=\"custom-text \" readability=\"35\">\n<p>Por eso, tras una reuni\u00f3n entre los representantes de las instituciones y del Consejo Federal <strong>qued\u00f3 todo definido para el duelo m\u00e1s importante de la tercera categor\u00eda<\/strong> para aquellos equipos del f\u00fatbol argentino que no est\u00e1n directamente afiliados a la AFA.<\/p>\n<\/div>\n<p><h2><strong>Cu\u00e1ndo, d\u00f3nde y c\u00f3mo se juega la final del Federal A<\/strong><\/h2>\n<\/p>\n<div class=\"custom-text \" readability=\"40\">\n<p><strong>La gran final tendr\u00e1 lugar el pr\u00f3ximo domingo 19 de octubre, desde las 16, en el Estadio \u00danico de San Nicol\u00e1s<\/strong>, con 5.000 hinchas de cada club (hay 4.000 populares y mil plateas para cada uno).<strong> La modalidad de la definici\u00f3n es a partido \u00fanico, sin ventaja deportiva de ning\u00fan tipo: en caso de empate en los 90 minutos, habr\u00e1 penales.<\/strong><\/p>\n<\/div>\n<div class=\"sc-e7b891c4-0 ifHnQL image-embed\"><img alt=\"La final se juega en San Nicol\u00e1s\" loading=\"lazy\" width=\"720\" height=\"100\" decoding=\"async\" data-nimg=\"1\" src=\"http:\/\/cordobadirecto.com\/wp-content\/uploads\/2025\/10\/federal-a-cuando-donde-y-como-se-jugara-la-final-por-el-ascenso-a-la-primera-nacional.jpg\"><span class=\"epigraphe\">La final se juega en San Nicol\u00e1s<\/span><\/div>\n<div class=\"custom-text \" readability=\"37\">\n<p><strong>El ganador de este encuentro sube a la Primera Nacional de forma directa<\/strong>, mientras que e<strong>l perdedor clasifica a la cuarta fase (cuartos de final) de la R\u00e9valida<\/strong>, con ventaja deportiva, por el segundo ascenso.<\/p>\n<\/div>\n<p><h2> <strong>El camino de Atl\u00e9tico Rafaela<\/strong><\/h2>\n<\/p>\n<div class=\"custom-text \" readability=\"37\">\n<p>Atl\u00e9tico Rafaela termin\u00f3 3\u00b0 en el grupo D de la primera ronda y fue 2\u00b0 en la segunda etapa por detr\u00e1s de Sportivo Belgrano. Luego, en cuartos le toc\u00f3 un equipo hist\u00f3rico de la categor\u00eda: Olimpo. Sin embargo, la Crema sac\u00f3 pecho tras el 0-0 en Bah\u00eda Blanca y se impuso por 2-1 en el Estadio Nuevo Monumental.<\/p>\n<\/div>\n<div class=\"custom-text \" readability=\"38\">\n<p>En semis en rival de turno fue Sportivo Belgrano. El partido de ida termin\u00f3 3-0 a favor de Rafaela, y la revancha, disputada en la ciudad cordobesa de San Francisco, culmin\u00f3 con un empate sin goles para que la Crema asegure su pasaje a la final para so\u00f1ar con la vuelta a la Primera Nacional tras un a\u00f1o de ausencia.<\/p>\n<\/div>\n<div class=\"sc-e7b891c4-0 ifHnQL image-embed\"><img alt=\"Atl\u00e9tico Rafaela, finalista del Federal A. Foto: @OficialAMSyD\" loading=\"lazy\" width=\"720\" height=\"100\" decoding=\"async\" data-nimg=\"1\" src=\"http:\/\/cordobadirecto.com\/wp-content\/uploads\/2025\/10\/federal-a-cuando-donde-y-como-se-jugara-la-final-por-el-ascenso-a-la-primera-nacional-1.jpg\"><span class=\"epigraphe\">Atl\u00e9tico Rafaela, finalista del Federal A. Foto: @OficialAMSyD<\/span><\/div>\n<div class=\"custom-text \" readability=\"35\">\n<p>Cabe destacar que el conjunto rafaelino disput\u00f3 el Federal esta temporada luego de finalizar 19\u00b0 en la zona B de la Primera Nacional 2024 y descender de categor\u00eda junto a Guillermo Brown y Brown de Adrogu\u00e9, tras perder 2-1 frente a Talleres de Remedios de Escalada en un partido desempate.<\/p>\n<\/div>\n<div class=\"custom-text \" readability=\"37\">\n<p>Sin embargo, tambi\u00e9n es importante destacar que la Crema tuvo momentos en la \u00e9lite del f\u00fatbol argentino. En el 2003 ascendi\u00f3 por primera vez a la m\u00e1xima categor\u00eda tras ser el mejor equipo de la B Nacional con 77 puntos. Luego, descendi\u00f3 y volvi\u00f3 en el 2011 de cara al Torneo Apertura y permaneci\u00f3 hasta 2017 cuando termin\u00f3 29\u00b0 en los promedios y perdi\u00f3 la categor\u00eda.<\/p>\n<\/div>\n<p><h2><strong>Ciudad de Bol\u00edvar, el que va por su primera experiencia en el Nacional<\/strong><\/h2>\n<\/p>\n<div class=\"custom-text \" readability=\"41\">\n<p>Ciudad de Bol\u00edvar fue fundado en 2002, de la mano de Marcelo Tinelli, en la tierra natal del conductor. Principalmente vinculado al v\u00f3ley como deporte centro, en 2020 decidi\u00f3 meterse de lleno en el f\u00fatbol. Tras afiliarse a la Liga de Pehuaj\u00f3, y luego de un fugaz paso por el Torneo Regional Federal Amateur de ese mismo a\u00f1o, logr\u00f3 el ascenso al Federal A en 2021, tras vencer a Independiente de Neuqu\u00e9n.<\/p>\n<\/div>\n<div class=\"custom-text \" readability=\"37\">\n<p>El Cele culmin\u00f3 puntero en la primera parte del a\u00f1o con 31 puntos en el grupo B y fue l\u00edder de la segunda fase en la zona A con 17 unidades. Luego, se top\u00f3 con San Mart\u00edn de Formosa en los cuartos de final, se impuso con un 5-1 en el global tras el 1-0 en el Norte del pa\u00eds y el 4-1 en el Estadio Municipal Eva Per\u00f3n.<\/p>\n<\/div>\n<div class=\"custom-text \" readability=\"35\">\n<p>El siguiente rival fue Argentino de Monte Ma\u00edz. En el primer duelo, cay\u00f3 por 1-0 y lleg\u00f3 a la revancha con el sue\u00f1o de dar vuelta la serie con el apoyo de su gente. Y as\u00ed lo fue. El equipo dirigido por Diego Funes se impuso por 3-0 y asegur\u00f3 su lugar en la final. <\/p>\n<\/div>\n<div class=\"sc-e7b891c4-0 ifHnQL image-embed\"><img alt=\"Bol\u00edvar, finalista del Federal A. Foto: Presente Noticias\" loading=\"lazy\" width=\"720\" height=\"100\" decoding=\"async\" data-nimg=\"1\" src=\"http:\/\/cordobadirecto.com\/wp-content\/uploads\/2025\/10\/federal-a-cuando-donde-y-como-se-jugara-la-final-por-el-ascenso-a-la-primera-nacional-2.jpg\"><span class=\"epigraphe\">Bol\u00edvar, finalista del Federal A. Foto: Presente Noticias<\/span><\/div>\n<div class=\"sc-a7166897-0 eoLsBE\" readability=\"6.5\">\n<section readability=\"3\"><picture><img alt=\"Sorteo del Mundial 2026: cu\u00e1ndo y d\u00f3nde es, c\u00f3mo es el formato y clasificados\" loading=\"lazy\" width=\"290\" height=\"290\" decoding=\"async\" data-nimg=\"1\" src=\"http:\/\/cordobadirecto.com\/wp-content\/uploads\/2025\/10\/federal-a-cuando-donde-y-como-se-jugara-la-final-por-el-ascenso-a-la-primera-nacional-3.jpg\"><\/picture>\n<p><span>Mir\u00e1 tambi\u00e9n<\/span><\/p>\n<hr>\n<h3>Sorteo del Mundial 2026: cu\u00e1ndo y d\u00f3nde es, c\u00f3mo es el formato y clasificados<\/h3>\n<\/p>\n<\/section>\n<\/div>\n<div class=\"sc-a7166897-0 eoLsBE\" readability=\"6.5\">\n<section readability=\"3\"><picture><img alt=\"La dr\u00e1stica medida del presidente de San Mart\u00edn de Tucum\u00e1n tras quedar afuera del Reducido\" loading=\"lazy\" width=\"290\" height=\"290\" decoding=\"async\" data-nimg=\"1\" src=\"http:\/\/cordobadirecto.com\/wp-content\/uploads\/2025\/10\/federal-a-cuando-donde-y-como-se-jugara-la-final-por-el-ascenso-a-la-primera-nacional-4.jpg\"><\/picture>\n<p><span>Mir\u00e1 tambi\u00e9n<\/span><\/p>\n<hr>\n<h3>La dr\u00e1stica medida del presidente de San Mart\u00edn de Tucum\u00e1n tras quedar afuera del Reducido<\/h3>\n<\/p>\n<\/section>\n<\/div>\n<\/div>\n","protected":false},"excerpt":{"rendered":"<p>14\/10\/2025 18:15hs. Tras un a\u00f1o y miles de kil\u00f3metros recorridos, el Federal A empieza a llegar en etapas definitorias. Tanto que el fin de semana se jugar\u00e1 la final entre Atl\u00e9tico Rafaela y Ciudad de Bolivar, por el primer ascenso a la Primera Nacional 2026. Por eso, tras una reuni\u00f3n entre los representantes de las [&hellip;]<\/p>\n","protected":false},"author":1,"featured_media":177209,"comment_status":"closed","ping_status":"closed","sticky":false,"template":"","format":"standard","meta":[],"categories":[21],"tags":[],"_links":{"self":[{"href":"http:\/\/cordobadirecto.com\/index.php\/wp-json\/wp\/v2\/posts\/177208"}],"collection":[{"href":"http:\/\/cordobadirecto.com\/index.php\/wp-json\/wp\/v2\/posts"}],"about":[{"href":"http:\/\/cordobadirecto.com\/index.php\/wp-json\/wp\/v2\/types\/post"}],"author":[{"embeddable":true,"href":"http:\/\/cordobadirecto.com\/index.php\/wp-json\/wp\/v2\/users\/1"}],"replies":[{"embeddable":true,"href":"http:\/\/cordobadirecto.com\/index.php\/wp-json\/wp\/v2\/comments?post=177208"}],"version-history":[{"count":0,"href":"http:\/\/cordobadirecto.com\/index.php\/wp-json\/wp\/v2\/posts\/177208\/revisions"}],"wp:featuredmedia":[{"embeddable":true,"href":"http:\/\/cordobadirecto.com\/index.php\/wp-json\/wp\/v2\/media\/177209"}],"wp:attachment":[{"href":"http:\/\/cordobadirecto.com\/index.php\/wp-json\/wp\/v2\/media?parent=177208"}],"wp:term":[{"taxonomy":"category","embeddable":true,"href":"http:\/\/cordobadirecto.com\/index.php\/wp-json\/wp\/v2\/categories?post=177208"},{"taxonomy":"post_tag","embeddable":true,"href":"http:\/\/cordobadirecto.com\/index.php\/wp-json\/wp\/v2\/tags?post=177208"}],"curies":[{"name":"wp","href":"https:\/\/api.w.org\/{rel}","templated":true}]}}