{"id":177214,"date":"2025-10-15T12:40:02","date_gmt":"2025-10-15T12:40:02","guid":{"rendered":"https:\/\/cordoba.gob.ar\/?p=81745"},"modified":"2025-10-15T12:40:02","modified_gmt":"2025-10-15T12:40:02","slug":"getau-ya-esta-activa-una-aplicacion-participativa-que-trabaja-en-la-gestion-del-arbolado-urbano","status":"publish","type":"post","link":"http:\/\/cordobadirecto.com\/index.php\/2025\/10\/15\/getau-ya-esta-activa-una-aplicacion-participativa-que-trabaja-en-la-gestion-del-arbolado-urbano\/","title":{"rendered":"GeTAU ya est\u00e1 activa: una aplicaci\u00f3n participativa que trabaja en la gesti\u00f3n del arbolado urbano"},"content":{"rendered":"<div><img src=\"http:\/\/cordobadirecto.com\/wp-content\/uploads\/2025\/10\/getau-ya-esta-activa-una-aplicacion-participativa-que-trabaja-en-la-gestion-del-arbolado-urbano.jpg\" class=\"ff-og-image-inserted\"><\/div>\n<ul>\n<li data-prosemirror-content-type=\"node\" data-prosemirror-node-name=\"paragraph\" data-prosemirror-node-block=\"true\"><strong data-prosemirror-content-type=\"mark\" data-prosemirror-mark-name=\"strong\">Se trata del primer proyecto que se pone en marcha dentro de las 17 iniciativas seleccionadas en el Desaf\u00edo de Innovar por el Clima.<\/strong><\/li>\n<\/ul>\n<hr>\n<p data-prosemirror-content-type=\"node\" data-prosemirror-node-name=\"paragraph\" data-prosemirror-node-block=\"true\">Luego de cada reforestaci\u00f3n que realizaba el equipo de la Asociaci\u00f3n Civil \u201cAcci\u00f3n Ambiental\u201d, surg\u00eda la necesidad de saber qu\u00e9 pasaba, y c\u00f3mo podr\u00eda contarse con datos actuales y reales sobre esos \u00e1rboles. Es as\u00ed que empezaron a construir la idea, y con la colaboraci\u00f3n de la Universidad Nacional de C\u00f3rdoba (UNC) naci\u00f3 GeTAU. Una plataforma cuya misi\u00f3n es mejorar la gesti\u00f3n del arbolado urbano de nuestra ciudad.<\/p>\n<p data-prosemirror-content-type=\"node\" data-prosemirror-node-name=\"paragraph\" data-prosemirror-node-block=\"true\"><strong data-prosemirror-content-type=\"mark\" data-prosemirror-mark-name=\"strong\">GeTAU, una idea innovadora creada en y para C\u00f3rdoba<\/strong><\/p>\n<p data-prosemirror-content-type=\"node\" data-prosemirror-node-name=\"paragraph\" data-prosemirror-node-block=\"true\">La iniciativa forma parte de los 17 proyectos elegidos dentro del Desaf\u00edo Innovar por el Clima, una iniciativa coordinada desde el municipio con el objetivo de impulsar acciones que ayuden a mitigar las consecuencias del cambio clim\u00e1tico en la ciudad.<\/p>\n<p data-prosemirror-content-type=\"node\" data-prosemirror-node-name=\"paragraph\" data-prosemirror-node-block=\"true\"><em data-prosemirror-content-type=\"mark\" data-prosemirror-mark-name=\"em\">\u201cLa semilla de GeTAU naci\u00f3 en las reforestaciones que realizamos desde Acci\u00f3n Ambiental. Despu\u00e9s de cada jornada, sent\u00edamos que una foto grupal subida a las redes no alcanzaba. Nos pregunt\u00e1bamos: \u00bfQu\u00e9 pasa despu\u00e9s con esos \u00e1rboles? \u00bfSobreviven? \u00bfC\u00f3mo pasamos de la emoci\u00f3n de plantar a contar con datos reales?\u201d<\/em>, cuenta Emiliano Depetris, director del proyecto.<\/p>\n<p data-prosemirror-content-type=\"node\" data-prosemirror-node-name=\"paragraph\" data-prosemirror-node-block=\"true\">Es as\u00ed que, con la ayuda de herramientas tecnol\u00f3gicas, comenzaron a georreferenciar cada \u00e1rbol, conociendo la supervivencia y evoluci\u00f3n de los ejemplares. Adem\u00e1s, decidieron sumarle Inteligencia Artificial y la colaboraci\u00f3n de las y los vecinos a trav\u00e9s de una plataforma digital para monitorear en tiempo real.<\/p>\n<p data-prosemirror-content-type=\"node\" data-prosemirror-node-name=\"paragraph\" data-prosemirror-node-block=\"true\">Y as\u00ed se defini\u00f3 GeTAU: una WebApp que permite geolocalizar, monitorear y gestionar especies arb\u00f3reas, nuevas como existentes, gracias a la participaci\u00f3n ciudadana, logrando la trazabilidad completa.<\/p>\n<p data-prosemirror-content-type=\"node\" data-prosemirror-node-name=\"paragraph\" data-prosemirror-node-block=\"true\">Cada \u00e1rbol cuenta con un registro que abarca especie, ubicaci\u00f3n, estado de salud y necesidades de cuidado.<\/p>\n<p data-prosemirror-content-type=\"node\" data-prosemirror-node-name=\"paragraph\" data-prosemirror-node-block=\"true\"><strong data-prosemirror-content-type=\"mark\" data-prosemirror-mark-name=\"strong\">La participaci\u00f3n de las y los vecinos, el coraz\u00f3n de GeTAU<\/strong><\/p>\n<p data-prosemirror-content-type=\"node\" data-prosemirror-node-name=\"paragraph\" data-prosemirror-node-block=\"true\">El objetivo central del proyecto es mejorar la gesti\u00f3n del arbolado urbano de la ciudad de C\u00f3rdoba, brindando al municipio y a las y los cordobeses informaci\u00f3n precisa para planificar reforestaciones, prevenir riesgos y garantizar la supervivencia de los \u00e1rboles.<\/p>\n<p data-prosemirror-content-type=\"node\" data-prosemirror-node-name=\"paragraph\" data-prosemirror-node-block=\"true\">La aplicaci\u00f3n cuenta con diversas funciones: reportar si un \u00e1rbol est\u00e1 da\u00f1ado, mal podado o en riesgo; registrar nuevos \u00e1rboles en veredas y espacios verdes; la posibilidad de que aquellos interesados se sumen como voluntarios en actividades de reforestaci\u00f3n y seguimiento; y el acceso a contenidos educativos relacionados a la tem\u00e1tica.<\/p>\n<p data-prosemirror-content-type=\"node\" data-prosemirror-node-name=\"paragraph\" data-prosemirror-node-block=\"true\">En este sentido, sus ideadores se\u00f1alan a la participaci\u00f3n ciudadana como el coraz\u00f3n de GeTAU. \u201cToda la comunidad se convierte en protagonista activa del cuidado del arbolado\u201d, se\u00f1ala Emiliano Depetris.<\/p>\n<p data-prosemirror-content-type=\"node\" data-prosemirror-node-name=\"paragraph\" data-prosemirror-node-block=\"true\"><strong data-prosemirror-content-type=\"mark\" data-prosemirror-mark-name=\"strong\">Barrio Juniors es el pionero en el uso de la aplicaci\u00f3n<\/strong><\/p>\n<p data-prosemirror-content-type=\"node\" data-prosemirror-node-name=\"paragraph\" data-prosemirror-node-block=\"true\">La prueba piloto ya se encuentra activa en barrio Juniors, donde se plantaron 61 especies nativas con la participaci\u00f3n de voluntarios, autoridades municipales y el Centro Vecinal. Durante la jornada, se realiz\u00f3 una instancia de educaci\u00f3n ambiental destinada a vecinas y vecinos de la zona.<\/p>\n<p data-prosemirror-content-type=\"node\" data-prosemirror-node-name=\"paragraph\" data-prosemirror-node-block=\"true\"><em data-prosemirror-content-type=\"mark\" data-prosemirror-mark-name=\"em\">\u201cA medida que avancemos y la plataforma se consolide, se ampliar\u00e1 progresivamente a m\u00e1s barrios hasta cubrir toda la ciudad. El objetivo final es que GeTAU se transforme en una herramienta replicable en otras ciudades de Argentina y del mundo\u201d<\/em>, afirm\u00f3 Depetris.<\/p>\n<p data-prosemirror-content-type=\"node\" data-prosemirror-node-name=\"paragraph\" data-prosemirror-node-block=\"true\"><strong data-prosemirror-content-type=\"mark\" data-prosemirror-mark-name=\"strong\">\u201cGeTAU es el resultado de una alianza que integra ciencia, tecnolog\u00eda y compromiso ambiental.\u201d<\/strong><\/p>\n<p data-prosemirror-content-type=\"node\" data-prosemirror-node-name=\"paragraph\" data-prosemirror-node-block=\"true\">As\u00ed la define su director, quien en est\u00e1 misi\u00f3n no se encuentra solo. GeTAU es el resultado de un trabajo articulado por el equipo de la ONG \u201cAcci\u00f3n Ambiental\u201d, junto a la Facultad de Ciencias Exactas, F\u00edsicas y Naturales de la UNC; con asesor\u00edas y desarrollos de Inteligencia Artificial de la Facultad de Matem\u00e1tica, Astronom\u00eda, F\u00edsica y Computaci\u00f3n de la UNC; y con el acompa\u00f1amiento de la Direcci\u00f3n de Espacios Verdes de la Secretar\u00eda de Ambiente y Econom\u00eda Circular de la Municipalidad de C\u00f3rdoba.<\/p>\n<p data-prosemirror-content-type=\"node\" data-prosemirror-node-name=\"paragraph\" data-prosemirror-node-block=\"true\"><strong data-prosemirror-content-type=\"mark\" data-prosemirror-mark-name=\"strong\">Sobre el Desaf\u00edo Innovar por el Clima<\/strong><\/p>\n<p data-prosemirror-content-type=\"node\" data-prosemirror-node-name=\"paragraph\" data-prosemirror-node-block=\"true\">Los 17 proyectos seleccionados en la edici\u00f3n 2025 del Desaf\u00edo Innovar por el Clima cuentan con el acompa\u00f1amiento t\u00e9cnico y financiero de CorLab, perteneciente a la Secretar\u00eda de Ciudad Inteligente y Transformaci\u00f3n Digital, en colaboraci\u00f3n con Bloomberg Philanthropies y financiados a trav\u00e9s de Youth Climate Action Fund.<\/p>\n","protected":false},"excerpt":{"rendered":"<p>Se trata del primer proyecto que se pone en marcha dentro de las 17 iniciativas seleccionadas en el Desaf\u00edo de Innovar por el Clima. Luego de cada reforestaci\u00f3n que realizaba el equipo de la Asociaci\u00f3n Civil \u201cAcci\u00f3n Ambiental\u201d, surg\u00eda la necesidad de saber qu\u00e9 pasaba, y c\u00f3mo podr\u00eda contarse con datos actuales y reales sobre [&hellip;]<\/p>\n","protected":false},"author":1,"featured_media":177215,"comment_status":"closed","ping_status":"closed","sticky":false,"template":"","format":"standard","meta":[],"categories":[44],"tags":[],"_links":{"self":[{"href":"http:\/\/cordobadirecto.com\/index.php\/wp-json\/wp\/v2\/posts\/177214"}],"collection":[{"href":"http:\/\/cordobadirecto.com\/index.php\/wp-json\/wp\/v2\/posts"}],"about":[{"href":"http:\/\/cordobadirecto.com\/index.php\/wp-json\/wp\/v2\/types\/post"}],"author":[{"embeddable":true,"href":"http:\/\/cordobadirecto.com\/index.php\/wp-json\/wp\/v2\/users\/1"}],"replies":[{"embeddable":true,"href":"http:\/\/cordobadirecto.com\/index.php\/wp-json\/wp\/v2\/comments?post=177214"}],"version-history":[{"count":0,"href":"http:\/\/cordobadirecto.com\/index.php\/wp-json\/wp\/v2\/posts\/177214\/revisions"}],"wp:featuredmedia":[{"embeddable":true,"href":"http:\/\/cordobadirecto.com\/index.php\/wp-json\/wp\/v2\/media\/177215"}],"wp:attachment":[{"href":"http:\/\/cordobadirecto.com\/index.php\/wp-json\/wp\/v2\/media?parent=177214"}],"wp:term":[{"taxonomy":"category","embeddable":true,"href":"http:\/\/cordobadirecto.com\/index.php\/wp-json\/wp\/v2\/categories?post=177214"},{"taxonomy":"post_tag","embeddable":true,"href":"http:\/\/cordobadirecto.com\/index.php\/wp-json\/wp\/v2\/tags?post=177214"}],"curies":[{"name":"wp","href":"https:\/\/api.w.org\/{rel}","templated":true}]}}