{"id":177633,"date":"2025-10-20T17:25:55","date_gmt":"2025-10-20T17:25:55","guid":{"rendered":"https:\/\/cordoba.gob.ar\/?p=82437"},"modified":"2025-10-20T17:25:55","modified_gmt":"2025-10-20T17:25:55","slug":"vecinos-y-vecinas-que-asisten-a-los-cursos-de-las-tecnotecas-crea-realizaron-una-presentacion-especial-en-la-39-feria-del-libro","status":"publish","type":"post","link":"http:\/\/cordobadirecto.com\/index.php\/2025\/10\/20\/vecinos-y-vecinas-que-asisten-a-los-cursos-de-las-tecnotecas-crea-realizaron-una-presentacion-especial-en-la-39-feria-del-libro\/","title":{"rendered":"Vecinos y vecinas que asisten a los cursos de las Tecnotecas CREA realizaron una presentaci\u00f3n especial en la 39\u00b0 Feria del Libro"},"content":{"rendered":"<div><img src=\"http:\/\/cordobadirecto.com\/wp-content\/uploads\/2025\/10\/vecinos-y-vecinas-que-asisten-a-los-cursos-de-las-tecnotecas-crea-realizaron-una-presentacion-especial-en-la-39-feria-del-libro.jpg\" class=\"ff-og-image-inserted\"><\/div>\n<p>En el marco de la 39\u00b0 Feria del Libro, se llev\u00f3 adelante CREA En Tu Ciudad, una muestra interactiva para conocer las experiencias de las Tecnotecas CREA que funcionan en los Parques Educativos Noroeste, Sur, Este, Estaci\u00f3n Flores y Sureste.<\/p>\n<p>Se realizaron presentaciones de las producciones narrativas y propuestas culturales desarrolladas en las Tecnotecas CREA. Docentes y estudiantes mostraron sus experiencias en los proyectos de creaci\u00f3n de podcast, streaming videojuegos, laboratorios de producci\u00f3n musical.<\/p>\n<p>Adem\u00e1s se exhibieron videos realizados en los talleres de producci\u00f3n audiovisual y se proyectaron los primeros cap\u00edtulos de las series \u201cBooktubers\u201d y \u201cCREA Tu M\u00fasica\u201d, que pronto estar\u00e1n disponibles en el canal de youtube.<\/p>\n<p>Los visitantes pudieron disfrutar de un espacio interactivo para escuchar, ver y jugar con producciones sonoras, audiovisuales y videojuegos creados por vecinas y vecinos de la ciudad.<\/p>\n<p>Se trata de una iniciativa de la Unidad de Programas de Promoci\u00f3n Cient\u00edfica y Tecnol\u00f3gica con el objetivo de dar a conocer las producciones de vecinos y vecinas de la ciudad.<\/p>\n","protected":false},"excerpt":{"rendered":"<p>En el marco de la 39\u00b0 Feria del Libro, se llev\u00f3 adelante CREA En Tu Ciudad, una muestra interactiva para conocer las experiencias de las Tecnotecas CREA que funcionan en los Parques Educativos Noroeste, Sur, Este, Estaci\u00f3n Flores y Sureste. Se realizaron presentaciones de las producciones narrativas y propuestas culturales desarrolladas en las Tecnotecas CREA. [&hellip;]<\/p>\n","protected":false},"author":1,"featured_media":177634,"comment_status":"closed","ping_status":"closed","sticky":false,"template":"","format":"standard","meta":[],"categories":[44],"tags":[],"_links":{"self":[{"href":"http:\/\/cordobadirecto.com\/index.php\/wp-json\/wp\/v2\/posts\/177633"}],"collection":[{"href":"http:\/\/cordobadirecto.com\/index.php\/wp-json\/wp\/v2\/posts"}],"about":[{"href":"http:\/\/cordobadirecto.com\/index.php\/wp-json\/wp\/v2\/types\/post"}],"author":[{"embeddable":true,"href":"http:\/\/cordobadirecto.com\/index.php\/wp-json\/wp\/v2\/users\/1"}],"replies":[{"embeddable":true,"href":"http:\/\/cordobadirecto.com\/index.php\/wp-json\/wp\/v2\/comments?post=177633"}],"version-history":[{"count":0,"href":"http:\/\/cordobadirecto.com\/index.php\/wp-json\/wp\/v2\/posts\/177633\/revisions"}],"wp:featuredmedia":[{"embeddable":true,"href":"http:\/\/cordobadirecto.com\/index.php\/wp-json\/wp\/v2\/media\/177634"}],"wp:attachment":[{"href":"http:\/\/cordobadirecto.com\/index.php\/wp-json\/wp\/v2\/media?parent=177633"}],"wp:term":[{"taxonomy":"category","embeddable":true,"href":"http:\/\/cordobadirecto.com\/index.php\/wp-json\/wp\/v2\/categories?post=177633"},{"taxonomy":"post_tag","embeddable":true,"href":"http:\/\/cordobadirecto.com\/index.php\/wp-json\/wp\/v2\/tags?post=177633"}],"curies":[{"name":"wp","href":"https:\/\/api.w.org\/{rel}","templated":true}]}}