{"id":17797,"date":"2021-09-10T00:26:38","date_gmt":"2021-09-10T00:26:38","guid":{"rendered":"http:\/\/cordobadirecto.com\/index.php\/2021\/09\/10\/el-nuevo-disco-de-pat-metheny-lo-reune-con-jovenes-talentos-que-lo-acompanaran-por-al-pais\/"},"modified":"2021-09-10T00:26:38","modified_gmt":"2021-09-10T00:26:38","slug":"el-nuevo-disco-de-pat-metheny-lo-reune-con-jovenes-talentos-que-lo-acompanaran-por-al-pais","status":"publish","type":"post","link":"http:\/\/cordobadirecto.com\/index.php\/2021\/09\/10\/el-nuevo-disco-de-pat-metheny-lo-reune-con-jovenes-talentos-que-lo-acompanaran-por-al-pais\/","title":{"rendered":"El nuevo disco de Pat Metheny lo re\u00fane con j\u00f3venes talentos que lo acompa\u00f1ar\u00e1n por al pa\u00eds"},"content":{"rendered":"<div class=\"image\" id=\"image\" readability=\"8\"> <img src=\"http:\/\/cordobadirecto.com\/wp-content\/uploads\/2021\/09\/el-nuevo-disco-de-pat-metheny-lo-reune-con-jovenes-talentos-que-lo-acompanaran-por-al-pais.jpg\" alt=\"Pat Metheny, en carrera para sus shows en el Gran Rex porte\u00f1o.\" title=\"Pat Metheny, en carrera para sus shows en el Gran Rex porte\u00f1o.\"><\/p>\n<p>Pat Metheny, en carrera para sus shows en el Gran Rex porte\u00f1o.<\/p>\n<\/div>\n<p>Tal como lo hizo a inicio de los 80 con el argentino Pedro Aznar al que sum\u00f3 a su ya reconocida banda, el guitarrista norteamericano de jazz <strong>Pat Metheny<\/strong> sigue reclutando y tocando con j\u00f3venes talentos.<\/p>\n<p>Ahora y para dar forma al reciente lanzamiento de <strong>&#8220;Side-Eye NYC (V1.IV)&#8221;,<\/strong> su 52do. \u00e1lbum, Metheny presenta al p\u00fablico a una nueva generaci\u00f3n de talentosos m\u00fasicos neoyorquinos a los que quiere dar visibilidad.<\/p>\n<p>Entre los instrumentistas convocados por el reconocido guitarrista, de 67 a\u00f1os, se encuentran los bateristas <strong>Joe Dyson<\/strong> (\u201cel mejor con el que he tocado nunca\u201d, seg\u00fan asegur\u00f3 Metheny) <strong>Marcus Gilmore <\/strong>y el tecladista<strong> James Francies<\/strong>.<\/p>\n<p>Esa muchachada ser\u00e1 parte del elenco que lo acompa\u00f1ar\u00e1 desde este mes y hasta durante casi un a\u00f1o a poner en escena el nuevo repertorio que integra, adem\u00e1s, versiones de algunos de sus \u00e9xitos como <strong>&#8220;Better Days Ahead&#8221; <\/strong>(1989) y<strong> &#8220;Timeline&#8221;<\/strong>, una canci\u00f3n que compuso \u00e9l pero que public\u00f3 el saxofonista Michael Brecker en 1999 en su disco<strong> &#8220;Time Is of the Essence<\/strong>&#8220;.<\/p>\n<p>El tour mundial de Metheny llegar\u00e1 en las noches del <strong>11 y 12 de diciembre<\/strong> al Teatro Gran Rex de Buenos Aires para revertir una larga ausencia de un cuarto de siglo y tras haber cancelado las fechas originales de marzo de 2020 debido a la pandemia de coronavirus.<\/p>\n<p>En ocasi\u00f3n de la primera suspensi\u00f3n de esas presentaciones el artista curs\u00f3 una nota a sus fans argentinos donde sostuvo: \u201cNo veo la hora de volver y tocar para todos ustedes nuevamente\u201d.<\/p>\n<p><strong>\u201cEsta actuaci\u00f3n<\/strong> \u2013se\u00f1al\u00f3 entonces- <strong>no ser\u00eda s\u00f3lo un primer concierto perfecto para los nuevos oyentes, sino tambi\u00e9n para las personas que han seguido mi carrera durante estos a\u00f1os, una oportunidad real de obtener un sentido de todo el asunto\u201d.<\/strong> <\/p>\n","protected":false},"excerpt":{"rendered":"<p>Pat Metheny, en carrera para sus shows en el Gran Rex porte\u00f1o. Tal como lo hizo a inicio de los 80 con el argentino Pedro Aznar al que sum\u00f3 a su ya reconocida banda, el guitarrista norteamericano de jazz Pat Metheny sigue reclutando y tocando con j\u00f3venes talentos. Ahora y para dar forma al reciente [&hellip;]<\/p>\n","protected":false},"author":1,"featured_media":17798,"comment_status":"closed","ping_status":"closed","sticky":false,"template":"","format":"standard","meta":[],"categories":[20],"tags":[],"_links":{"self":[{"href":"http:\/\/cordobadirecto.com\/index.php\/wp-json\/wp\/v2\/posts\/17797"}],"collection":[{"href":"http:\/\/cordobadirecto.com\/index.php\/wp-json\/wp\/v2\/posts"}],"about":[{"href":"http:\/\/cordobadirecto.com\/index.php\/wp-json\/wp\/v2\/types\/post"}],"author":[{"embeddable":true,"href":"http:\/\/cordobadirecto.com\/index.php\/wp-json\/wp\/v2\/users\/1"}],"replies":[{"embeddable":true,"href":"http:\/\/cordobadirecto.com\/index.php\/wp-json\/wp\/v2\/comments?post=17797"}],"version-history":[{"count":0,"href":"http:\/\/cordobadirecto.com\/index.php\/wp-json\/wp\/v2\/posts\/17797\/revisions"}],"wp:featuredmedia":[{"embeddable":true,"href":"http:\/\/cordobadirecto.com\/index.php\/wp-json\/wp\/v2\/media\/17798"}],"wp:attachment":[{"href":"http:\/\/cordobadirecto.com\/index.php\/wp-json\/wp\/v2\/media?parent=17797"}],"wp:term":[{"taxonomy":"category","embeddable":true,"href":"http:\/\/cordobadirecto.com\/index.php\/wp-json\/wp\/v2\/categories?post=17797"},{"taxonomy":"post_tag","embeddable":true,"href":"http:\/\/cordobadirecto.com\/index.php\/wp-json\/wp\/v2\/tags?post=17797"}],"curies":[{"name":"wp","href":"https:\/\/api.w.org\/{rel}","templated":true}]}}