{"id":17799,"date":"2021-09-10T00:26:46","date_gmt":"2021-09-10T00:26:46","guid":{"rendered":"http:\/\/cordobadirecto.com\/index.php\/2021\/09\/10\/cuatro-nuevas-producciones-argentinas-y-un-casico-de-leonardo-favio-en-sitges\/"},"modified":"2021-09-10T00:26:46","modified_gmt":"2021-09-10T00:26:46","slug":"cuatro-nuevas-producciones-argentinas-y-un-casico-de-leonardo-favio-en-sitges","status":"publish","type":"post","link":"http:\/\/cordobadirecto.com\/index.php\/2021\/09\/10\/cuatro-nuevas-producciones-argentinas-y-un-casico-de-leonardo-favio-en-sitges\/","title":{"rendered":"Cuatro nuevas producciones argentinas y un c\u00e1sico de Leonardo Favio en Sitges"},"content":{"rendered":"<div class=\"image\" id=\"image\" readability=\"8\"> <img src=\"http:\/\/cordobadirecto.com\/wp-content\/uploads\/2021\/09\/cuatro-nuevas-producciones-argentinas-y-un-casico-de-leonardo-favio-en-sitges.jpg\" alt=\"Juan Jos\u00e9 Camero y Alfredo Alc\u00f3n en &quot;Nazareno Cruz y el lobo&quot;, de Leonardo Favio.\" title=\"Juan Jos\u00e9 Camero y Alfredo Alc\u00f3n en &quot;Nazareno Cruz y el lobo&quot;, de Leonardo Favio.\"><\/p>\n<p>Juan Jos\u00e9 Camero y Alfredo Alc\u00f3n en &#8220;Nazareno Cruz y el lobo&#8221;, de Leonardo Favio.<\/p>\n<\/div>\n<p><strong>\u201cEl apego\u201d<\/strong>, de Valent\u00edn Diment y <strong>\u201cBienvenidos al infierno\u201d<\/strong>, de Jimena Monteoliva, junto a la ya anunciada<strong> \u201cLas noches son de los monstruos\u201d<\/strong> y <strong>\u201cNazareno Cruz y el lobo\u201d<\/strong>, ser\u00e1n parte de la 54\u00aa edici\u00f3n de Sitges del Festival Internacional de Cinema Fant\u00e0stic de Catalunya, que se desarrollar\u00e1 entre el 7 y el 17 de octubre de forma presencial en la ciudad de Sitges, al suroeste de Barcelona. Espa\u00f1a.<\/p>\n<p>\u201cEl apego\u201d, protagonizada por <strong>Lola Berthet, Jimena Anganuzzi, Marta Haller, Marcela Guerty <\/strong>y<strong> Germ\u00e1n de Silva<\/strong> y que tendr\u00e1 su estreno mundial en el Festival de Guadalajara, competir\u00e1 en la secci\u00f3n Noves Visions, que re\u00fane pel\u00edculas experimentales y con nuevos lenguajes; mientras que <strong>\u201cBienvenidos al infierno\u201d<\/strong>, estar\u00e1 en la competencia del apartado Brigadoon, dedicada a filmes independientes dentro de las tem\u00e1ticas de terror y fant\u00e1stico.<\/p>\n<p>La pel\u00edcula de Diment (\u201cEl sentido del miedo\u201d, \u201cLa memoria del muerto\u201d, \u201cEl eslab\u00f3n podrido\u201d) est\u00e1 ambientada en la Argentina de la d\u00e9cada del setenta, donde una joven va a una cl\u00ednica a hacerse un aborto clandestino y all\u00ed le proponen vender al beb\u00e9 a unos cliente de la m\u00e9dica que la atiende \u201cofreci\u00e9ndole refugio en su casa hasta que el ni\u00f1o nazca \u201d en donde \u201clas perturbadas personalidades de ambas se entrelazan en una extra\u00f1a y peligrosa relaci\u00f3n\u201d, seg\u00fan detalla la sinopsis.<\/p>\n<p>\u201cBienvenidos al infierno\u201d, con <strong>Demi\u00e1n Salom\u00f3n, Constanza Cardillo, Marta Lubos, Willy Prociuck, Emiliano Carrazzone <\/strong>y<strong> Lalo Rotaveria,<\/strong> est\u00e1 centrada en Luc\u00eda, embarazada y conviviendo con su abuela en una caba\u00f1a en el bosque y oculta de El Monje Negro, el l\u00edder de una banda de black metal que es el padre del hijo que espera.<\/p>\n<p>La participaci\u00f3n argentina se completa con \u201cLas noches son de los monstruos\u201d, de <strong>Sebastian Perillo<\/strong> (tambi\u00e9n en la secci\u00f3n Brigadoon) y la proyecci\u00f3n de \u201cNazareno Cruz y el lobo\u201d, de Leonardo Favio, que ser\u00e1 parte de Sitges <strong>Cl\u00e0ssics-La b\u00e8stia interior<\/strong>. <\/p>\n","protected":false},"excerpt":{"rendered":"<p>Juan Jos\u00e9 Camero y Alfredo Alc\u00f3n en &#8220;Nazareno Cruz y el lobo&#8221;, de Leonardo Favio. \u201cEl apego\u201d, de Valent\u00edn Diment y \u201cBienvenidos al infierno\u201d, de Jimena Monteoliva, junto a la ya anunciada \u201cLas noches son de los monstruos\u201d y \u201cNazareno Cruz y el lobo\u201d, ser\u00e1n parte de la 54\u00aa edici\u00f3n de Sitges del Festival Internacional [&hellip;]<\/p>\n","protected":false},"author":1,"featured_media":17800,"comment_status":"closed","ping_status":"closed","sticky":false,"template":"","format":"standard","meta":[],"categories":[20],"tags":[],"_links":{"self":[{"href":"http:\/\/cordobadirecto.com\/index.php\/wp-json\/wp\/v2\/posts\/17799"}],"collection":[{"href":"http:\/\/cordobadirecto.com\/index.php\/wp-json\/wp\/v2\/posts"}],"about":[{"href":"http:\/\/cordobadirecto.com\/index.php\/wp-json\/wp\/v2\/types\/post"}],"author":[{"embeddable":true,"href":"http:\/\/cordobadirecto.com\/index.php\/wp-json\/wp\/v2\/users\/1"}],"replies":[{"embeddable":true,"href":"http:\/\/cordobadirecto.com\/index.php\/wp-json\/wp\/v2\/comments?post=17799"}],"version-history":[{"count":0,"href":"http:\/\/cordobadirecto.com\/index.php\/wp-json\/wp\/v2\/posts\/17799\/revisions"}],"wp:featuredmedia":[{"embeddable":true,"href":"http:\/\/cordobadirecto.com\/index.php\/wp-json\/wp\/v2\/media\/17800"}],"wp:attachment":[{"href":"http:\/\/cordobadirecto.com\/index.php\/wp-json\/wp\/v2\/media?parent=17799"}],"wp:term":[{"taxonomy":"category","embeddable":true,"href":"http:\/\/cordobadirecto.com\/index.php\/wp-json\/wp\/v2\/categories?post=17799"},{"taxonomy":"post_tag","embeddable":true,"href":"http:\/\/cordobadirecto.com\/index.php\/wp-json\/wp\/v2\/tags?post=17799"}],"curies":[{"name":"wp","href":"https:\/\/api.w.org\/{rel}","templated":true}]}}