{"id":17814,"date":"2021-09-10T04:25:47","date_gmt":"2021-09-10T04:25:47","guid":{"rendered":"https:\/\/puntoapunto.com.ar\/?p=316022"},"modified":"2021-09-10T04:25:47","modified_gmt":"2021-09-10T04:25:47","slug":"bugliotti-anuncio-que-retoma-proyecto-en-san-francisco","status":"publish","type":"post","link":"http:\/\/cordobadirecto.com\/index.php\/2021\/09\/10\/bugliotti-anuncio-que-retoma-proyecto-en-san-francisco\/","title":{"rendered":"Bugliotti anunci\u00f3 que retoma proyecto en San Francisco"},"content":{"rendered":"<p><span>El presidente de<strong> Grupo Dinosaurio,<\/strong> <strong>Euclides Bugliotti,<\/strong> sostuvo que la <strong>construcci\u00f3n de una sucursal de la cadena \u201cS\u00faper Ma-Mi\u201d en la ciudad de San Francisco \u201csigue en pie\u201d,<\/strong> aunque aclar\u00f3 que para que se concrete \u201ctenemos que aguardar que se estabilicen algunas variables econ\u00f3micas\u201d.<\/span><\/p>\n<p><span>En declaraciones a <em>La Voz de San Justo<\/em>, el empresario a\u00f1adi\u00f3 que \u201cuna vez que finalicen las obras del S\u00faper Ma-Mi que vamos a levantar en Colonia Caroya, avanzaremos en San Francisco\u201d. Hay que tener en cuenta que el desembarco del Grupo en la ciudad del este provincial fue anunciado a mediados de 2016. En ese momento se precis\u00f3 que la empresa construir\u00eda un local y sumar\u00eda un patio de comidas, tiendas y un hotel.<\/span><\/p>\n<p><span>Grupo Dinosaurio concretar\u00e1 las obras en un<strong> terreno de 3,5 hect\u00e1reas<\/strong> que adquiri\u00f3 en el acceso oeste de la ciudad, a metros del cruce de las rutas nacional 19 y 158. De acuerdo al proyecto inicial, el establecimiento comercial tendr\u00e1 una superficie de <strong>44.400 m2.<\/strong><\/span><\/p>\n<p><span>Seg\u00fan consigna el matutino local, ya se encuentran construidas las bases a partir de las cuales el pr\u00f3ximo paso implica \u201cir hacia arriba\u201d con la construcci\u00f3n de la estructura, aunque para eso se requiere del financiamiento y desde el entorno de Bugliotti destacaron que pretenden hacerlo con capitales propios. <strong>Se estima que una obra de estas caracter\u00edsticas ronda los US$10 millones.<\/strong><\/span><\/p>\n<p><a href=\"https:\/\/puntoapunto.com.ar\/habla-el-abogado-de-bugliotti-hasta-cuando-lo-van-a-investigar\/\" target=\"_blank\" rel=\"noopener\">Bugliotti<\/a> sostuvo el motivo principal de la demora con el proyecto de San Francisco \u201ctiene que ver con la incertidumbre financiera\u201d, al tiempo que justific\u00f3 el inicio de los trabajos en Colonia Caroya porque \u201cya ten\u00edamos casi todo comprado, s\u00f3lo faltaba empezar a construir\u201d.<\/p>\n<p><img loading=\"lazy\" class=\"alignnone wp-image-218597\" src=\"http:\/\/cordobadirecto.com\/wp-content\/uploads\/2021\/09\/bugliotti-anuncio-que-retoma-proyecto-en-san-francisco.jpg\" alt width=\"715\" height=\"403\" srcset=\"http:\/\/cordobadirecto.com\/wp-content\/uploads\/2021\/09\/bugliotti-anuncio-que-retoma-proyecto-en-san-francisco.jpg 300w, http:\/\/cordobadirecto.com\/wp-content\/uploads\/2021\/09\/bugliotti-anuncio-que-retoma-proyecto-en-san-francisco-2.jpg 768w, http:\/\/cordobadirecto.com\/wp-content\/uploads\/2021\/09\/bugliotti-anuncio-que-retoma-proyecto-en-san-francisco-3.jpg 696w, http:\/\/cordobadirecto.com\/wp-content\/uploads\/2021\/09\/bugliotti-anuncio-que-retoma-proyecto-en-san-francisco-4.jpg 746w, http:\/\/cordobadirecto.com\/wp-content\/uploads\/2021\/09\/bugliotti-anuncio-que-retoma-proyecto-en-san-francisco-5.jpg 970w\" sizes=\"(max-width: 715px) 100vw, 715px\"><\/p>\n<p><span>En ese sentido, resalt\u00f3 que <strong>\u201cel proyecto de San Francisco no se modific\u00f3\u201d<\/strong> y destac\u00f3 que \u201cya se construyeron las bases. Cuando mejoren las condiciones vamos a retomar el proyecto\u201d, cuya ejecuci\u00f3n se concretar\u00e1 en seis meses. <\/span><\/p>\n<p><span>El empresario explic\u00f3 que los proyectos inmobiliarios que est\u00e1 encarando el Grupo \u201clos estamos construyendo con fondos propios\u201d, aunque \u201csi consigui\u00e9ramos cr\u00e9ditos todo ir\u00eda mucho m\u00e1s r\u00e1pido porque hace dos a\u00f1os que no hacemos nada y eso, en una empresa como la nuestra, es una barbaridad\u201d.<\/span><\/p>\n<p><span>\u201cEn este momento estamos haciendo todo a pulm\u00f3n. <strong>En el caso de la obra de Colonia Caroya est\u00e1 adelantada porque tenemos todo comprado y pagad<\/strong>o\u201d, explic\u00f3.<\/span><\/p>\n<p><span>Adem\u00e1s, se\u00f1al\u00f3 que el modelo de trabajo del Grupo Dinosaurio establece que en cada proyecto de estas caracter\u00edsticas \u201cprimero compr\u00e1bamos el terreno, hac\u00edamos las bases y el resto de la inversi\u00f3n la encar\u00e1bamos con cr\u00e9ditos. <strong>Hoy no debemos plata a los bancos, pero tampoco se puede pedir dinero con tasas de inter\u00e9s cercanas al 50%<\/strong>\u201d.<\/span><span><br \/><\/span><\/p>\n<div class=\"saboxplugin-wrap\" itemtype=\"http:\/\/schema.org\/Person\" itemscope itemprop=\"author\">\n<div class=\"saboxplugin-tab\">\n<div class=\"saboxplugin-gravatar\"><img alt src=\"http:\/\/cordobadirecto.com\/wp-content\/uploads\/2021\/09\/bugliotti-anuncio-que-retoma-proyecto-en-san-francisco-1.jpg\" srcset=\"http:\/\/cordobadirecto.com\/wp-content\/uploads\/2021\/09\/bugliotti-anuncio-que-retoma-proyecto-en-san-francisco-6.jpg 2x\" class=\"avatar avatar-100 photo\" height=\"100\" width=\"100\" itemprop=\"image\" loading=\"lazy\"><\/div>\n<div class=\"saboxplugin-desc\" readability=\"3.5392670157068\">\n<div itemprop=\"description\" readability=\"4.3560209424084\">\n<p>Este articulo fue escrito por la redacci\u00f3n de Punto a Punto. Seguinos en todas nuestras redes sociales<\/p>\n<\/div>\n<\/div>\n<\/div>\n<\/div>\n","protected":false},"excerpt":{"rendered":"<p>El presidente de Grupo Dinosaurio, Euclides Bugliotti, sostuvo que la construcci\u00f3n de una sucursal de la cadena \u201cS\u00faper Ma-Mi\u201d en la ciudad de San Francisco \u201csigue en pie\u201d, aunque aclar\u00f3 que para que se concrete \u201ctenemos que aguardar que se estabilicen algunas variables econ\u00f3micas\u201d. En declaraciones a La Voz de San Justo, el empresario a\u00f1adi\u00f3 [&hellip;]<\/p>\n","protected":false},"author":1,"featured_media":17815,"comment_status":"closed","ping_status":"closed","sticky":false,"template":"","format":"standard","meta":[],"categories":[25],"tags":[],"_links":{"self":[{"href":"http:\/\/cordobadirecto.com\/index.php\/wp-json\/wp\/v2\/posts\/17814"}],"collection":[{"href":"http:\/\/cordobadirecto.com\/index.php\/wp-json\/wp\/v2\/posts"}],"about":[{"href":"http:\/\/cordobadirecto.com\/index.php\/wp-json\/wp\/v2\/types\/post"}],"author":[{"embeddable":true,"href":"http:\/\/cordobadirecto.com\/index.php\/wp-json\/wp\/v2\/users\/1"}],"replies":[{"embeddable":true,"href":"http:\/\/cordobadirecto.com\/index.php\/wp-json\/wp\/v2\/comments?post=17814"}],"version-history":[{"count":0,"href":"http:\/\/cordobadirecto.com\/index.php\/wp-json\/wp\/v2\/posts\/17814\/revisions"}],"wp:featuredmedia":[{"embeddable":true,"href":"http:\/\/cordobadirecto.com\/index.php\/wp-json\/wp\/v2\/media\/17815"}],"wp:attachment":[{"href":"http:\/\/cordobadirecto.com\/index.php\/wp-json\/wp\/v2\/media?parent=17814"}],"wp:term":[{"taxonomy":"category","embeddable":true,"href":"http:\/\/cordobadirecto.com\/index.php\/wp-json\/wp\/v2\/categories?post=17814"},{"taxonomy":"post_tag","embeddable":true,"href":"http:\/\/cordobadirecto.com\/index.php\/wp-json\/wp\/v2\/tags?post=17814"}],"curies":[{"name":"wp","href":"https:\/\/api.w.org\/{rel}","templated":true}]}}