{"id":17818,"date":"2021-09-10T00:11:00","date_gmt":"2021-09-10T00:11:00","guid":{"rendered":"http:\/\/cordobadirecto.com\/index.php\/2021\/09\/10\/biden-lanzo-un-plan-para-vacunar-a-estatales-y-cuestiono-a-quienes-rechazan-la-inmunizacion\/"},"modified":"2021-09-10T00:11:00","modified_gmt":"2021-09-10T00:11:00","slug":"biden-lanzo-un-plan-para-vacunar-a-estatales-y-cuestiono-a-quienes-rechazan-la-inmunizacion","status":"publish","type":"post","link":"http:\/\/cordobadirecto.com\/index.php\/2021\/09\/10\/biden-lanzo-un-plan-para-vacunar-a-estatales-y-cuestiono-a-quienes-rechazan-la-inmunizacion\/","title":{"rendered":"Biden lanz\u00f3 un plan para vacunar a estatales y cuestion\u00f3 a quienes rechazan la inmunizaci\u00f3n"},"content":{"rendered":"<div class=\"image\" id=\"image\" readability=\"8\"> <img src=\"http:\/\/cordobadirecto.com\/wp-content\/uploads\/2021\/09\/biden-lanzo-un-plan-para-vacunar-a-estatales-y-cuestiono-a-quienes-rechazan-la-inmunizacion.jpg\" alt=\"Biden quiere todas las empresas se aseguren de que sus empleados est\u00e9n vacunados o se sometan a pruebas semanales\" title=\"Biden quiere todas las empresas se aseguren de que sus empleados est\u00e9n vacunados o se sometan a pruebas semanales\"><\/p>\n<p>Biden quiere todas las empresas se aseguren de que sus empleados est\u00e9n vacunados o se sometan a pruebas semanales<\/p>\n<\/div>\n<p>El presidente de Estados Unidos, Joe Biden, anunci\u00f3 este domingo un plan que obliga a la vacunaci\u00f3n contra la Covid-19 de los empelados del Estado, los trabajadores de las grandes empresas y el personal sanitario, as\u00ed como la baja en los costos de las pruebas, y cuestion\u00f3 a \u201cuna clara minor\u00eda\u201d de ciudadanos que \u201csocava la salud p\u00fablica\u201d.<\/p>\n<p><strong>&#8220;Aunque Estados Unidos est\u00e1 en mucho mejor forma que hace siete meses, cuando asum\u00ed el cargo, tengo que decirles un segundo hecho: estamos en un tramo dif\u00edcil y podr\u00eda durar un tiempo&#8221;<\/strong>, remarc\u00f3 Biden.<\/p>\n<p>En un discurso que dio esta tarde en la Casa Blanca, el mandatario dijo que <strong>su gesti\u00f3n fue \u201cpaciente\u201d con quienes rechazan la vacunaci\u00f3n, \u201cpero la paciencia se est\u00e1 agotando\u201d.<\/strong><\/p>\n<p> <iframe width=\"560\" height=\"315\" src=\"https:\/\/www.youtube.com\/embed\/mG8bgU3sDxE?wmode=transparent&amp;showinfo=0&amp;autohide=1&amp;rel=0\" frameborder=\"0\" allowfullscreen>[embedded content]<\/iframe> <\/p>\n<p>Biden lanz\u00f3 un plan para vacunar a estatales y cuestion\u00f3 a quienes rechazan la inmunizaci\u00f3n<\/p>\n<blockquote readability=\"7\">\n<p>\u201cUna minor\u00eda de estadounidenses apoyados por una minor\u00eda de funcionarios de cargos electos, impide dar vuelta la p\u00e1gina&#8221;<span class=\"comilla\">\u201d<\/span><\/p>\n<p><span>Joe Biden<\/span><\/p>\n<\/blockquote>\n<p>Para Biden, los estadounidenses que se vacunaron est\u00e1n cada vez m\u00e1s &#8220;frustrados&#8221; con los 80 millones de personas que no se inmunizaron, aunque reconoci\u00f3 que las nuevas medidas no supondr\u00e1n una soluci\u00f3n r\u00e1pida.<\/p>\n<p>Seg\u00fan la Casa Blanca, los nuevos requisitos podr\u00edan aplicarse hasta a 100 millones de estadounidenses, y constituyen el mayor impulso de Biden hasta ahora para exigir vacunas a gran parte del pa\u00eds.<\/p>\n<p><strong>&#8220;Mi mensaje a los estadounidenses no vacunados es este: \u00bfQu\u00e9 m\u00e1s hay que esperar? \u00bfQu\u00e9 m\u00e1s necesitan ver? Hemos hecho que las vacunas sean gratuitas, seguras y convenientes&#8221;<\/strong>, dijo el jefe de la Casa Blanca.<\/p>\n<div class=\"image\" id=\"image\" readability=\"7\"> <img src=\"http:\/\/cordobadirecto.com\/wp-content\/uploads\/2021\/09\/biden-lanzo-un-plan-para-vacunar-a-estatales-y-cuestiono-a-quienes-rechazan-la-inmunizacion-1.jpg\" alt=\"Se comenzar\u00e1n a vender kits de pruebas r\u00e1pidas caseras al costo durante los pr\u00f3ximos tres meses\" title=\"Se comenzar\u00e1n a vender kits de pruebas r\u00e1pidas caseras al costo durante los pr\u00f3ximos tres meses\"><\/p>\n<p>Se comenzar\u00e1n a vender kits de pruebas r\u00e1pidas caseras al costo durante los pr\u00f3ximos tres meses<\/p>\n<\/div>\n<p>&#8220;Escuchen las voces de los estadounidenses no vacunados que yacen en las camas de los hospitales, dando su \u00faltimo aliento, diciendo &#8216;si solo me hubiera vacunado&#8217;. Si solo. Es una tragedia. Por favor, no dejen que se convierta en la suya&#8221;, insisti\u00f3, seg\u00fan el sitio de la cadena CNN.<\/p>\n<p><strong>Biden anunci\u00f3 que orden\u00f3 al Departamento de Trabajo que exija a todas las empresas con 100 o m\u00e1s empleados que se aseguren de que sus empleados est\u00e9n vacunados o se someten a pruebas una vez a la semana, bajo el riesgo de ser multadas en miles de d\u00f3lares si no cumplen.<\/strong><\/p>\n<p>Revel\u00f3 tambi\u00e9n planes para bajar el costo de las pruebas de Covid-19 para los estadounidenses, incluyendo una colaboraci\u00f3n con los vendedores minoristas para hacer que los kits caseros est\u00e9n disponibles &#8220;al costo&#8221;.<\/p>\n<p><strong>&#8220;Con el fin de detectar y controlar mejor la variante delta, tomar\u00e9 medidas para que las pruebas est\u00e9n m\u00e1s disponibles, sean m\u00e1s costeables y c\u00f3modas&#8221;<\/strong>, dijo Biden.<\/p>\n<p>Explic\u00f3 que usar\u00e1 la Ley de Producci\u00f3n de Defensa \u201cpara aumentar la producci\u00f3n de pruebas r\u00e1pidas, incluyendo aquellas que se pueden hacer en casa\u201d.<\/p>\n<p>\u201c<strong>Mientras se incrementa la producci\u00f3n, mi administraci\u00f3n ha colaborado con los principales minoristas como Walmart, Amazon y Kroger y esta noche anunciamos que, a m\u00e1s tardar la pr\u00f3xima semana, cada uno de estos puntos de venta comenzar\u00e1 a vender kits de pruebas r\u00e1pidas caseras al costo durante los pr\u00f3ximos tres meses&#8221;<\/strong>, expres\u00f3.<\/p>\n<p>Seg\u00fan Biden, &#8220;esta reducci\u00f3n inmediata en los precios de los kits de pruebas caseras supone una reducci\u00f3n en costos de hasta el 35%\u201d.<\/p>\n<div class=\"js-code\" readability=\"7.9726277372263\">\n<blockquote class=\"twitter-tweet\" readability=\"9.3795620437956\">\n<p lang=\"en\" dir=\"ltr\">The pandemic of the unvaccinated is a tragedy that is preventable. People are dying and will die from COVID-19 who don&#8217;t have to. <\/p>\n<p>If you haven&#8217;t gotten vaccinated, do it now. It could save your life and the lives of those you love.<\/p>\n<p>\u2014 Joe Biden (@JoeBiden) <a href=\"https:\/\/twitter.com\/JoeBiden\/status\/1435739980706500609?ref_src=twsrc%5Etfw\">September 8, 2021<\/a><\/p><\/blockquote><\/div>\n<p>Detall\u00f3 adem\u00e1s que el Gobierno extender\u00e1 la aplicaci\u00f3n de pruebas gratuitas en 10.000 farmacias en todo el pa\u00eds y destinar\u00e1 2.000 millones de d\u00f3lares a la compra de casi 300 millones de pruebas r\u00e1pidas para su distribuci\u00f3n en centros de salud comunitarios, bancos de alimentos y escuelas, de modo que \u201ctodos los estadounidenses, independientemente de sus ingresos, puedan tener acceso a pruebas gratuitas y convenientes&#8221;.<\/p>\n<p>Despu\u00e9s <strong>volvi\u00f3 a la carga contra la \u201cclara minor\u00eda de estadounidenses apoyados por una clara minor\u00eda de funcionarios de cargos electos, que impide dar vuelta la p\u00e1gina&#8221; de la pandemia.<\/strong><\/p>\n<p><strong>&#8220;Los no vacunados abarrotan nuestros hospitales, est\u00e1n saturando las salas de urgencias y las unidades de cuidados intensivos, y no dejan espacio para alguien con un ataque al coraz\u00f3n o una pancreatitis o un c\u00e1ncer&#8221;<\/strong>, advirti\u00f3.<\/p>\n<p>Seg\u00fan el dem\u00f3crata, vacunarse o negarse a hacerlo \u201cno se trata de libertad, ni de elecci\u00f3n personal, sino de protegernos a nosotros mismos y a los que nos rodean, a la gente con la que trabajamos, a la gente que nos importa y a la gente que queremos&#8221;.<\/p>\n<p>Se\u00f1al\u00f3 que muchas grandes empresas e incluso Fox News, muy cr\u00edtica con su administraci\u00f3n, ya hab\u00edan anunciado medidas similares.<\/p>\n<p><strong>&#8220;La conclusi\u00f3n es que: vamos a proteger a los trabajadores vacunados de los compa\u00f1eros no vacunados. Vamos a reducir la propagaci\u00f3n de la Covid-19 aumentando la proporci\u00f3n de la fuerza de trabajo que est\u00e1 vacunada en las empresas de todo Estados Unidos&#8221;,<\/strong> dijo.<\/p>\n<p>La agencia ANSA mencion\u00f3 la existencia de rumores que dan cuenta de una supuesta intenci\u00f3n de Biden de promover una cumbre internacional sobre Covid y vacunaci\u00f3n durante la pr\u00f3xima asamblea general de la ONU, que re\u00fane este mes a decenas de mandatarios y jefes de Estado en Nueva York. <\/p>\n","protected":false},"excerpt":{"rendered":"<p>Biden quiere todas las empresas se aseguren de que sus empleados est\u00e9n vacunados o se sometan a pruebas semanales El presidente de Estados Unidos, Joe Biden, anunci\u00f3 este domingo un plan que obliga a la vacunaci\u00f3n contra la Covid-19 de los empelados del Estado, los trabajadores de las grandes empresas y el personal sanitario, as\u00ed [&hellip;]<\/p>\n","protected":false},"author":1,"featured_media":17819,"comment_status":"closed","ping_status":"closed","sticky":false,"template":"","format":"standard","meta":[],"categories":[24],"tags":[],"_links":{"self":[{"href":"http:\/\/cordobadirecto.com\/index.php\/wp-json\/wp\/v2\/posts\/17818"}],"collection":[{"href":"http:\/\/cordobadirecto.com\/index.php\/wp-json\/wp\/v2\/posts"}],"about":[{"href":"http:\/\/cordobadirecto.com\/index.php\/wp-json\/wp\/v2\/types\/post"}],"author":[{"embeddable":true,"href":"http:\/\/cordobadirecto.com\/index.php\/wp-json\/wp\/v2\/users\/1"}],"replies":[{"embeddable":true,"href":"http:\/\/cordobadirecto.com\/index.php\/wp-json\/wp\/v2\/comments?post=17818"}],"version-history":[{"count":0,"href":"http:\/\/cordobadirecto.com\/index.php\/wp-json\/wp\/v2\/posts\/17818\/revisions"}],"wp:featuredmedia":[{"embeddable":true,"href":"http:\/\/cordobadirecto.com\/index.php\/wp-json\/wp\/v2\/media\/17819"}],"wp:attachment":[{"href":"http:\/\/cordobadirecto.com\/index.php\/wp-json\/wp\/v2\/media?parent=17818"}],"wp:term":[{"taxonomy":"category","embeddable":true,"href":"http:\/\/cordobadirecto.com\/index.php\/wp-json\/wp\/v2\/categories?post=17818"},{"taxonomy":"post_tag","embeddable":true,"href":"http:\/\/cordobadirecto.com\/index.php\/wp-json\/wp\/v2\/tags?post=17818"}],"curies":[{"name":"wp","href":"https:\/\/api.w.org\/{rel}","templated":true}]}}