{"id":17825,"date":"2021-09-10T18:47:01","date_gmt":"2021-09-10T18:47:01","guid":{"rendered":"https:\/\/www.cordoba.gob.ar\/?p=13230"},"modified":"2021-09-10T18:47:01","modified_gmt":"2021-09-10T18:47:01","slug":"elecciones-el-domingo-el-transporte-urbano-sera-gratuito-para-quienes-vayan-a-votar","status":"publish","type":"post","link":"http:\/\/cordobadirecto.com\/index.php\/2021\/09\/10\/elecciones-el-domingo-el-transporte-urbano-sera-gratuito-para-quienes-vayan-a-votar\/","title":{"rendered":"Elecciones: el domingo el transporte urbano ser\u00e1 gratuito para quienes vayan a votar"},"content":{"rendered":"<div><img src=\"http:\/\/cordobadirecto.com\/wp-content\/uploads\/2021\/09\/elecciones-el-domingo-el-transporte-urbano-sera-gratuito-para-quienes-vayan-a-votar.jpg\" class=\"ff-og-image-inserted\"><\/div>\n<p>La Secretar\u00eda de Movilidad Urbana informa que las personas habilitadas para votar en las elecciones Primarias Abiertas Simult\u00e1neas y Obligatorias (PASO), del pr\u00f3ximo domingo 12 de septiembre, podr\u00e1n trasladarse en el transporte urbano de manera gratuita, entre las 6.30 y las 20 horas.<\/p>\n<p>La resoluci\u00f3n alcanza a los ciudadanos de la ciudad de C\u00f3rdoba que acrediten los siguientes requisitos:<\/p>\n<p>a) Ser mayor de 18 a\u00f1os.<\/p>\n<p>b) Ser menor de 18 a\u00f1os, acreditar constancia de inscripci\u00f3n en el padr\u00f3n ante la Junta Electoral y poseer la constancia emitida por la citada Junta;<\/p>\n<p>c) Certificar en ambos casos que su domicilio se encuentra a m\u00e1s de 30 cuadras del centro votaci\u00f3n correspondiente, portando constancia de la que se desprenda el domicilio del centro referido.<\/p>\n","protected":false},"excerpt":{"rendered":"<p>La Secretar\u00eda de Movilidad Urbana informa que las personas habilitadas para votar en las elecciones Primarias Abiertas Simult\u00e1neas y Obligatorias (PASO), del pr\u00f3ximo domingo 12 de septiembre, podr\u00e1n trasladarse en el transporte urbano de manera gratuita, entre las 6.30 y las 20 horas. La resoluci\u00f3n alcanza a los ciudadanos de la ciudad de C\u00f3rdoba que [&hellip;]<\/p>\n","protected":false},"author":1,"featured_media":17826,"comment_status":"closed","ping_status":"closed","sticky":false,"template":"","format":"standard","meta":[],"categories":[44],"tags":[],"_links":{"self":[{"href":"http:\/\/cordobadirecto.com\/index.php\/wp-json\/wp\/v2\/posts\/17825"}],"collection":[{"href":"http:\/\/cordobadirecto.com\/index.php\/wp-json\/wp\/v2\/posts"}],"about":[{"href":"http:\/\/cordobadirecto.com\/index.php\/wp-json\/wp\/v2\/types\/post"}],"author":[{"embeddable":true,"href":"http:\/\/cordobadirecto.com\/index.php\/wp-json\/wp\/v2\/users\/1"}],"replies":[{"embeddable":true,"href":"http:\/\/cordobadirecto.com\/index.php\/wp-json\/wp\/v2\/comments?post=17825"}],"version-history":[{"count":0,"href":"http:\/\/cordobadirecto.com\/index.php\/wp-json\/wp\/v2\/posts\/17825\/revisions"}],"wp:featuredmedia":[{"embeddable":true,"href":"http:\/\/cordobadirecto.com\/index.php\/wp-json\/wp\/v2\/media\/17826"}],"wp:attachment":[{"href":"http:\/\/cordobadirecto.com\/index.php\/wp-json\/wp\/v2\/media?parent=17825"}],"wp:term":[{"taxonomy":"category","embeddable":true,"href":"http:\/\/cordobadirecto.com\/index.php\/wp-json\/wp\/v2\/categories?post=17825"},{"taxonomy":"post_tag","embeddable":true,"href":"http:\/\/cordobadirecto.com\/index.php\/wp-json\/wp\/v2\/tags?post=17825"}],"curies":[{"name":"wp","href":"https:\/\/api.w.org\/{rel}","templated":true}]}}