{"id":17964,"date":"2021-09-11T03:37:32","date_gmt":"2021-09-11T03:37:32","guid":{"rendered":"http:\/\/estaciontrip.com.ar\/?p=6198"},"modified":"2021-09-11T03:37:32","modified_gmt":"2021-09-11T03:37:32","slug":"el-mes-del-turismo-se-disfruta-en-la-ciudad-de-cordoba","status":"publish","type":"post","link":"http:\/\/cordobadirecto.com\/index.php\/2021\/09\/11\/el-mes-del-turismo-se-disfruta-en-la-ciudad-de-cordoba\/","title":{"rendered":"El mes del Turismo se disfruta en la Ciudad de C\u00f3rdoba"},"content":{"rendered":"<p><em>Hay una grilla imperdible de actividades y distintas propuestas gratuitas y para todas edades. <\/em><\/p>\n<p>Durante todo el mes de septiembre la ciudad de C\u00f3rdoba se pliega a la celebraci\u00f3n del D\u00eda Internacional del Turismo, con m\u00faltiples propuestas culturales, recreativas, gastron\u00f3micas para vecinos y visitantes en distintos espacios ic\u00f3nicos de \u201cLa Docta\u201d.<\/p>\n<div id=\"envira-gallery-wrap-6201\" class=\"envira-gallery-wrap envira-gallery-theme-base envira-lightbox-theme-base\" itemscope itemtype=\"https:\/\/schema.org\/ImageGallery\">\n<div data-row-height data-gallery-theme id=\"envira-gallery-6201\" class=\"envira-gallery-public envira-gallery-1-columns envira-clear enviratope envira-gallery-css-animations\" data-envira-columns=\"1\">\n<div id=\"envira-gallery-item-6202\" class=\"envira-gallery-item enviratope-item envira-gallery-item-1 envira-lazy-load\" itemscope itemtype=\"https:\/\/schema.org\/ImageObject\">\n<div class=\"envira-gallery-item-inner\"><a href=\"http:\/\/cordobadirecto.com\/wp-content\/uploads\/2021\/09\/el-mes-del-turismo-se-disfruta-en-la-ciudad-de-cordoba-1.jpg\" class=\"envira-gallery-6201 envira-gallery-link\" rel=\"enviragallery6201\" title=\"241217151_533728007841421_5472411667967152110_n\" data-envira-caption=\"241217151_533728007841421_5472411667967152110_n\" data-envira-retina data-thumbnail itemprop=\"contentUrl\"><\/p>\n<div class=\"envira-lazy\" data-test-width=\"640\" data-test-height=\"480\"><img id=\"envira-gallery-image-6202\" class=\"envira-gallery-image envira-gallery-image-1\" data-envira-index=\"1\" src=\"http:\/\/cordobadirecto.com\/wp-content\/uploads\/2021\/09\/el-mes-del-turismo-se-disfruta-en-la-ciudad-de-cordoba.jpg\" data-envira-src=\"http:\/\/cordobadirecto.com\/wp-content\/uploads\/2021\/09\/el-mes-del-turismo-se-disfruta-en-la-ciudad-de-cordoba.jpg\" data-envira-gallery-id=\"6201\" data-envira-item-id=\"6202\" data-envira-caption=\"241217151_533728007841421_5472411667967152110_n\" alt title=\"241217151_533728007841421_5472411667967152110_n\" itemprop=\"thumbnailUrl\" data-envira-srcset=\"http:\/\/cordobadirecto.com\/wp-content\/uploads\/2021\/09\/el-mes-del-turismo-se-disfruta-en-la-ciudad-de-cordoba.jpg 400w,http:\/\/cordobadirecto.com\/wp-content\/uploads\/2021\/09\/el-mes-del-turismo-se-disfruta-en-la-ciudad-de-cordoba.jpg 2x\" srcset=\"data:image\/gif;base64,R0lGODlhAQABAIAAAP\/\/\/\/\/\/\/yH5BAEKAAEALAAAAAABAAEAAAICTAEAOw==\"><\/div>\n<p><\/a><\/div>\n<\/div>\n<\/div>\n<\/div>\n<p><noscript><img src=\"http:\/\/cordobadirecto.com\/wp-content\/uploads\/2021\/09\/el-mes-del-turismo-se-disfruta-en-la-ciudad-de-cordoba-1.jpg\" alt><\/noscript> <\/p>\n<p>Las actividades organizadas por el municipio ser\u00e1n gratuitas y para todas las edades, entre ellas se destacan el programa&nbsp;<strong>\u201cC\u00f3rdoba con Sabor\u201d<\/strong>, que reunir\u00e1 lo mejor de la gastronom\u00eda cordobesa. En su primera edici\u00f3n<strong>&nbsp;\u201cLas horas m\u00e1s felices son\u201d<\/strong>, que se llevar\u00e1 a cabo del 15 al 19 de septiembre, tendr\u00e1 diversas actividades y promociones en determinadas horas del d\u00eda.<\/p>\n<p>En la misma tem\u00e1tica, el 17 de septiembre en el Mercado Norte habr\u00e1 cocina y m\u00fasica en vivo, ferias y diversos atractivos en el evento&nbsp;<strong>\u201cLa noche del Mercado\u201d<\/strong>. Durante este mes tambi\u00e9n se dar\u00e1 a conocer el proyecto:&nbsp;<strong>\u201cG\u00fcemes: 100 bares en 8 manzanas\u201d<\/strong>, inspirado en un relevamiento que da cuenta de las caracter\u00edsticas de la valiosa oferta gastron\u00f3mica del pintoresco barrio.<\/p>\n<div id=\"envira-gallery-wrap-6203\" class=\"envira-gallery-wrap envira-gallery-theme-base envira-lightbox-theme-base\" itemscope itemtype=\"https:\/\/schema.org\/ImageGallery\">\n<div data-row-height data-gallery-theme id=\"envira-gallery-6203\" class=\"envira-gallery-public envira-gallery-1-columns envira-clear enviratope envira-gallery-css-animations\" data-envira-columns=\"1\">\n<div id=\"envira-gallery-item-6204\" class=\"envira-gallery-item enviratope-item envira-gallery-item-1 envira-lazy-load\" itemscope itemtype=\"https:\/\/schema.org\/ImageObject\">\n<div class=\"envira-gallery-item-inner\"><a href=\"http:\/\/cordobadirecto.com\/wp-content\/uploads\/2021\/09\/el-mes-del-turismo-se-disfruta-en-la-ciudad-de-cordoba-3.jpg\" class=\"envira-gallery-6203 envira-gallery-link\" rel=\"enviragallery6203\" title=\"241426337_567421957640087_2563502860522686435_n\" data-envira-caption=\"241426337_567421957640087_2563502860522686435_n\" data-envira-retina data-thumbnail itemprop=\"contentUrl\"><\/p>\n<div class=\"envira-lazy\" data-test-width=\"640\" data-test-height=\"480\"><img id=\"envira-gallery-image-6204\" class=\"envira-gallery-image envira-gallery-image-1\" data-envira-index=\"1\" src=\"http:\/\/cordobadirecto.com\/wp-content\/uploads\/2021\/09\/el-mes-del-turismo-se-disfruta-en-la-ciudad-de-cordoba-2.jpg\" data-envira-src=\"http:\/\/cordobadirecto.com\/wp-content\/uploads\/2021\/09\/el-mes-del-turismo-se-disfruta-en-la-ciudad-de-cordoba-2.jpg\" data-envira-gallery-id=\"6203\" data-envira-item-id=\"6204\" data-envira-caption=\"241426337_567421957640087_2563502860522686435_n\" alt title=\"241426337_567421957640087_2563502860522686435_n\" itemprop=\"thumbnailUrl\" data-envira-srcset=\"http:\/\/cordobadirecto.com\/wp-content\/uploads\/2021\/09\/el-mes-del-turismo-se-disfruta-en-la-ciudad-de-cordoba-2.jpg 400w,http:\/\/cordobadirecto.com\/wp-content\/uploads\/2021\/09\/el-mes-del-turismo-se-disfruta-en-la-ciudad-de-cordoba-2.jpg 2x\" srcset=\"data:image\/gif;base64,R0lGODlhAQABAIAAAP\/\/\/\/\/\/\/yH5BAEKAAEALAAAAAABAAEAAAICTAEAOw==\"><\/div>\n<p><\/a><\/div>\n<\/div>\n<\/div>\n<\/div>\n<p><noscript><img src=\"http:\/\/cordobadirecto.com\/wp-content\/uploads\/2021\/09\/el-mes-del-turismo-se-disfruta-en-la-ciudad-de-cordoba-3.jpg\" alt><\/noscript> <\/p>\n<p>Adem\u00e1s, el 13 y 14 se realizar\u00e1n las&nbsp;<strong>\u201cJornadas Brocherianas\u201d<\/strong>, donde se rendir\u00e1 homenaje al Cura Brochero en el octavo aniversario de su beatificaci\u00f3n. La iniciativa incluye charlas, visitas guiadas y actividades que rescatar\u00e1n la vida, obra y el legado que el cura gaucho dej\u00f3 en su paso por nuestra ciudad.<\/p>\n<p>Del 16 al 21 tambi\u00e9n se llevar\u00e1 a cabo en distintos puntos de la ciudad la&nbsp;<strong>\u201cFeria de Arte C\u00f3rdoba 2021\u201d<\/strong>, con modalidad presencial y virtual, y tendr\u00e1 muestras, performances, recorridos, visitas, conciertos, charlas y conversatorios, talleres, intervenciones y m\u00e1s.<\/p>\n<p>El 29 de septiembre, los cementerios San Vicente, San Jer\u00f3nimo y El Salvador abrir\u00e1n sus puertas en&nbsp;<strong>\u201cLa Noche de los Cementerios\u201d<\/strong>, para ofrecer un recorrido guiado especial que invita a adentrarse en la historia, la arquitectura, el arte y la religi\u00f3n.<\/p>\n<div id=\"envira-gallery-wrap-6205\" class=\"envira-gallery-wrap envira-gallery-theme-base envira-lightbox-theme-base\" itemscope itemtype=\"https:\/\/schema.org\/ImageGallery\">\n<div data-row-height data-gallery-theme id=\"envira-gallery-6205\" class=\"envira-gallery-public envira-gallery-1-columns envira-clear enviratope envira-gallery-css-animations\" data-envira-columns=\"1\">\n<div id=\"envira-gallery-item-6206\" class=\"envira-gallery-item enviratope-item envira-gallery-item-1 envira-lazy-load\" itemscope itemtype=\"https:\/\/schema.org\/ImageObject\">\n<div class=\"envira-gallery-item-inner\"><a href=\"http:\/\/cordobadirecto.com\/wp-content\/uploads\/2021\/09\/el-mes-del-turismo-se-disfruta-en-la-ciudad-de-cordoba-4.jpg\" class=\"envira-gallery-6205 envira-gallery-link\" rel=\"enviragallery6205\" title=\"241217151_533728007841421_5472411667967152110_n\" data-envira-caption=\"241217151_533728007841421_5472411667967152110_n\" data-envira-retina data-thumbnail itemprop=\"contentUrl\"><\/p>\n<div class=\"envira-lazy\" data-test-width=\"640\" data-test-height=\"480\"><img id=\"envira-gallery-image-6206\" class=\"envira-gallery-image envira-gallery-image-1\" data-envira-index=\"1\" src=\"http:\/\/cordobadirecto.com\/wp-content\/uploads\/2021\/09\/el-mes-del-turismo-se-disfruta-en-la-ciudad-de-cordoba.jpg\" data-envira-src=\"http:\/\/cordobadirecto.com\/wp-content\/uploads\/2021\/09\/el-mes-del-turismo-se-disfruta-en-la-ciudad-de-cordoba.jpg\" data-envira-gallery-id=\"6205\" data-envira-item-id=\"6206\" data-envira-caption=\"241217151_533728007841421_5472411667967152110_n\" alt title=\"241217151_533728007841421_5472411667967152110_n\" itemprop=\"thumbnailUrl\" data-envira-srcset=\"http:\/\/cordobadirecto.com\/wp-content\/uploads\/2021\/09\/el-mes-del-turismo-se-disfruta-en-la-ciudad-de-cordoba.jpg 400w,http:\/\/cordobadirecto.com\/wp-content\/uploads\/2021\/09\/el-mes-del-turismo-se-disfruta-en-la-ciudad-de-cordoba.jpg 2x\" srcset=\"data:image\/gif;base64,R0lGODlhAQABAIAAAP\/\/\/\/\/\/\/yH5BAEKAAEALAAAAAABAAEAAAICTAEAOw==\"><\/div>\n<p><\/a><\/div>\n<\/div>\n<\/div>\n<\/div>\n<p><noscript><img src=\"http:\/\/cordobadirecto.com\/wp-content\/uploads\/2021\/09\/el-mes-del-turismo-se-disfruta-en-la-ciudad-de-cordoba-4.jpg\" alt><\/noscript> <\/p>\n<p><strong>Contin\u00faan los ciclos de m\u00fasica, teatro y t\u00edteres<\/strong><\/p>\n<p>Los elencos estables municipales tambi\u00e9n se suman a la bater\u00eda de propuestas para disfrutar el mes del turismo en C\u00f3rdoba Capital, y presentar\u00e1n sus espect\u00e1culos de m\u00fasica, danza y teatro gratuitos en los ciclos&nbsp;<strong>\u201cAplaudimos con m\u00fasica\u201d, \u201cDes \u2013 Concierto\u201d, \u201cElencos en familia\u201d, y \u201cDid\u00e1cticos en Escuelas Municipales\u201d<\/strong>.<\/p>\n<p>Adem\u00e1s, contin\u00faan los ciclos&nbsp;<strong>\u201cTeatro Cerca\u201d<\/strong>&nbsp;con 16 obras con funciones presenciales y gratuitas en centros vecinales, espacios culturales, clubes, comedores y plazas; y \u201cT\u00edteres en el Cabildo\u201d que incluye funciones de teatro de t\u00edteres para ni\u00f1os en el Patio Mayor del Cabildo.<\/p>\n<p><strong>Actividades recreativas en Costanera y Jard\u00edn bot\u00e1nico<\/strong><\/p>\n<p>El s\u00e1bado 18 de septiembre, contin\u00faan las propuestas de actividades recreativas en la renovada Costanera. Se llevar\u00e1 a cabo una nueva edici\u00f3n del&nbsp;<strong>Trekking Urbano Cultural<\/strong>, que invita a realizar una caminata de descubrimiento por las nuevas sendas peatonales a lo largo del r\u00edo Suqu\u00eda, rememorando la cultura, la historia del r\u00edo y el patrimonio que lo rodea.<\/p>\n<div id=\"envira-gallery-wrap-6207\" class=\"envira-gallery-wrap envira-gallery-theme-base envira-lightbox-theme-base\" itemscope itemtype=\"https:\/\/schema.org\/ImageGallery\">\n<div data-row-height data-gallery-theme id=\"envira-gallery-6207\" class=\"envira-gallery-public envira-gallery-1-columns envira-clear enviratope envira-gallery-css-animations\" data-envira-columns=\"1\">\n<div id=\"envira-gallery-item-6208\" class=\"envira-gallery-item enviratope-item envira-gallery-item-1 envira-lazy-load\" itemscope itemtype=\"https:\/\/schema.org\/ImageObject\">\n<div class=\"envira-gallery-item-inner\"><a href=\"http:\/\/cordobadirecto.com\/wp-content\/uploads\/2021\/09\/el-mes-del-turismo-se-disfruta-en-la-ciudad-de-cordoba-6.jpg\" class=\"envira-gallery-6207 envira-gallery-link\" rel=\"enviragallery6207\" title=\"241381828_1613680549023545_1328381957535744711_n\" data-envira-caption=\"241381828_1613680549023545_1328381957535744711_n\" data-envira-retina data-thumbnail itemprop=\"contentUrl\"><\/p>\n<div class=\"envira-lazy\" data-test-width=\"640\" data-test-height=\"480\"><img id=\"envira-gallery-image-6208\" class=\"envira-gallery-image envira-gallery-image-1\" data-envira-index=\"1\" src=\"http:\/\/cordobadirecto.com\/wp-content\/uploads\/2021\/09\/el-mes-del-turismo-se-disfruta-en-la-ciudad-de-cordoba-5.jpg\" data-envira-src=\"http:\/\/cordobadirecto.com\/wp-content\/uploads\/2021\/09\/el-mes-del-turismo-se-disfruta-en-la-ciudad-de-cordoba-5.jpg\" data-envira-gallery-id=\"6207\" data-envira-item-id=\"6208\" data-envira-caption=\"241381828_1613680549023545_1328381957535744711_n\" alt title=\"241381828_1613680549023545_1328381957535744711_n\" itemprop=\"thumbnailUrl\" data-envira-srcset=\"http:\/\/cordobadirecto.com\/wp-content\/uploads\/2021\/09\/el-mes-del-turismo-se-disfruta-en-la-ciudad-de-cordoba-5.jpg 400w,http:\/\/cordobadirecto.com\/wp-content\/uploads\/2021\/09\/el-mes-del-turismo-se-disfruta-en-la-ciudad-de-cordoba-5.jpg 2x\" srcset=\"data:image\/gif;base64,R0lGODlhAQABAIAAAP\/\/\/\/\/\/\/yH5BAEKAAEALAAAAAABAAEAAAICTAEAOw==\"><\/div>\n<p><\/a><\/div>\n<\/div>\n<\/div>\n<\/div>\n<p><noscript><img src=\"http:\/\/cordobadirecto.com\/wp-content\/uploads\/2021\/09\/el-mes-del-turismo-se-disfruta-en-la-ciudad-de-cordoba-6.jpg\" alt><\/noscript> <\/p>\n<p>Por su parte, en el&nbsp;<strong>Jard\u00edn Bot\u00e1nico<\/strong>&nbsp;se podr\u00e1n realizar visitas de lunes a viernes, de 8 a 15 hs., y s\u00e1bados, domingos y feriados de 8 a 19:30hs. para conocer m\u00e1s sobre la diversidad vegetal, comprender la importancia de su cuidado y preservaci\u00f3n disfrutando uno de los mejores escenarios de conservaci\u00f3n.<\/p>\n<p><strong>Centros culturales municipales y cementerios<\/strong><\/p>\n<p>A toda la programaci\u00f3n especial se suman las visitas guiadas habituales en los cementerios, y las actividades de los distintos espacios culturales municipales como La Piojera, el Centro Cultural Espa\u00f1a C\u00f3rdoba y el Cineclub Municipal.<\/p>\n<p>La programaci\u00f3n detallada se puede consultar en este&nbsp;<a href=\"https:\/\/turismo.cordoba.gob.ar\/disfruta-el-mes-del-turismo-en-cordoba-capital\/\" target=\"_blank\" rel=\"noreferrer noopener\">enlace.<\/a><\/p>\n","protected":false},"excerpt":{"rendered":"<p>Hay una grilla imperdible de actividades y distintas propuestas gratuitas y para todas edades. Durante todo el mes de septiembre la ciudad de C\u00f3rdoba se pliega a la celebraci\u00f3n del D\u00eda Internacional del Turismo, con m\u00faltiples propuestas culturales, recreativas, gastron\u00f3micas para vecinos y visitantes en distintos espacios ic\u00f3nicos de \u201cLa Docta\u201d. Las actividades organizadas por [&hellip;]<\/p>\n","protected":false},"author":1,"featured_media":17965,"comment_status":"closed","ping_status":"closed","sticky":false,"template":"","format":"standard","meta":[],"categories":[22],"tags":[],"_links":{"self":[{"href":"http:\/\/cordobadirecto.com\/index.php\/wp-json\/wp\/v2\/posts\/17964"}],"collection":[{"href":"http:\/\/cordobadirecto.com\/index.php\/wp-json\/wp\/v2\/posts"}],"about":[{"href":"http:\/\/cordobadirecto.com\/index.php\/wp-json\/wp\/v2\/types\/post"}],"author":[{"embeddable":true,"href":"http:\/\/cordobadirecto.com\/index.php\/wp-json\/wp\/v2\/users\/1"}],"replies":[{"embeddable":true,"href":"http:\/\/cordobadirecto.com\/index.php\/wp-json\/wp\/v2\/comments?post=17964"}],"version-history":[{"count":0,"href":"http:\/\/cordobadirecto.com\/index.php\/wp-json\/wp\/v2\/posts\/17964\/revisions"}],"wp:featuredmedia":[{"embeddable":true,"href":"http:\/\/cordobadirecto.com\/index.php\/wp-json\/wp\/v2\/media\/17965"}],"wp:attachment":[{"href":"http:\/\/cordobadirecto.com\/index.php\/wp-json\/wp\/v2\/media?parent=17964"}],"wp:term":[{"taxonomy":"category","embeddable":true,"href":"http:\/\/cordobadirecto.com\/index.php\/wp-json\/wp\/v2\/categories?post=17964"},{"taxonomy":"post_tag","embeddable":true,"href":"http:\/\/cordobadirecto.com\/index.php\/wp-json\/wp\/v2\/tags?post=17964"}],"curies":[{"name":"wp","href":"https:\/\/api.w.org\/{rel}","templated":true}]}}