{"id":17969,"date":"2021-09-11T00:45:00","date_gmt":"2021-09-11T00:45:00","guid":{"rendered":"http:\/\/cordobadirecto.com\/index.php\/2021\/09\/11\/11-s-por-que-continua-aumentado-el-numero-de-victimas\/"},"modified":"2021-09-11T00:45:00","modified_gmt":"2021-09-11T00:45:00","slug":"11-s-por-que-continua-aumentado-el-numero-de-victimas","status":"publish","type":"post","link":"http:\/\/cordobadirecto.com\/index.php\/2021\/09\/11\/11-s-por-que-continua-aumentado-el-numero-de-victimas\/","title":{"rendered":"11-S: \u00bfPor qu\u00e9 contin\u00faa aumentado el n\u00famero de v\u00edctimas?"},"content":{"rendered":"<div><img src=\"http:\/\/cordobadirecto.com\/wp-content\/uploads\/2021\/09\/11-s-por-que-continua-aumentado-el-numero-de-victimas.jpg\" class=\"ff-og-image-inserted\"><\/div>\n<p> <iframe width=\"560\" height=\"315\" src=\"https:\/\/www.youtube.com\/embed\/bYh1HkkHe3s?wmode=transparent&amp;showinfo=0&amp;autohide=1&amp;rel=0\" frameborder=\"0\" allowfullscreen>[embedded content]<\/iframe> <\/p>\n<p>11-S: \u00bfPOR QU\u00c9 CONTIN\u00daA AUMENTANDO EL N\u00daMERO DE V\u00cdCTIMAS?<\/p>\n<p>A dos d\u00e9cadas del atentado contra las Torres Gemelas y El Pent\u00e1gono, la cifra de muertos sigue creciendo. A la lista de m\u00e1s de 3.000 muertos en el momento del ataque se suman las v\u00edctimas indirectas: personas que participaron de las tareas de rescate o estuvieron en la zona del desastre y desarrollaron enfermedades graves tras inhalar las part\u00edculas t\u00f3xicas que permanecieron en el aire, producto del desplome de los edificios.<\/p>\n<p>Este video forma parte de <strong>T\u00e9lam Global, un micro semanal sobre las noticias mundiales m\u00e1s relevantes, presentado por Manuela Casta\u00f1eda<\/strong>. <\/p>\n","protected":false},"excerpt":{"rendered":"<p>[embedded content] 11-S: \u00bfPOR QU\u00c9 CONTIN\u00daA AUMENTANDO EL N\u00daMERO DE V\u00cdCTIMAS? A dos d\u00e9cadas del atentado contra las Torres Gemelas y El Pent\u00e1gono, la cifra de muertos sigue creciendo. A la lista de m\u00e1s de 3.000 muertos en el momento del ataque se suman las v\u00edctimas indirectas: personas que participaron de las tareas de rescate [&hellip;]<\/p>\n","protected":false},"author":1,"featured_media":17970,"comment_status":"closed","ping_status":"closed","sticky":false,"template":"","format":"standard","meta":[],"categories":[24],"tags":[],"_links":{"self":[{"href":"http:\/\/cordobadirecto.com\/index.php\/wp-json\/wp\/v2\/posts\/17969"}],"collection":[{"href":"http:\/\/cordobadirecto.com\/index.php\/wp-json\/wp\/v2\/posts"}],"about":[{"href":"http:\/\/cordobadirecto.com\/index.php\/wp-json\/wp\/v2\/types\/post"}],"author":[{"embeddable":true,"href":"http:\/\/cordobadirecto.com\/index.php\/wp-json\/wp\/v2\/users\/1"}],"replies":[{"embeddable":true,"href":"http:\/\/cordobadirecto.com\/index.php\/wp-json\/wp\/v2\/comments?post=17969"}],"version-history":[{"count":0,"href":"http:\/\/cordobadirecto.com\/index.php\/wp-json\/wp\/v2\/posts\/17969\/revisions"}],"wp:featuredmedia":[{"embeddable":true,"href":"http:\/\/cordobadirecto.com\/index.php\/wp-json\/wp\/v2\/media\/17970"}],"wp:attachment":[{"href":"http:\/\/cordobadirecto.com\/index.php\/wp-json\/wp\/v2\/media?parent=17969"}],"wp:term":[{"taxonomy":"category","embeddable":true,"href":"http:\/\/cordobadirecto.com\/index.php\/wp-json\/wp\/v2\/categories?post=17969"},{"taxonomy":"post_tag","embeddable":true,"href":"http:\/\/cordobadirecto.com\/index.php\/wp-json\/wp\/v2\/tags?post=17969"}],"curies":[{"name":"wp","href":"https:\/\/api.w.org\/{rel}","templated":true}]}}