{"id":1797,"date":"2021-02-19T03:33:45","date_gmt":"2021-02-19T03:33:45","guid":{"rendered":"https:\/\/puntoapunto.com.ar\/?p=273256"},"modified":"2021-02-19T03:33:45","modified_gmt":"2021-02-19T03:33:45","slug":"el-pj-capital-se-muestra-los-dientes-por-la-conduccion-del-bloque-en-el-concejo","status":"publish","type":"post","link":"http:\/\/cordobadirecto.com\/index.php\/2021\/02\/19\/el-pj-capital-se-muestra-los-dientes-por-la-conduccion-del-bloque-en-el-concejo\/","title":{"rendered":"El PJ Capital se muestra los dientes por la conducci\u00f3n del bloque en el Concejo"},"content":{"rendered":"<p><!-- image --><\/p>\n<div class=\"td-post-featured-image\"><a href=\"http:\/\/cordobadirecto.com\/wp-content\/uploads\/2021\/02\/el-pj-capital-se-muestra-los-dientes-por-la-conduccion-del-bloque-en-el-concejo-8.jpg\" data-caption><img loading=\"lazy\" width=\"696\" height=\"464\" class=\"entry-thumb td-modal-image\" src=\"http:\/\/cordobadirecto.com\/wp-content\/uploads\/2021\/02\/el-pj-capital-se-muestra-los-dientes-por-la-conduccion-del-bloque-en-el-concejo.jpg\" srcset=\"http:\/\/cordobadirecto.com\/wp-content\/uploads\/2021\/02\/el-pj-capital-se-muestra-los-dientes-por-la-conduccion-del-bloque-en-el-concejo.jpg 696w, http:\/\/cordobadirecto.com\/wp-content\/uploads\/2021\/02\/el-pj-capital-se-muestra-los-dientes-por-la-conduccion-del-bloque-en-el-concejo-4.jpg 300w, http:\/\/cordobadirecto.com\/wp-content\/uploads\/2021\/02\/el-pj-capital-se-muestra-los-dientes-por-la-conduccion-del-bloque-en-el-concejo-5.jpg 768w, http:\/\/cordobadirecto.com\/wp-content\/uploads\/2021\/02\/el-pj-capital-se-muestra-los-dientes-por-la-conduccion-del-bloque-en-el-concejo-6.jpg 150w, http:\/\/cordobadirecto.com\/wp-content\/uploads\/2021\/02\/el-pj-capital-se-muestra-los-dientes-por-la-conduccion-del-bloque-en-el-concejo-7.jpg 630w, http:\/\/cordobadirecto.com\/wp-content\/uploads\/2021\/02\/el-pj-capital-se-muestra-los-dientes-por-la-conduccion-del-bloque-en-el-concejo-8.jpg 1000w\" sizes=\"(max-width: 696px) 100vw, 696px\" alt title=\"concejales llaryora\"><\/a><\/div>\n<p> <!-- content --><\/p>\n<div class=\"td-a-rec td-a-rec-id-content_top tdi_63_8e4 td_block_template_10\">\n<div class=\"g g-34\">\n<div class=\"g-single a-210\"><!-- Error, Ad is not available at this time due to schedule\/geolocation restrictions! --><br \/>\n<br \/><a class=\"gofollow\" data-track=\"MjEwLDM0LDEsNjA=\" href=\"http:\/\/www.grupocanter.com.ar\/landing\/pap\/?utm_source=Punto%20a%20Punto&amp;utm_medium=Banner&amp;utm_campaign=Departamentos&amp;utm_term=Banner%20Pie%20de%20Nota\"><img src=\"http:\/\/cordobadirecto.com\/wp-content\/uploads\/2021\/02\/el-pj-capital-se-muestra-los-dientes-por-la-conduccion-del-bloque-en-el-concejo.gif\"><\/a>\n<\/div>\n<\/div>\n<\/div>\n<p>El a\u00f1o para el peronismo de la Capital arranc\u00f3 con la disputa por el control del bloque oficialista en el Concejo, tras el pase de Juan Domingo Viola del Legislativo municipal al Ejecutivo a fines del 2020. La puja arranc\u00f3 con la intenci\u00f3n de diversos sectores por tomar el comando de la bancada y empezaron a verse fisuras que se acentuaron en los \u00faltimos d\u00edas.<\/p>\n<p>Cada sector, el llaryorismo, el viguismo y el delasotismo, tiene sus fichas puestas en el control del bloque. Aunque, a decir verdad, de las tres vertientes que existen en el peronismo de la Ciudad con representaci\u00f3n en el Concejo, las dos primeras siguen tensando posturas para quedarse con ese manejo; mientras el delasotismo parece apartado de la disputa.<\/p>\n<h4>El elegido<\/h4>\n<p>En el Palacio 6 de Julio el que tiene la venia para conducir el bloque es Nicol\u00e1s Piloni, edil que viene del llaryorismo, que tuvo su origen en la seccional 4\u00aa y que en la campa\u00f1a del 2019 termin\u00f3 coordinando los hilos en la 8\u00aa.<\/p>\n<p>\u201cLo conoce a (Mart\u00edn) Llaryora hace a\u00f1os, tiene una relaci\u00f3n desde hace mucho tiempo y, dentro del espacio, tiene algunas batallas ganadas en nombre del \u20181\u2019\u201d, sintetiz\u00f3 un importante dirigente de la Capital cordobesa con despacho propio en la Municipalidad. El hombre, adem\u00e1s, agreg\u00f3 que, si bien no presidi\u00f3 nunca una seccional en la Ciudad, particip\u00f3 de las internas y alg\u00fan r\u00e9dito sac\u00f3.<\/p>\n<p>De buena relaci\u00f3n con la Vieja Guardia del peronismo, y de aceitados v\u00ednculos con algunos ministros <a href=\"https:\/\/puntoapunto.com.ar\/wp-admin\/post.php?post=273116&amp;action=edit\">schiarettistas<\/a>, Piloni es el concejal que quiere Llaryora en la conducci\u00f3n del bloque. Y es algo que, incluso varios de sus pares, advirtieron desde hace ya algunas semanas.<\/p>\n<h4>El viguismo no se rinde<\/h4>\n<p>Con el delasotismo pr\u00e1cticamente afuera de la pelea, el sector que demostr\u00f3 no declinar en sus intereses por conducir el bloque es el que representa en el Concejo a la diputada nacional Alejandra Vigo. La esposa del gobernador tiene su base de operaciones y acumula territorio en la Capital, motivos varios como para quedarse con el control del bloque y darle continuidad a la gesti\u00f3n de Viola, que si bien en el \u00faltimo tiempo afin\u00f3 contactos con el llaryorismo, nunca sac\u00f3 los pies del plato del viguismo.<\/p>\n<p>Y aqu\u00ed, la primera opci\u00f3n del sector era la actual presidenta provisoria del cuerpo, la concejala Sandra Trigo. La exlegisladora se alej\u00f3 de las chances y las versiones son dos: una, desde el entorno de la concejala, es que \u201caguard\u00f3 la venia de Vigo para no mandarse y despu\u00e9s avisar. Como hicieron otros\u201d. Y la otra, desde otra vertiente del PJ aseguran que \u201cnunca mostr\u00f3 un marcado inter\u00e9s por ser ella quien conduzca el bloque\u201d.<\/p>\n<p>En tanto, el que viene disparando con munici\u00f3n gruesa desde el bloque oficialista es el tambi\u00e9n viguista, Diego Casado.<\/p>\n<p><img loading=\"lazy\" class=\"alignnone wp-image-273271\" src=\"http:\/\/cordobadirecto.com\/wp-content\/uploads\/2021\/02\/el-pj-capital-se-muestra-los-dientes-por-la-conduccion-del-bloque-en-el-concejo-1.jpg\" alt width=\"426\" height=\"284\" srcset=\"http:\/\/cordobadirecto.com\/wp-content\/uploads\/2021\/02\/el-pj-capital-se-muestra-los-dientes-por-la-conduccion-del-bloque-en-el-concejo-1.jpg 300w, http:\/\/cordobadirecto.com\/wp-content\/uploads\/2021\/02\/el-pj-capital-se-muestra-los-dientes-por-la-conduccion-del-bloque-en-el-concejo-9.jpg 150w, http:\/\/cordobadirecto.com\/wp-content\/uploads\/2021\/02\/el-pj-capital-se-muestra-los-dientes-por-la-conduccion-del-bloque-en-el-concejo-10.jpg 696w, http:\/\/cordobadirecto.com\/wp-content\/uploads\/2021\/02\/el-pj-capital-se-muestra-los-dientes-por-la-conduccion-del-bloque-en-el-concejo-11.jpg 630w, http:\/\/cordobadirecto.com\/wp-content\/uploads\/2021\/02\/el-pj-capital-se-muestra-los-dientes-por-la-conduccion-del-bloque-en-el-concejo-12.jpg 728w\" sizes=\"(max-width: 426px) 100vw, 426px\"><\/p>\n<p>El concejal de la zona sur de la capital cordobesa viene tensando la relaci\u00f3n con el Ejecutivo municipal. Desde el a\u00f1o pasado, cuando pidi\u00f3 rinoscop\u00eda para todos los funcionarios municipales; hasta ahora, cuando hace unos d\u00edas critic\u00f3 lo poco que cobran los servidores urbanos (\u2018chalecos azules\u2019), uno de los programas que motoriz\u00f3 esta gesti\u00f3n y que coordina la Secretar\u00eda de Pol\u00edticas Sociales que lidera el tambi\u00e9n viguista Ra\u00fal La Cava.<\/p>\n<p>Esta jugada, de amplia exposici\u00f3n medi\u00e1tica, no cay\u00f3 bien en el seno del municipio. Y cada vez son m\u00e1s los que insisten en comparar a Casado con lo que hizo en su momento Luis Juez, cuando se apart\u00f3 del PJ cordob\u00e9s para enfrentarlo.<\/p>\n<p>\u201cAlgunos quieren hacer \u2018la gran Juez\u2019 y no se dan cuenta que Juez hay uno solo. Eso termina siendo pan para hoy y hambre para ma\u00f1ana\u201d, se\u00f1al\u00f3 una fuente del Concejo que viene observando hace tiempo los movimientos de Casado.<\/p>\n<p>Sin embargo, no fue la \u00fanica voz molesta con el mensaje del edil d\u00edscolo. En el Ejecutivo, adem\u00e1s, apuntaron: \u201cpor un lado, no se le puede pegar al coraz\u00f3n de la continuidad del PJ en la Provincia; y por el otro, menos con los servidores urbanos que fueron nuestra herramienta el a\u00f1o pasado para enfrentar al <a href=\"https:\/\/www.suoemcordoba.com.ar\/\">Suoem<\/a>\u201d.<\/p>\n<p>El clima est\u00e1 \u00e1lgido y la expectativa puesta en el pr\u00f3ximo 1\u00ba de marzo, cuando arranque el per\u00edodo de sesiones ordinarias en el Concejo.<\/p>\n<p><a href=\"https:\/\/s3.us-west-2.amazonaws.com\/puntoapunto.com.ar\/wp-content\/uploads\/2021\/02\/18121708\/PaP1157_Page_22-scaled.jpg\"><img loading=\"lazy\" class=\"alignnone wp-image-264301 size-medium\" src=\"http:\/\/cordobadirecto.com\/wp-content\/uploads\/2021\/02\/el-pj-capital-se-muestra-los-dientes-por-la-conduccion-del-bloque-en-el-concejo-2.jpg\" alt width=\"300\" height=\"64\" srcset=\"http:\/\/cordobadirecto.com\/wp-content\/uploads\/2021\/02\/el-pj-capital-se-muestra-los-dientes-por-la-conduccion-del-bloque-en-el-concejo-2.jpg 300w, http:\/\/cordobadirecto.com\/wp-content\/uploads\/2021\/02\/el-pj-capital-se-muestra-los-dientes-por-la-conduccion-del-bloque-en-el-concejo-13.jpg 732w\" sizes=\"(max-width: 300px) 100vw, 300px\"><\/a><\/p>\n<p><a href=\"https:\/\/s3.us-west-2.amazonaws.com\/puntoapunto.com.ar\/wp-content\/uploads\/2021\/02\/18121826\/PaP1157_Page_23-scaled.jpg\" target=\"_blank\" rel=\"noopener\"><img loading=\"lazy\" class=\"alignnone wp-image-264021 size-medium\" src=\"http:\/\/cordobadirecto.com\/wp-content\/uploads\/2021\/02\/el-pj-capital-se-muestra-los-dientes-por-la-conduccion-del-bloque-en-el-concejo-3.jpg\" alt width=\"300\" height=\"73\" srcset=\"http:\/\/cordobadirecto.com\/wp-content\/uploads\/2021\/02\/el-pj-capital-se-muestra-los-dientes-por-la-conduccion-del-bloque-en-el-concejo-3.jpg 300w, http:\/\/cordobadirecto.com\/wp-content\/uploads\/2021\/02\/el-pj-capital-se-muestra-los-dientes-por-la-conduccion-del-bloque-en-el-concejo-14.jpg 724w\" sizes=\"(max-width: 300px) 100vw, 300px\"><\/a><\/p>\n<p>No tags for this post. <\/p>\n","protected":false},"excerpt":{"rendered":"<p>El a\u00f1o para el peronismo de la Capital arranc\u00f3 con la disputa por el control del bloque oficialista en el Concejo, tras el pase de Juan Domingo Viola del Legislativo municipal al Ejecutivo a fines del 2020. La puja arranc\u00f3 con la intenci\u00f3n de diversos sectores por tomar el comando de la bancada y empezaron [&hellip;]<\/p>\n","protected":false},"author":1,"featured_media":1798,"comment_status":"closed","ping_status":"closed","sticky":false,"template":"","format":"standard","meta":[],"categories":[25],"tags":[],"_links":{"self":[{"href":"http:\/\/cordobadirecto.com\/index.php\/wp-json\/wp\/v2\/posts\/1797"}],"collection":[{"href":"http:\/\/cordobadirecto.com\/index.php\/wp-json\/wp\/v2\/posts"}],"about":[{"href":"http:\/\/cordobadirecto.com\/index.php\/wp-json\/wp\/v2\/types\/post"}],"author":[{"embeddable":true,"href":"http:\/\/cordobadirecto.com\/index.php\/wp-json\/wp\/v2\/users\/1"}],"replies":[{"embeddable":true,"href":"http:\/\/cordobadirecto.com\/index.php\/wp-json\/wp\/v2\/comments?post=1797"}],"version-history":[{"count":0,"href":"http:\/\/cordobadirecto.com\/index.php\/wp-json\/wp\/v2\/posts\/1797\/revisions"}],"wp:featuredmedia":[{"embeddable":true,"href":"http:\/\/cordobadirecto.com\/index.php\/wp-json\/wp\/v2\/media\/1798"}],"wp:attachment":[{"href":"http:\/\/cordobadirecto.com\/index.php\/wp-json\/wp\/v2\/media?parent=1797"}],"wp:term":[{"taxonomy":"category","embeddable":true,"href":"http:\/\/cordobadirecto.com\/index.php\/wp-json\/wp\/v2\/categories?post=1797"},{"taxonomy":"post_tag","embeddable":true,"href":"http:\/\/cordobadirecto.com\/index.php\/wp-json\/wp\/v2\/tags?post=1797"}],"curies":[{"name":"wp","href":"https:\/\/api.w.org\/{rel}","templated":true}]}}