{"id":17977,"date":"2021-09-11T06:22:30","date_gmt":"2021-09-11T06:22:30","guid":{"rendered":"http:\/\/cordobadirecto.com\/index.php\/2021\/09\/11\/mas-de-861-mil-jovenes-de-16-y-17-anos-votaran-por-primera-vez-en-el-pais-politica-y-economia\/"},"modified":"2021-09-11T06:22:30","modified_gmt":"2021-09-11T06:22:30","slug":"mas-de-861-mil-jovenes-de-16-y-17-anos-votaran-por-primera-vez-en-el-pais-politica-y-economia","status":"publish","type":"post","link":"http:\/\/cordobadirecto.com\/index.php\/2021\/09\/11\/mas-de-861-mil-jovenes-de-16-y-17-anos-votaran-por-primera-vez-en-el-pais-politica-y-economia\/","title":{"rendered":"M\u00e1s de 861 mil j\u00f3venes de 16 y 17 a\u00f1os votar\u00e1n por primera vez en el pa\u00eds &#8211; Pol\u00edtica y <b>Econom\u00eda<\/b>"},"content":{"rendered":"<p>La mayor\u00eda de ellos vive en la Provincia: 333.342. En segundo lugar se ubica <b>C\u00f3rdoba<\/b>, con 72.459 <b>nuevos<\/b> electores. <\/p>\n","protected":false},"excerpt":{"rendered":"<p>La mayor\u00eda de ellos vive en la Provincia: 333.342. En segundo lugar se ubica C\u00f3rdoba, con 72.459 nuevos electores.<\/p>\n","protected":false},"author":1,"featured_media":0,"comment_status":"closed","ping_status":"closed","sticky":false,"template":"","format":"standard","meta":[],"categories":[40],"tags":[],"_links":{"self":[{"href":"http:\/\/cordobadirecto.com\/index.php\/wp-json\/wp\/v2\/posts\/17977"}],"collection":[{"href":"http:\/\/cordobadirecto.com\/index.php\/wp-json\/wp\/v2\/posts"}],"about":[{"href":"http:\/\/cordobadirecto.com\/index.php\/wp-json\/wp\/v2\/types\/post"}],"author":[{"embeddable":true,"href":"http:\/\/cordobadirecto.com\/index.php\/wp-json\/wp\/v2\/users\/1"}],"replies":[{"embeddable":true,"href":"http:\/\/cordobadirecto.com\/index.php\/wp-json\/wp\/v2\/comments?post=17977"}],"version-history":[{"count":0,"href":"http:\/\/cordobadirecto.com\/index.php\/wp-json\/wp\/v2\/posts\/17977\/revisions"}],"wp:attachment":[{"href":"http:\/\/cordobadirecto.com\/index.php\/wp-json\/wp\/v2\/media?parent=17977"}],"wp:term":[{"taxonomy":"category","embeddable":true,"href":"http:\/\/cordobadirecto.com\/index.php\/wp-json\/wp\/v2\/categories?post=17977"},{"taxonomy":"post_tag","embeddable":true,"href":"http:\/\/cordobadirecto.com\/index.php\/wp-json\/wp\/v2\/tags?post=17977"}],"curies":[{"name":"wp","href":"https:\/\/api.w.org\/{rel}","templated":true}]}}