{"id":18001,"date":"2021-09-11T01:07:16","date_gmt":"2021-09-11T01:07:16","guid":{"rendered":"https:\/\/www.bbc.com\/mundo\/noticias-internacional-58524964"},"modified":"2021-09-11T01:07:16","modified_gmt":"2021-09-11T01:07:16","slug":"atentados-del-11-de-septiembre-la-historia-detras-de-la-iconica-imagen-del-hombre-cayendo-de-una-de-las-torres-gemelas","status":"publish","type":"post","link":"http:\/\/cordobadirecto.com\/index.php\/2021\/09\/11\/atentados-del-11-de-septiembre-la-historia-detras-de-la-iconica-imagen-del-hombre-cayendo-de-una-de-las-torres-gemelas\/","title":{"rendered":"Atentados del 11 de septiembre: la historia detr\u00e1s de la ic\u00f3nica imagen del hombre cayendo de una de las Torres Gemelas"},"content":{"rendered":"<div dir=\"ltr\" class=\"e1j2237y5 bbc-q4ibpr e57qer20\">\n<div class=\"bbc-1atl7vu e1c9i7u14\">\n<ul role=\"list\" class=\"bbc-cdrraw e1c9i7u12\">\n<li role=\"listitem\" class=\"bbc-1a3w4ok e1c9i7u11\">Juliana Gragnani<\/li>\n<li role=\"listitem\" class=\"bbc-1p92jtu e1c9i7u10\">BBC News Brasil<\/li>\n<\/ul>\n<\/div>\n<\/div>\n<p><time datetime=\"2021-09-11\" class=\"bbc-14xtggo e4zesg50\">11 septiembre 2021<\/time><\/p>\n<div dir=\"ltr\" class=\"bbc-1ka88fa e57qer20\">\n<figure class=\"bbc-1qdcvv9 e6bmn90\">\n<div dir=\"ltr\" class=\"bbc-172p16q e57qer20\">\n<div dir=\"ltr\" class=\"bbc-189y18v e57qer20\" readability=\"6.5\">\n<div data-e2e=\"image-placeholder\" class=\"bbc-1k5hvrj e1whu0\" readability=\"8\"><img loading=\"lazy\" srcset=\"http:\/\/cordobadirecto.com\/wp-content\/uploads\/2021\/09\/atentados-del-11-de-septiembre-la-historia-detras-de-la-iconica-imagen-del-hombre-cayendo-de-una-de-las-torres-gemelas-7.jpg 240w, http:\/\/cordobadirecto.com\/wp-content\/uploads\/2021\/09\/atentados-del-11-de-septiembre-la-historia-detras-de-la-iconica-imagen-del-hombre-cayendo-de-una-de-las-torres-gemelas-8.jpg 320w, http:\/\/cordobadirecto.com\/wp-content\/uploads\/2021\/09\/atentados-del-11-de-septiembre-la-historia-detras-de-la-iconica-imagen-del-hombre-cayendo-de-una-de-las-torres-gemelas-9.jpg 480w, http:\/\/cordobadirecto.com\/wp-content\/uploads\/2021\/09\/atentados-del-11-de-septiembre-la-historia-detras-de-la-iconica-imagen-del-hombre-cayendo-de-una-de-las-torres-gemelas-10.jpg 624w, http:\/\/cordobadirecto.com\/wp-content\/uploads\/2021\/09\/atentados-del-11-de-septiembre-la-historia-detras-de-la-iconica-imagen-del-hombre-cayendo-de-una-de-las-torres-gemelas-11.jpg 800w\" alt=\"Torres Gemelas en llamas el 11 de setiembre de 2001.\" src=\"http:\/\/cordobadirecto.com\/wp-content\/uploads\/2021\/09\/atentados-del-11-de-septiembre-la-historia-detras-de-la-iconica-imagen-del-hombre-cayendo-de-una-de-las-torres-gemelas.jpg\" width=\"976\" height=\"549\" class=\"eehpdyc0 bbc-oabvne e1enwo3v0\"><\/p>\n<p role=\"text\" class=\"bbc-1s1cxbv etq3yw90\"><span class=\"bbc-1gnhmg2 e1yt7oin0\">Fuente de la imagen, <\/span><span lang=\"en-GB\">Spencer Platt\/Getty Images<\/span><\/p>\n<\/div>\n<\/div>\n<\/div>\n<\/figure>\n<\/div>\n<div dir=\"ltr\" class=\"bbc-19j92fr e57qer20\" readability=\"9\">\n<p dir=\"ltr\" class=\"bbc-bm53ic e1cc2ql70\"><i class=\"bbc-h1y5j7 ewc4zcb0\"><b>Por motivos editoriales y por la sensibilidad de la imagen, BBC no muestra la fotograf\u00eda del hombre que salta al vac\u00edo.<\/b><\/i><\/p>\n<\/div>\n<div dir=\"ltr\" class=\"bbc-1ka88fa e57qer20\">\n<figure class=\"bbc-1qdcvv9 e6bmn90\">\n<div dir=\"ltr\" class=\"bbc-172p16q e57qer20\">\n<div dir=\"ltr\" class=\"bbc-189y18v e57qer20\">\n<div data-e2e=\"image-placeholder\" class=\"bbc-367mqz e1whu0\"><noscript><img loading=\"lazy\" srcset=\"http:\/\/cordobadirecto.com\/wp-content\/uploads\/2021\/09\/atentados-del-11-de-septiembre-la-historia-detras-de-la-iconica-imagen-del-hombre-cayendo-de-una-de-las-torres-gemelas-12.jpg 240w, http:\/\/cordobadirecto.com\/wp-content\/uploads\/2021\/09\/atentados-del-11-de-septiembre-la-historia-detras-de-la-iconica-imagen-del-hombre-cayendo-de-una-de-las-torres-gemelas-13.jpg 320w, http:\/\/cordobadirecto.com\/wp-content\/uploads\/2021\/09\/atentados-del-11-de-septiembre-la-historia-detras-de-la-iconica-imagen-del-hombre-cayendo-de-una-de-las-torres-gemelas-14.jpg 464w\" alt=\"L\u00ednea\" src=\"http:\/\/cordobadirecto.com\/wp-content\/uploads\/2021\/09\/atentados-del-11-de-septiembre-la-historia-detras-de-la-iconica-imagen-del-hombre-cayendo-de-una-de-las-torres-gemelas-1.jpg\" width=\"464\" height=\"2\" class=\"eehpdyc0 bbc-oabvne e1enwo3v0\"><\/noscript><\/div>\n<\/div>\n<\/div>\n<\/figure>\n<\/div>\n<div dir=\"ltr\" class=\"bbc-19j92fr e57qer20\" readability=\"13\">\n<p dir=\"ltr\" class=\"bbc-bm53ic e1cc2ql70\"><b>Muerte o muerte. En la ma\u00f1ana del 11 de septiembre de 2001, decenas de personas se enfentaron a esta falsa alternativa. Con fuego y humo dentro de los edificios del World Trade Center de Nueva York, las v\u00edctimas en los pisos superiores comenzaron a saltar, perdiendo la vida al caer hasta desde 417 metros de altura.<\/b><\/p>\n<\/div>\n<div dir=\"ltr\" class=\"bbc-19j92fr e57qer20\" readability=\"9\">\n<p dir=\"ltr\" class=\"bbc-bm53ic e1cc2ql70\">La escena de personas que saltan de los edificios atacados por dos aviones es uno de los aspectos m\u00e1s oscuros y sensibles de la tragedia, de la que se cumplen 20 a\u00f1os este s\u00e1bado. <\/p>\n<\/div>\n<div dir=\"ltr\" class=\"bbc-19j92fr e57qer20\" readability=\"11\">\n<p dir=\"ltr\" class=\"bbc-bm53ic e1cc2ql70\">La imagen de una de estas personas, un hombre que cae casi en picado, boca abajo y su cuerpo paralelo a las l\u00edneas de las Torres Gemelas, se volvi\u00f3 ic\u00f3nica.<\/p>\n<\/div>\n<div dir=\"ltr\" class=\"bbc-19j92fr e57qer20\" readability=\"11\">\n<p dir=\"ltr\" class=\"bbc-bm53ic e1cc2ql70\">El d\u00eda despu\u00e9s de la tragedia, varios peri\u00f3dicos publicaron la foto tomada por <b>Richard Drew<\/b>, fot\u00f3grafo de Associated Press. Han pasado los a\u00f1os y la imagen es para muchos demasiado dolorosa de contemplar. Otros vieron en ella la terrible est\u00e9tica de ese salto a la muerte.<\/p>\n<\/div>\n<div dir=\"ltr\" class=\"bbc-19j92fr e57qer20\" readability=\"7\">\n<p dir=\"ltr\" class=\"bbc-bm53ic e1cc2ql70\">Esta es la historia de la ic\u00f3nica foto de &#8220;The Falling Man&#8221; (&#8220;El Hombre Que Cae&#8221;). <\/p>\n<\/div>\n<div dir=\"ltr\" class=\"bbc-1ka88fa e57qer20\">\n<figure class=\"bbc-1qdcvv9 e6bmn90\">\n<div dir=\"ltr\" class=\"bbc-172p16q e57qer20\">\n<div dir=\"ltr\" class=\"bbc-189y18v e57qer20\">\n<div data-e2e=\"image-placeholder\" class=\"bbc-367mqz e1whu0\"><noscript><img loading=\"lazy\" srcset=\"http:\/\/cordobadirecto.com\/wp-content\/uploads\/2021\/09\/atentados-del-11-de-septiembre-la-historia-detras-de-la-iconica-imagen-del-hombre-cayendo-de-una-de-las-torres-gemelas-12.jpg 240w, http:\/\/cordobadirecto.com\/wp-content\/uploads\/2021\/09\/atentados-del-11-de-septiembre-la-historia-detras-de-la-iconica-imagen-del-hombre-cayendo-de-una-de-las-torres-gemelas-13.jpg 320w, http:\/\/cordobadirecto.com\/wp-content\/uploads\/2021\/09\/atentados-del-11-de-septiembre-la-historia-detras-de-la-iconica-imagen-del-hombre-cayendo-de-una-de-las-torres-gemelas-14.jpg 464w\" alt=\"L\u00ednea\" src=\"http:\/\/cordobadirecto.com\/wp-content\/uploads\/2021\/09\/atentados-del-11-de-septiembre-la-historia-detras-de-la-iconica-imagen-del-hombre-cayendo-de-una-de-las-torres-gemelas-1.jpg\" width=\"464\" height=\"2\" class=\"eehpdyc0 bbc-oabvne e1enwo3v0\"><\/noscript><\/div>\n<\/div>\n<\/div>\n<\/figure>\n<\/div>\n<div dir=\"ltr\" class=\"bbc-19j92fr e57qer20\" readability=\"9\">\n<p dir=\"ltr\" class=\"bbc-bm53ic e1cc2ql70\">&#8220;Era un d\u00eda cualquiera en Nueva York&#8221;, comienza Richard Drew, ahora de 74 a\u00f1os.<\/p>\n<\/div>\n<div dir=\"ltr\" class=\"bbc-19j92fr e57qer20\" readability=\"18\">\n<p dir=\"ltr\" class=\"bbc-bm53ic e1cc2ql70\">Fot\u00f3grafo desde los 19 a\u00f1os, el experimentado Drew, entonces de 54 a\u00f1os, acababa de cubrir el torneo de tenis del US Open en Queens, Nueva York. Ese martes 11 de septiembre cubrir\u00eda la Semana de la Moda de Nueva York, m\u00e1s espec\u00edficamente, el primer desfile de maternidad con modelos embarazadas reales. Drew vio el desfile en Bryant Park, justo en el centro de Manhattan, junto a un camar\u00f3grafo de la cadena de televisi\u00f3n CNN.<\/p>\n<\/div>\n<div dir=\"ltr\" class=\"bbc-1ka88fa e57qer20\">\n<figure class=\"bbc-1qdcvv9 e6bmn90\">\n<div dir=\"ltr\" class=\"bbc-172p16q e57qer20\">\n<div dir=\"ltr\" class=\"bbc-189y18v e57qer20\" readability=\"6.5\">\n<div data-e2e=\"image-placeholder\" class=\"bbc-1k5hvrj e1whu0\" readability=\"8\"><noscript><img loading=\"lazy\" srcset=\"http:\/\/cordobadirecto.com\/wp-content\/uploads\/2021\/09\/atentados-del-11-de-septiembre-la-historia-detras-de-la-iconica-imagen-del-hombre-cayendo-de-una-de-las-torres-gemelas-15.jpg 240w, http:\/\/cordobadirecto.com\/wp-content\/uploads\/2021\/09\/atentados-del-11-de-septiembre-la-historia-detras-de-la-iconica-imagen-del-hombre-cayendo-de-una-de-las-torres-gemelas-16.jpg 320w, http:\/\/cordobadirecto.com\/wp-content\/uploads\/2021\/09\/atentados-del-11-de-septiembre-la-historia-detras-de-la-iconica-imagen-del-hombre-cayendo-de-una-de-las-torres-gemelas-17.jpg 480w, http:\/\/cordobadirecto.com\/wp-content\/uploads\/2021\/09\/atentados-del-11-de-septiembre-la-historia-detras-de-la-iconica-imagen-del-hombre-cayendo-de-una-de-las-torres-gemelas-18.jpg 624w, http:\/\/cordobadirecto.com\/wp-content\/uploads\/2021\/09\/atentados-del-11-de-septiembre-la-historia-detras-de-la-iconica-imagen-del-hombre-cayendo-de-una-de-las-torres-gemelas-19.jpg 800w\" alt=\"Humo saliendo de una de las torres\" src=\"http:\/\/cordobadirecto.com\/wp-content\/uploads\/2021\/09\/atentados-del-11-de-septiembre-la-historia-detras-de-la-iconica-imagen-del-hombre-cayendo-de-una-de-las-torres-gemelas-2.jpg\" width=\"976\" height=\"549\" class=\"eehpdyc0 bbc-oabvne e1enwo3v0\"><\/noscript><\/p>\n<p role=\"text\" class=\"bbc-1s1cxbv etq3yw90\"><span class=\"bbc-1gnhmg2 e1yt7oin0\">Fuente de la imagen, <\/span><span lang=\"en-GB\">Getty Images<\/span><\/p>\n<\/div>\n<\/div>\n<\/div>\n<\/figure>\n<\/div>\n<div dir=\"ltr\" class=\"bbc-19j92fr e57qer20\" readability=\"9\">\n<p dir=\"ltr\" class=\"bbc-bm53ic e1cc2ql70\">Mientras hablaban, el camar\u00f3grafo de CNN dijo: &#8220;Hubo una explosi\u00f3n en el World Trade Center. Un avi\u00f3n choc\u00f3 contra el World Trade Center&#8221;.<\/p>\n<\/div>\n<div dir=\"ltr\" class=\"bbc-19j92fr e57qer20\" readability=\"11\">\n<p dir=\"ltr\" class=\"bbc-bm53ic e1cc2ql70\">Al instante son\u00f3 el tel\u00e9fono celular de Drew. Era su editor, quien le orden\u00f3 que corriera a la escena. Drew agarr\u00f3 su c\u00e1mara y corri\u00f3 a Times Square. Desde all\u00ed, tom\u00f3 el metro hacia las Torres Gemelas.<\/p>\n<\/div>\n<div dir=\"ltr\" class=\"bbc-19j92fr e57qer20\" readability=\"11\">\n<p dir=\"ltr\" class=\"bbc-bm53ic e1cc2ql70\"><b>Cuando sali\u00f3 de las escaleras <\/b><b>del metro<\/b><b>, vio una imagen inolvidable: las dos torres en llamas.<\/b> Comenz\u00f3 a fotografiar a personas conmocionadas por el caos que las rodeaba, el FBI ya en las calles aislando el \u00e1rea.<\/p>\n<\/div>\n<div dir=\"ltr\" class=\"bbc-19j92fr e57qer20\" readability=\"10\">\n<p dir=\"ltr\" class=\"bbc-bm53ic e1cc2ql70\">&#8220;Entonces me di cuenta de que el humo soplaba de oeste a este y di la vuelta para evitarlo. Me qued\u00e9 junto a las ambulancias, entre un socorrista y un polic\u00eda&#8221;, dice a BBC Brasil.<\/p>\n<\/div>\n<div dir=\"ltr\" class=\"bbc-1ka88fa e57qer20\">\n<figure class=\"bbc-1qdcvv9 e6bmn90\">\n<div dir=\"ltr\" class=\"bbc-172p16q e57qer20\">\n<div dir=\"ltr\" class=\"bbc-189y18v e57qer20\">\n<div data-e2e=\"image-placeholder\" class=\"bbc-367mqz e1whu0\"><noscript><img loading=\"lazy\" srcset=\"http:\/\/cordobadirecto.com\/wp-content\/uploads\/2021\/09\/atentados-del-11-de-septiembre-la-historia-detras-de-la-iconica-imagen-del-hombre-cayendo-de-una-de-las-torres-gemelas-12.jpg 240w, http:\/\/cordobadirecto.com\/wp-content\/uploads\/2021\/09\/atentados-del-11-de-septiembre-la-historia-detras-de-la-iconica-imagen-del-hombre-cayendo-de-una-de-las-torres-gemelas-13.jpg 320w, http:\/\/cordobadirecto.com\/wp-content\/uploads\/2021\/09\/atentados-del-11-de-septiembre-la-historia-detras-de-la-iconica-imagen-del-hombre-cayendo-de-una-de-las-torres-gemelas-14.jpg 464w\" alt=\"L\u00ednea\" src=\"http:\/\/cordobadirecto.com\/wp-content\/uploads\/2021\/09\/atentados-del-11-de-septiembre-la-historia-detras-de-la-iconica-imagen-del-hombre-cayendo-de-una-de-las-torres-gemelas-1.jpg\" width=\"464\" height=\"2\" class=\"eehpdyc0 bbc-oabvne e1enwo3v0\"><\/noscript><\/div>\n<\/div>\n<\/div>\n<\/figure>\n<\/div>\n<div dir=\"ltr\" class=\"bbc-19j92fr e57qer20\" readability=\"11\">\n<p dir=\"ltr\" class=\"bbc-bm53ic e1cc2ql70\">El socorrista fue el primero en darse cuenta. Se\u00f1alando hacia arriba, grit\u00f3: &#8220;\u00a1Dios m\u00edo, la gente se est\u00e1 tirando del edificio!&#8221;, recuerda Drew.<\/p>\n<\/div>\n<div dir=\"ltr\" class=\"bbc-19j92fr e57qer20\" readability=\"9\">\n<p dir=\"ltr\" class=\"bbc-bm53ic e1cc2ql70\">El fot\u00f3grafo apunt\u00f3 con su c\u00e1mara. &#8220;Tom\u00e9 tantas fotos como pude de personas que se ca\u00edan del edificio&#8221;, dice.<\/p>\n<\/div>\n<div dir=\"ltr\" class=\"bbc-19j92fr e57qer20\" readability=\"9\">\n<p dir=\"ltr\" class=\"bbc-bm53ic e1cc2ql70\">&#8220;No s\u00e9 si saltaron por elecci\u00f3n o si se vieron obligados a saltar por el fuego o el humo. No s\u00e9 por qu\u00e9 hicieron lo que hicieron. S\u00f3lo s\u00e9 que tuve que grabarlo&#8221;, cuenta.<\/p>\n<\/div>\n<div dir=\"ltr\" class=\"bbc-1ka88fa e57qer20\">\n<figure class=\"bbc-1qdcvv9 e6bmn90\">\n<div dir=\"ltr\" class=\"bbc-172p16q e57qer20\">\n<div dir=\"ltr\" class=\"bbc-189y18v e57qer20\" readability=\"6.5\">\n<div data-e2e=\"image-placeholder\" class=\"bbc-1k5hvrj e1whu0\" readability=\"8\"><noscript><img loading=\"lazy\" srcset=\"http:\/\/cordobadirecto.com\/wp-content\/uploads\/2021\/09\/atentados-del-11-de-septiembre-la-historia-detras-de-la-iconica-imagen-del-hombre-cayendo-de-una-de-las-torres-gemelas-20.jpg 240w, http:\/\/cordobadirecto.com\/wp-content\/uploads\/2021\/09\/atentados-del-11-de-septiembre-la-historia-detras-de-la-iconica-imagen-del-hombre-cayendo-de-una-de-las-torres-gemelas-21.jpg 320w, http:\/\/cordobadirecto.com\/wp-content\/uploads\/2021\/09\/atentados-del-11-de-septiembre-la-historia-detras-de-la-iconica-imagen-del-hombre-cayendo-de-una-de-las-torres-gemelas-22.jpg 480w, http:\/\/cordobadirecto.com\/wp-content\/uploads\/2021\/09\/atentados-del-11-de-septiembre-la-historia-detras-de-la-iconica-imagen-del-hombre-cayendo-de-una-de-las-torres-gemelas-23.jpg 624w, http:\/\/cordobadirecto.com\/wp-content\/uploads\/2021\/09\/atentados-del-11-de-septiembre-la-historia-detras-de-la-iconica-imagen-del-hombre-cayendo-de-una-de-las-torres-gemelas-24.jpg 800w\" alt=\"Humo saliendo de las Torres Gemelas tras los ataques del 11 de septiembre\" src=\"http:\/\/cordobadirecto.com\/wp-content\/uploads\/2021\/09\/atentados-del-11-de-septiembre-la-historia-detras-de-la-iconica-imagen-del-hombre-cayendo-de-una-de-las-torres-gemelas-3.jpg\" width=\"976\" height=\"549\" class=\"eehpdyc0 bbc-oabvne e1enwo3v0\"><\/noscript><\/p>\n<p role=\"text\" class=\"bbc-1s1cxbv etq3yw90\"><span class=\"bbc-1gnhmg2 e1yt7oin0\">Fuente de la imagen, <\/span><span lang=\"en-GB\">Getty Images<\/span><\/p>\n<\/div>\n<\/div>\n<\/div>\n<\/figure>\n<\/div>\n<div dir=\"ltr\" class=\"bbc-19j92fr e57qer20\" readability=\"10\">\n<p dir=\"ltr\" class=\"bbc-bm53ic e1cc2ql70\"><b>El Servicio Forense de la Ciudad de Nueva York declar\u00f3 m\u00e1s tarde que las personas que saltaban de los edificios no pod\u00edan ser llamadas &#8220;suicidas&#8221;<\/b> porque eran expulsadas del edificio por el humo, el fuego o las explosiones. <\/p>\n<\/div>\n<div dir=\"ltr\" class=\"bbc-19j92fr e57qer20\" readability=\"10\">\n<p dir=\"ltr\" class=\"bbc-bm53ic e1cc2ql70\">La causa de muerte de todos los que perdieron la vida en la ca\u00edda de las Torres Gemelas, atacadas ese d\u00eda por al Qaeda, fue catalogada como &#8220;asesinato&#8221; en los certificados de defunci\u00f3n.<\/p>\n<\/div>\n<div dir=\"ltr\" class=\"bbc-19j92fr e57qer20\" readability=\"12\">\n<p dir=\"ltr\" class=\"bbc-bm53ic e1cc2ql70\">En un informe de 2002, el diario <i class=\"bbc-h1y5j7 ewc4zcb0\">USA Today<\/i> calcul\u00f3 a trav\u00e9s de fotos, videos y entrevistas que 200 personas murieron de esta manera en la tragedia del 11 de septiembre. A partir de las fotos, <i class=\"bbc-h1y5j7 ewc4zcb0\">The New York Times<\/i> estim\u00f3 que fueron 50 personas.<\/p>\n<\/div>\n<div dir=\"ltr\" class=\"bbc-19j92fr e57qer20\" readability=\"12\">\n<p dir=\"ltr\" class=\"bbc-bm53ic e1cc2ql70\">Seg\u00fan los relatos de los sobrevivientes, el hecho de que la gente saltara desde el edificio de al lado pudo haber salvado la vida de cientos de personas que, al verlos, se apresuraron a evacuar su lugar de trabajo. <\/p>\n<\/div>\n<p><h2 id=\"No-fui-fr\u00edo\" tabindex=\"-1\" class=\"bbc-l3e97o e14hemmw0\">&#8220;No fui fr\u00edo&#8221;<\/h2>\n<\/p>\n<div dir=\"ltr\" class=\"bbc-19j92fr e57qer20\" readability=\"12\">\n<p dir=\"ltr\" class=\"bbc-bm53ic e1cc2ql70\">Mientras fotografiaba, Drew experiment\u00f3 algo siniestro: escuch\u00f3 el ruido de cuerpos golpeando el suelo. &#8220;Algunos dicen que fui fr\u00edo. No es eso. Soy un periodista capacitado. Te sumerges en el momento y simplemente fotograf\u00edas lo que est\u00e1 sucediendo, en piloto autom\u00e1tico&#8221;, dice.<\/p>\n<\/div>\n<div dir=\"ltr\" class=\"bbc-1ka88fa e57qer20\">\n<figure class=\"bbc-1qdcvv9 e6bmn90\">\n<div dir=\"ltr\" class=\"bbc-172p16q e57qer20\">\n<div dir=\"ltr\" class=\"bbc-189y18v e57qer20\" readability=\"6.5\">\n<div data-e2e=\"image-placeholder\" class=\"bbc-1k5hvrj e1whu0\" readability=\"8\"><noscript><img loading=\"lazy\" srcset=\"http:\/\/cordobadirecto.com\/wp-content\/uploads\/2021\/09\/atentados-del-11-de-septiembre-la-historia-detras-de-la-iconica-imagen-del-hombre-cayendo-de-una-de-las-torres-gemelas-25.jpg 240w, http:\/\/cordobadirecto.com\/wp-content\/uploads\/2021\/09\/atentados-del-11-de-septiembre-la-historia-detras-de-la-iconica-imagen-del-hombre-cayendo-de-una-de-las-torres-gemelas-26.jpg 320w, http:\/\/cordobadirecto.com\/wp-content\/uploads\/2021\/09\/atentados-del-11-de-septiembre-la-historia-detras-de-la-iconica-imagen-del-hombre-cayendo-de-una-de-las-torres-gemelas-27.jpg 480w, http:\/\/cordobadirecto.com\/wp-content\/uploads\/2021\/09\/atentados-del-11-de-septiembre-la-historia-detras-de-la-iconica-imagen-del-hombre-cayendo-de-una-de-las-torres-gemelas-28.jpg 624w, http:\/\/cordobadirecto.com\/wp-content\/uploads\/2021\/09\/atentados-del-11-de-septiembre-la-historia-detras-de-la-iconica-imagen-del-hombre-cayendo-de-una-de-las-torres-gemelas-29.jpg 800w\" alt=\"Gente alrededor de las Torre Gemelas luego del ataque\" src=\"http:\/\/cordobadirecto.com\/wp-content\/uploads\/2021\/09\/atentados-del-11-de-septiembre-la-historia-detras-de-la-iconica-imagen-del-hombre-cayendo-de-una-de-las-torres-gemelas-4.jpg\" width=\"976\" height=\"549\" class=\"eehpdyc0 bbc-oabvne e1enwo3v0\"><\/noscript><\/p>\n<p role=\"text\" class=\"bbc-1s1cxbv etq3yw90\"><span class=\"bbc-1gnhmg2 e1yt7oin0\">Fuente de la imagen, <\/span><span lang=\"en-GB\">Getty Images<\/span><\/p>\n<\/div>\n<\/div>\n<\/div>\n<\/figure>\n<\/div>\n<div dir=\"ltr\" class=\"bbc-19j92fr e57qer20\" readability=\"15\">\n<p dir=\"ltr\" class=\"bbc-bm53ic e1cc2ql70\">&#8220;Cuando alguien comenzaba a caer, apuntaba con mi visor. Como trabajaba con una c\u00e1mara digital, cuando manten\u00eda mi dedo en el bot\u00f3n de la c\u00e1mara, tomaba varias fotograf\u00edas. Y, as\u00ed segu\u00eda a la gente que se estaba cayendo del edificio &#8220;. A las 9:41, registr\u00f3 para siempre los \u00faltimos momentos del &#8220;hombre que cae&#8221;.<\/p>\n<\/div>\n<div dir=\"ltr\" class=\"bbc-19j92fr e57qer20\" readability=\"15\">\n<p dir=\"ltr\" class=\"bbc-bm53ic e1cc2ql70\"><b>Cuando Drew regres\u00f3 a la sala de redacci\u00f3n y fue a revisar sus fotos, supo instant\u00e1neamente que esta era la m\u00e1s fuerte de <\/b><b>todas<\/b><b>.<\/b> &#8220;Estaba vertical, con la cabeza gacha, entre las dos torres. Hab\u00eda una simetr\u00eda all\u00ed. Pero solo estuvo as\u00ed por un momento. Si hubiera sido otro momento, hubiera salido en otra posici\u00f3n&#8221;, dice.<\/p>\n<\/div>\n<p><h2 id=\"Foto-silenciosa\" tabindex=\"-1\" class=\"bbc-l3e97o e14hemmw0\">Foto &#8220;silenciosa&#8221;<\/h2>\n<\/p>\n<div dir=\"ltr\" class=\"bbc-19j92fr e57qer20\" readability=\"9\">\n<p dir=\"ltr\" class=\"bbc-bm53ic e1cc2ql70\">&#8220;A mucha gente no le gusta ver esta foto. Creo que la gente se identifica con ella y tiene miedo de tener que enfrentarse a la misma decisi\u00f3n que ese hombre alg\u00fan d\u00eda&#8221;, dice Drew.<\/p>\n<\/div>\n<div dir=\"ltr\" class=\"bbc-19j92fr e57qer20\" readability=\"14\">\n<p dir=\"ltr\" class=\"bbc-bm53ic e1cc2ql70\">Para \u00e9l, la imagen es representativa de lo que sucedi\u00f3 ese d\u00eda: &#8220;Es una de las pocas que muestra a alguien muriendo en el ataque m\u00e1s grave que hemos sufrido en Estados Unidos&#8221;, dice. A pesar de ser una foto sobre la muerte, reconoce Drew, es una foto &#8220;silenciosa&#8221;. &#8220;No es como otras fotos violentas de muertes que ocurren en guerras&#8221;.<\/p>\n<\/div>\n<div dir=\"ltr\" class=\"bbc-1ka88fa e57qer20\">\n<figure class=\"bbc-1qdcvv9 e6bmn90\">\n<div dir=\"ltr\" class=\"bbc-172p16q e57qer20\">\n<div dir=\"ltr\" class=\"bbc-189y18v e57qer20\" readability=\"6.5\">\n<div data-e2e=\"image-placeholder\" class=\"bbc-1k5hvrj e1whu0\" readability=\"8\"><noscript><img loading=\"lazy\" srcset=\"http:\/\/cordobadirecto.com\/wp-content\/uploads\/2021\/09\/atentados-del-11-de-septiembre-la-historia-detras-de-la-iconica-imagen-del-hombre-cayendo-de-una-de-las-torres-gemelas-30.jpg 240w, http:\/\/cordobadirecto.com\/wp-content\/uploads\/2021\/09\/atentados-del-11-de-septiembre-la-historia-detras-de-la-iconica-imagen-del-hombre-cayendo-de-una-de-las-torres-gemelas-31.jpg 320w, http:\/\/cordobadirecto.com\/wp-content\/uploads\/2021\/09\/atentados-del-11-de-septiembre-la-historia-detras-de-la-iconica-imagen-del-hombre-cayendo-de-una-de-las-torres-gemelas-32.jpg 480w, http:\/\/cordobadirecto.com\/wp-content\/uploads\/2021\/09\/atentados-del-11-de-septiembre-la-historia-detras-de-la-iconica-imagen-del-hombre-cayendo-de-una-de-las-torres-gemelas-33.jpg 624w, http:\/\/cordobadirecto.com\/wp-content\/uploads\/2021\/09\/atentados-del-11-de-septiembre-la-historia-detras-de-la-iconica-imagen-del-hombre-cayendo-de-una-de-las-torres-gemelas-34.jpg 800w\" alt=\"Torres Gemelas\" src=\"http:\/\/cordobadirecto.com\/wp-content\/uploads\/2021\/09\/atentados-del-11-de-septiembre-la-historia-detras-de-la-iconica-imagen-del-hombre-cayendo-de-una-de-las-torres-gemelas-5.jpg\" width=\"976\" height=\"549\" class=\"eehpdyc0 bbc-oabvne e1enwo3v0\"><\/noscript><\/p>\n<p role=\"text\" class=\"bbc-1s1cxbv etq3yw90\"><span class=\"bbc-1gnhmg2 e1yt7oin0\">Fuente de la imagen, <\/span><span lang=\"en-GB\">Getty<\/span><\/p>\n<\/div>\n<\/div>\n<div dir=\"ltr\" class=\"bbc-3edg7g e57qer20\" readability=\"6.5\"><figcaption dir=\"ltr\" class=\"bbc-1t9zlwf eede9f50\" readability=\"3\"><span class=\"bbc-1gnhmg2 e1yt7oin0\">Pie de foto, <\/span><\/p>\n<p>Hace 20 a\u00f1os, el ataque en Nueva York se cobr\u00f3 la vida de casi 3.000 personas.<\/p>\n<\/figcaption><\/div>\n<\/div>\n<\/figure>\n<\/div>\n<div dir=\"ltr\" class=\"bbc-19j92fr e57qer20\" readability=\"15\">\n<p dir=\"ltr\" class=\"bbc-bm53ic e1cc2ql70\">Esa noche, Drew regres\u00f3 a casa con un colega. Se sentaron y hablaron de todo menos de lo que hab\u00edan visto ese d\u00eda. Su esposa, dice Drew, se levant\u00f3 al amanecer con ganas de pasar la aspiradora por toda la casa. &#8220;El estr\u00e9s postraum\u00e1tico viene despu\u00e9s&#8221;, reconoce. &#8220;Hablar de lo que sucedi\u00f3 ayuda. Ese fue un momento en mi historia, al igual que fue un momento en la Historia&#8221;.<\/p>\n<\/div>\n<div dir=\"ltr\" class=\"bbc-19j92fr e57qer20\" readability=\"12\">\n<p dir=\"ltr\" class=\"bbc-bm53ic e1cc2ql70\">Otro momento en la Historia y su historia: cuando ten\u00eda 21 a\u00f1os y viv\u00eda en Los \u00c1ngeles, en 1968, Drew fue uno de los cuatro fot\u00f3grafos presentes en otro momento hist\u00f3rico: la muerte del senador <b>Bobby Kennedy<\/b>, hermano del expresidente John F. Kennedy.<\/p>\n<\/div>\n<div dir=\"ltr\" class=\"bbc-19j92fr e57qer20\" readability=\"11\">\n<p dir=\"ltr\" class=\"bbc-bm53ic e1cc2ql70\">&#8220;Estaba en el escenario detr\u00e1s de \u00e9l para fotografiarlo cuando hablaba. Me dio sed y fui a buscar agua&#8221;, dice Drew. &#8220;Sali\u00f3 y lo segu\u00ed. Cuando lo atacaron, me sub\u00ed a una mesa junto a \u00e9l y lo fotografi\u00e9 en el suelo&#8221;.<\/p>\n<\/div>\n<div dir=\"ltr\" class=\"bbc-19j92fr e57qer20\" readability=\"11\">\n<p dir=\"ltr\" class=\"bbc-bm53ic e1cc2ql70\">&#8220;Solo estaba haciendo mi trabajo, al igual que solo estaba haciendo mi trabajo a\u00f1os despu\u00e9s, el 11 de septiembre&#8221;, se\u00f1ala.<\/p>\n<\/div>\n<p><h2 id=\"Qui\u00e9n-era-el-hombre-que-cae\" tabindex=\"-1\" class=\"bbc-l3e97o e14hemmw0\">\u00bfQui\u00e9n era el hombre que cae?<\/h2>\n<\/p>\n<div dir=\"ltr\" class=\"bbc-19j92fr e57qer20\" readability=\"9\">\n<p dir=\"ltr\" class=\"bbc-bm53ic e1cc2ql70\">Drew dice que ha reflexionado sobre qui\u00e9n era el hombre al que registr\u00f3 saltando desde una de las Torres Gemelas, pero nunca de manera &#8220;muy profunda&#8221;.<\/p>\n<\/div>\n<div dir=\"ltr\" class=\"bbc-19j92fr e57qer20\" readability=\"10\">\n<p dir=\"ltr\" class=\"bbc-bm53ic e1cc2ql70\">&#8220;Fue una de las casi 3.000 personas que murieron ese d\u00eda. No s\u00e9 su nombre, ni la decisi\u00f3n que tuvo que tomar. S\u00e9 que se lanz\u00f3 de un edificio y yo estaba all\u00ed para capturar ese momento&#8221;, cuenta.<\/p>\n<\/div>\n<div dir=\"ltr\" class=\"bbc-19j92fr e57qer20\" readability=\"7\">\n<p dir=\"ltr\" class=\"bbc-bm53ic e1cc2ql70\">Pero el misterio que rodea su identidad ha preocupado a otros.<\/p>\n<\/div>\n<div dir=\"ltr\" class=\"bbc-19j92fr e57qer20\" readability=\"11\">\n<p dir=\"ltr\" class=\"bbc-bm53ic e1cc2ql70\">Uno de ellos, el periodista estadounidense Tom Junod. Dos a\u00f1os despu\u00e9s del 11 de septiembre,<b> Junod escribi\u00f3 un art\u00edculo de portada para la revista &#8220;Esquire&#8221; <\/b><b>en el que <\/b><b>acu\u00f1<\/b><b>\u00f3<\/b><b> el nombre<\/b><b> de<\/b><b> &#8220;<\/b><b>El hombre que cae<\/b><b>&#8221; para <\/b><b>el protagonista de <\/b><b>la foto y trat<\/b><b>\u00f3<\/b><b> de identificar<\/b><b>lo<\/b>.<\/p>\n<\/div>\n<div dir=\"ltr\" class=\"bbc-19j92fr e57qer20\" readability=\"12\">\n<p dir=\"ltr\" class=\"bbc-bm53ic e1cc2ql70\">Junod dio con dos nombres. Uno, Norberto Hern\u00e1ndez, chef del restaurante Windows on the World, que estaba ubicado en el piso 106 de la Torre Norte. Pero la familia de Hern\u00e1ndez dijo que no pod\u00eda ser \u00e9l por la ropa que llevaba.<\/p>\n<\/div>\n<div dir=\"ltr\" class=\"bbc-19j92fr e57qer20\" readability=\"12\">\n<p dir=\"ltr\" class=\"bbc-bm53ic e1cc2ql70\">El segundo hombre era Jonathan Briley, un ingeniero de sonido de 43 a\u00f1os que tambi\u00e9n trabajaba en el restaurante. Los hermanos de Briley dijeron que pensaban que, por la ropa y el cuerpo del hombre, podr\u00eda ser el de la foto. <\/p>\n<\/div>\n<div dir=\"ltr\" class=\"bbc-19j92fr e57qer20\" readability=\"8\">\n<p dir=\"ltr\" class=\"bbc-bm53ic e1cc2ql70\">Es posible que sea \u00e9l, pero no hay forma de estar seguro.<\/p>\n<\/div>\n<div dir=\"ltr\" class=\"bbc-19j92fr e57qer20\" readability=\"9\">\n<p dir=\"ltr\" class=\"bbc-bm53ic e1cc2ql70\">En 2006, el director estadounidense Henry Singer realiz\u00f3 un documental basado en los informes de Junod y utilizando otras im\u00e1genes capturadas ese d\u00eda.<\/p>\n<\/div>\n<p><h2 id=\"Avi\u00f3n-en-Kabul\" tabindex=\"-1\" class=\"bbc-l3e97o e14hemmw0\">Avi\u00f3n en Kabul<\/h2>\n<\/p>\n<div dir=\"ltr\" class=\"bbc-19j92fr e57qer20\" readability=\"12\">\n<p dir=\"ltr\" class=\"bbc-bm53ic e1cc2ql70\">La elecci\u00f3n entre la muerte y la muerte parece haber sido tambi\u00e9n lo que sucedi\u00f3 hace tres semanas en Afganist\u00e1n, cuando, desesperados por abandonar el pa\u00eds, unos hombres se colgaron del fuselaje de un avi\u00f3n estadounidense.<\/p>\n<\/div>\n<div dir=\"ltr\" class=\"bbc-19j92fr e57qer20\" readability=\"7\">\n<p dir=\"ltr\" class=\"bbc-bm53ic e1cc2ql70\">Las dos im\u00e1genes son como dos finales terribles de esta historia que se unieron 20 a\u00f1os despu\u00e9s.<\/p>\n<\/div>\n<div dir=\"ltr\" class=\"bbc-19j92fr e57qer20\" readability=\"16\">\n<p dir=\"ltr\" class=\"bbc-bm53ic e1cc2ql70\">Casi un mes despu\u00e9s de los ataques a las Torres Gemelas, el entonces presidente de Estados Unidos, <b>George W. Bush<\/b>, anunci\u00f3 la guerra contra Afganist\u00e1n. Estados Unidos sacar\u00eda del poder a los talibanes, que daban cobijo a al Qaeda, los perpetradores de los ataques, en el territorio que controlaban.<\/p>\n<\/div>\n<div dir=\"ltr\" class=\"bbc-1ka88fa e57qer20\">\n<figure class=\"bbc-1qdcvv9 e6bmn90\">\n<div dir=\"ltr\" class=\"bbc-172p16q e57qer20\">\n<div dir=\"ltr\" class=\"bbc-189y18v e57qer20\">\n<div data-e2e=\"image-placeholder\" class=\"bbc-1k5hvrj e1whu0\"><noscript><img loading=\"lazy\" srcset=\"http:\/\/cordobadirecto.com\/wp-content\/uploads\/2021\/09\/atentados-del-11-de-septiembre-la-historia-detras-de-la-iconica-imagen-del-hombre-cayendo-de-una-de-las-torres-gemelas-35.jpg 240w, http:\/\/cordobadirecto.com\/wp-content\/uploads\/2021\/09\/atentados-del-11-de-septiembre-la-historia-detras-de-la-iconica-imagen-del-hombre-cayendo-de-una-de-las-torres-gemelas-36.jpg 320w, http:\/\/cordobadirecto.com\/wp-content\/uploads\/2021\/09\/atentados-del-11-de-septiembre-la-historia-detras-de-la-iconica-imagen-del-hombre-cayendo-de-una-de-las-torres-gemelas-37.jpg 480w, http:\/\/cordobadirecto.com\/wp-content\/uploads\/2021\/09\/atentados-del-11-de-septiembre-la-historia-detras-de-la-iconica-imagen-del-hombre-cayendo-de-una-de-las-torres-gemelas-38.jpg 624w, http:\/\/cordobadirecto.com\/wp-content\/uploads\/2021\/09\/atentados-del-11-de-septiembre-la-historia-detras-de-la-iconica-imagen-del-hombre-cayendo-de-una-de-las-torres-gemelas-39.jpg 800w\" alt=\"Afganos esperando para salir del aeropuerto de Kabul el 16 de agosto de 2021.\" src=\"http:\/\/cordobadirecto.com\/wp-content\/uploads\/2021\/09\/atentados-del-11-de-septiembre-la-historia-detras-de-la-iconica-imagen-del-hombre-cayendo-de-una-de-las-torres-gemelas-6.jpg\" width=\"976\" height=\"549\" class=\"eehpdyc0 bbc-oabvne e1enwo3v0\"><\/noscript><\/p>\n<p role=\"text\" class=\"bbc-1s1cxbv etq3yw90\"><span class=\"bbc-1gnhmg2 e1yt7oin0\">Fuente de la imagen, <\/span><span lang=\"en-GB\">AFP<\/span><\/p>\n<\/div>\n<\/div>\n<div dir=\"ltr\" class=\"bbc-3edg7g e57qer20\" readability=\"6.5\"><figcaption dir=\"ltr\" class=\"bbc-1t9zlwf eede9f50\" readability=\"3\"><span class=\"bbc-1gnhmg2 e1yt7oin0\">Pie de foto, <\/span><\/p>\n<p>Cientos de afganos corrieron al aeropuerto de Kabul y se aferraron a un avi\u00f3n con la esperanza de salir del pa\u00eds.<\/p>\n<\/figcaption><\/div>\n<\/div>\n<\/figure>\n<\/div>\n<div dir=\"ltr\" class=\"bbc-19j92fr e57qer20\" readability=\"10\">\n<p dir=\"ltr\" class=\"bbc-bm53ic e1cc2ql70\">Despu\u00e9s de 20 a\u00f1os, cuando el presidente Joe Biden llev\u00f3 a Estados Unidos a poner fin a la guerra al retirar a las tropas estadounidenses de Afganist\u00e1n, los talibanes regresaron al poder.<\/p>\n<\/div>\n<div dir=\"ltr\" class=\"bbc-19j92fr e57qer20\" readability=\"8\">\n<p dir=\"ltr\" class=\"bbc-bm53ic e1cc2ql70\">Fue la desesperaci\u00f3n de permanecer en un pa\u00eds nuevamente controlado por los talibanes lo que hizo que los afganos se aferraran a las alas y al fuselaje de un avi\u00f3n. <\/p>\n<\/div>\n<div dir=\"ltr\" class=\"bbc-19j92fr e57qer20\" readability=\"11\">\n<p dir=\"ltr\" class=\"bbc-bm53ic e1cc2ql70\"><b>El avi\u00f3n despega y los cuerpos caen en picado hacia la nada, tal como lo hicieron el 11 de septiembre. <\/b>Un joven futbolista de 19 a\u00f1os, Zaki Anwari, muri\u00f3 tratando de escapar de esta manera.<\/p>\n<\/div>\n<div dir=\"ltr\" class=\"bbc-19j92fr e57qer20\" readability=\"12\">\n<p dir=\"ltr\" class=\"bbc-bm53ic e1cc2ql70\">El fot\u00f3grafo de &#8220;El hombre que cae&#8221; se neg\u00f3 a comentar sobre Afganist\u00e1n o la pol\u00edtica actual. Hoy, Drew fotograf\u00eda la emoci\u00f3n de los &#8220;corredores&#8221; de la Bolsa de Valores de Nueva York, justo al lado de donde alguna vez estuvieron las Torres Gemelas y donde ahora hay un monumento a las v\u00edctimas del 11 de septiembre.<\/p>\n<\/div>\n<div dir=\"ltr\" class=\"bbc-1ka88fa e57qer20\">\n<figure class=\"bbc-1qdcvv9 e6bmn90\">\n<div dir=\"ltr\" class=\"bbc-172p16q e57qer20\">\n<div dir=\"ltr\" class=\"bbc-189y18v e57qer20\">\n<div data-e2e=\"image-placeholder\" class=\"bbc-367mqz e1whu0\"><noscript><img loading=\"lazy\" srcset=\"http:\/\/cordobadirecto.com\/wp-content\/uploads\/2021\/09\/atentados-del-11-de-septiembre-la-historia-detras-de-la-iconica-imagen-del-hombre-cayendo-de-una-de-las-torres-gemelas-12.jpg 240w, http:\/\/cordobadirecto.com\/wp-content\/uploads\/2021\/09\/atentados-del-11-de-septiembre-la-historia-detras-de-la-iconica-imagen-del-hombre-cayendo-de-una-de-las-torres-gemelas-13.jpg 320w, http:\/\/cordobadirecto.com\/wp-content\/uploads\/2021\/09\/atentados-del-11-de-septiembre-la-historia-detras-de-la-iconica-imagen-del-hombre-cayendo-de-una-de-las-torres-gemelas-14.jpg 464w\" alt=\"L\u00ednea\" src=\"http:\/\/cordobadirecto.com\/wp-content\/uploads\/2021\/09\/atentados-del-11-de-septiembre-la-historia-detras-de-la-iconica-imagen-del-hombre-cayendo-de-una-de-las-torres-gemelas-1.jpg\" width=\"464\" height=\"2\" class=\"eehpdyc0 bbc-oabvne e1enwo3v0\"><\/noscript><\/div>\n<\/div>\n<\/div>\n<\/figure>\n<\/div>\n<div dir=\"ltr\" class=\"bbc-19j92fr e57qer20\" readability=\"8\">\n<p dir=\"ltr\" class=\"bbc-bm53ic e1cc2ql70\"><i class=\"bbc-h1y5j7 ewc4zcb0\">Recuerda que puedes recibir notificaciones de BBC News Mundo. Descarga la nueva versi\u00f3n de nuestra app y act\u00edvalas para no perderte nuestro mejor contenido.<\/i><\/p>\n<\/div>\n","protected":false},"excerpt":{"rendered":"<p>Juliana Gragnani BBC News Brasil 11 septiembre 2021 Fuente de la imagen, Spencer Platt\/Getty Images Por motivos editoriales y por la sensibilidad de la imagen, BBC no muestra la fotograf\u00eda del hombre que salta al vac\u00edo. Muerte o muerte. En la ma\u00f1ana del 11 de septiembre de 2001, decenas de personas se enfentaron a esta [&hellip;]<\/p>\n","protected":false},"author":1,"featured_media":18002,"comment_status":"closed","ping_status":"closed","sticky":false,"template":"","format":"standard","meta":[],"categories":[24],"tags":[],"_links":{"self":[{"href":"http:\/\/cordobadirecto.com\/index.php\/wp-json\/wp\/v2\/posts\/18001"}],"collection":[{"href":"http:\/\/cordobadirecto.com\/index.php\/wp-json\/wp\/v2\/posts"}],"about":[{"href":"http:\/\/cordobadirecto.com\/index.php\/wp-json\/wp\/v2\/types\/post"}],"author":[{"embeddable":true,"href":"http:\/\/cordobadirecto.com\/index.php\/wp-json\/wp\/v2\/users\/1"}],"replies":[{"embeddable":true,"href":"http:\/\/cordobadirecto.com\/index.php\/wp-json\/wp\/v2\/comments?post=18001"}],"version-history":[{"count":0,"href":"http:\/\/cordobadirecto.com\/index.php\/wp-json\/wp\/v2\/posts\/18001\/revisions"}],"wp:featuredmedia":[{"embeddable":true,"href":"http:\/\/cordobadirecto.com\/index.php\/wp-json\/wp\/v2\/media\/18002"}],"wp:attachment":[{"href":"http:\/\/cordobadirecto.com\/index.php\/wp-json\/wp\/v2\/media?parent=18001"}],"wp:term":[{"taxonomy":"category","embeddable":true,"href":"http:\/\/cordobadirecto.com\/index.php\/wp-json\/wp\/v2\/categories?post=18001"},{"taxonomy":"post_tag","embeddable":true,"href":"http:\/\/cordobadirecto.com\/index.php\/wp-json\/wp\/v2\/tags?post=18001"}],"curies":[{"name":"wp","href":"https:\/\/api.w.org\/{rel}","templated":true}]}}