{"id":1803,"date":"2021-02-19T05:06:42","date_gmt":"2021-02-19T05:06:42","guid":{"rendered":"https:\/\/lmdiario.com.ar\/contenido\/263527\/los-musicos-adelantaron-que-cordoba-adherira-al-protocolo-nacional-de-shows-en-v"},"modified":"2021-02-19T05:06:42","modified_gmt":"2021-02-19T05:06:42","slug":"los-musicos-adelantaron-que-protocolo-mediante-habra-shows-en-cordoba","status":"publish","type":"post","link":"http:\/\/cordobadirecto.com\/index.php\/2021\/02\/19\/los-musicos-adelantaron-que-protocolo-mediante-habra-shows-en-cordoba\/","title":{"rendered":"Los m\u00fasicos adelantaron que, protocolo mediante, habr\u00e1 shows en C\u00f3rdoba"},"content":{"rendered":"<div readability=\"32\"> <img alt=\"La Reforma- \u00d3pera Rock\" class=\"img-responsive\" height=\"656\" loading=\"lazy\" sizes=\"auto\" src=\"http:\/\/cordobadirecto.com\/wp-content\/uploads\/2021\/02\/los-musicos-adelantaron-que-protocolo-mediante-habra-shows-en-cordoba.jpg\" srcset=\"http:\/\/cordobadirecto.com\/wp-content\/uploads\/2021\/02\/los-musicos-adelantaron-que-protocolo-mediante-habra-shows-en-cordoba.jpg 1000w, http:\/\/cordobadirecto.com\/wp-content\/uploads\/2021\/02\/los-musicos-adelantaron-que-protocolo-mediante-habra-shows-en-cordoba-1.jpg 400w\" width=\"1000\"> <\/p>\n<p> <span>Espect\u00e1culos en vivo regresar\u00edan bajo ciertas restricciones de aforo.<\/span> <span>Imagen ilustrativa<\/span> <\/p>\n<\/p><\/div>\n<div readability=\"66\">\n<p>En un \u201cComunicado a las personas trabajadoras de la m\u00fasica de la provincia\u201d, el Sindicato de M\u00fasicos de la provincia de C\u00f3rdoba adelant\u00f3 este lunes que la provincia <strong>adherir\u00e1 al protocolo nacional de shows en vivo. Fue tras haber participado de una reuni\u00f3n con autoridades sanitarias y otros actores de la escena art\u00edstica local,<\/strong> luego de la gran pol\u00e9mica que gener\u00f3 la restricci\u00f3n de shows en vivo hasta el 31 de marzo pr\u00f3ximo.<strong> La Provincia a\u00fan no confirm\u00f3 la especie, aunque lo har\u00eda en las pr\u00f3ximas horas.<\/strong><\/p>\n<p>El gremio que agrupa a los trabajadores de la m\u00fasica precis\u00f3 que en el encuentro \u201cse trat\u00f3 la \u00faltima comunicaci\u00f3n surgida desde el COE y el Gobierno provincial referida a la m\u00fasica en vivo, se aclararon los alcances de dicha comunicaci\u00f3n y desde el gobierno se pidieron disculpas por la mala redacci\u00f3n de &nbsp;la misma y los malos entendidos que esta ocasion\u00f3\u201d.<\/p>\n<p>Tras haber tratado un informe de la situaci\u00f3n epidemiol\u00f3gica provincial, el sindicato inform\u00f3 que en la reuni\u00f3n <strong>\u201cel gobierno de la provincia se compromete a ampliar el protocolo de m\u00fasica en vivo en lugares gastron\u00f3micos para que puedan presentarse hasta 4 artistas en vivo<\/strong> (de acuerdo al tama\u00f1o del escenario &nbsp;en m2)\u201d y a \u201ctrabajar para definir la adhesi\u00f3n al protocolo nacional para m\u00fasica en vivo, &nbsp;de acuerdo a las disposiciones nacionales vigentes (que no coincide con el DNU de emergencia sanitaria vigente hasta el 20 &nbsp;de diciembre), para poder <strong>habilitar espacios de m\u00fasica en vivo en lugares p\u00fablicos cerrados y al aire libre con capacidad limitada de aforo\u201d. Bailes y boliches deber\u00e1n esperar.<\/strong><strong><\/strong><\/p>\n<p>De acuerdo al comunicado, participaron del anunciado encuentro el ministro de Salud de la Provincia, Diego Cardozo; el titular del COE, Juan Ledesma; la presidenta de la Agencia C\u00f3rdoba Cultura, Nora Bedano; vocales de la agencia; representantes de la C\u00e1mara de Empresarios del Entretenimiento, y due\u00f1os de salas de m\u00fasica en vivo junto a grupos de cuarteto.<\/p>\n<p>Las partes volver\u00edan a encontrarse el pr\u00f3ximo 14 de diciembre, <strong>\u201cpara avanzar en los protocolos locales y en las disposiciones legales vigentes\u201d.<\/strong><\/p>\n<\/p><\/div>\n","protected":false},"excerpt":{"rendered":"<p>Espect\u00e1culos en vivo regresar\u00edan bajo ciertas restricciones de aforo. Imagen ilustrativa En un \u201cComunicado a las personas trabajadoras de la m\u00fasica de la provincia\u201d, el Sindicato de M\u00fasicos de la provincia de C\u00f3rdoba adelant\u00f3 este lunes que la provincia adherir\u00e1 al protocolo nacional de shows en vivo. Fue tras haber participado de una reuni\u00f3n con [&hellip;]<\/p>\n","protected":false},"author":1,"featured_media":1804,"comment_status":"open","ping_status":"closed","sticky":false,"template":"","format":"standard","meta":[],"categories":[19],"tags":[],"_links":{"self":[{"href":"http:\/\/cordobadirecto.com\/index.php\/wp-json\/wp\/v2\/posts\/1803"}],"collection":[{"href":"http:\/\/cordobadirecto.com\/index.php\/wp-json\/wp\/v2\/posts"}],"about":[{"href":"http:\/\/cordobadirecto.com\/index.php\/wp-json\/wp\/v2\/types\/post"}],"author":[{"embeddable":true,"href":"http:\/\/cordobadirecto.com\/index.php\/wp-json\/wp\/v2\/users\/1"}],"replies":[{"embeddable":true,"href":"http:\/\/cordobadirecto.com\/index.php\/wp-json\/wp\/v2\/comments?post=1803"}],"version-history":[{"count":0,"href":"http:\/\/cordobadirecto.com\/index.php\/wp-json\/wp\/v2\/posts\/1803\/revisions"}],"wp:featuredmedia":[{"embeddable":true,"href":"http:\/\/cordobadirecto.com\/index.php\/wp-json\/wp\/v2\/media\/1804"}],"wp:attachment":[{"href":"http:\/\/cordobadirecto.com\/index.php\/wp-json\/wp\/v2\/media?parent=1803"}],"wp:term":[{"taxonomy":"category","embeddable":true,"href":"http:\/\/cordobadirecto.com\/index.php\/wp-json\/wp\/v2\/categories?post=1803"},{"taxonomy":"post_tag","embeddable":true,"href":"http:\/\/cordobadirecto.com\/index.php\/wp-json\/wp\/v2\/tags?post=1803"}],"curies":[{"name":"wp","href":"https:\/\/api.w.org\/{rel}","templated":true}]}}