{"id":180599,"date":"2025-11-27T22:31:50","date_gmt":"2025-11-27T22:31:50","guid":{"rendered":"https:\/\/cordoba.gob.ar\/?p=83716"},"modified":"2025-11-27T22:31:50","modified_gmt":"2025-11-27T22:31:50","slug":"fantasmaticas-cierra-su-temporada-con-una-funcion-accesible-para-personas-ciegas","status":"publish","type":"post","link":"http:\/\/cordobadirecto.com\/index.php\/2025\/11\/27\/fantasmaticas-cierra-su-temporada-con-una-funcion-accesible-para-personas-ciegas\/","title":{"rendered":"Fantasm\u00e1ticas cierra su temporada con una funci\u00f3n accesible para personas ciegas"},"content":{"rendered":"<div><img src=\"http:\/\/cordobadirecto.com\/wp-content\/uploads\/2025\/11\/fantasmaticas-cierra-su-temporada-con-una-funcion-accesible-para-personas-ciegas.jpg\" class=\"ff-og-image-inserted\"><\/div>\n<ul>\n<li data-prosemirror-content-type=\"node\" data-prosemirror-node-name=\"paragraph\" data-prosemirror-node-block=\"true\"><strong data-prosemirror-content-type=\"mark\" data-prosemirror-mark-name=\"strong\">Ser\u00e1 el viernes 28, con una visita t\u00e1ctil desde las 18:30.<\/strong><\/li>\n<li data-prosemirror-content-type=\"node\" data-prosemirror-node-name=\"paragraph\" data-prosemirror-node-block=\"true\"><strong data-prosemirror-content-type=\"mark\" data-prosemirror-mark-name=\"strong\">La \u00faltima fecha ser\u00e1 el s\u00e1bado 29 con la presencia de su autora Tania Leyes.<\/strong><\/li>\n<li data-prosemirror-content-type=\"node\" data-prosemirror-node-name=\"paragraph\" data-prosemirror-node-block=\"true\"><strong data-prosemirror-content-type=\"mark\" data-prosemirror-mark-name=\"strong\">Ambas funciones son gratuitas y abiertas a todo el p\u00fablico.<\/strong><\/li>\n<\/ul>\n<hr>\n<p data-prosemirror-content-type=\"node\" data-prosemirror-node-name=\"paragraph\" data-prosemirror-node-block=\"true\">La obra Fantasm\u00e1ticas desde su estreno en octubre viene ofreciendo funciones semanales gratuitas con gran convocatoria en cada presentaci\u00f3n.<\/p>\n<p data-prosemirror-content-type=\"node\" data-prosemirror-node-name=\"paragraph\" data-prosemirror-node-block=\"true\">Es una coproducci\u00f3n entre el Teatro Nacional Cervantes y el Teatro Comedia con el respaldo de la Secretar\u00eda de Fortalecimiento Vecinal, Cultura y Deportes de la Municipalidad de C\u00f3rdoba.<\/p>\n<p data-prosemirror-content-type=\"node\" data-prosemirror-node-name=\"paragraph\" data-prosemirror-node-block=\"true\">La pieza teatral escrita por Tania Leyes, y dirigida por Luciano Delprato llega a su cierre de temporada con las dos \u00faltimas funciones:<\/p>\n<p data-prosemirror-content-type=\"node\" data-prosemirror-node-name=\"paragraph\" data-prosemirror-node-block=\"true\"><strong data-prosemirror-content-type=\"mark\" data-prosemirror-mark-name=\"strong\">Viernes 28: visita guiada y funci\u00f3n con recursos de accesibilidad para personas ciegas y de baja visi\u00f3n<\/strong><\/p>\n<p data-prosemirror-content-type=\"node\" data-prosemirror-node-name=\"paragraph\" data-prosemirror-node-block=\"true\">Este viernes, previo a la funci\u00f3n, se realizar\u00e1 una experiencia t\u00e1ctil destinada a personas ciegas y con baja visi\u00f3n junto a un acompa\u00f1ante.<\/p>\n<p data-prosemirror-content-type=\"node\" data-prosemirror-node-name=\"paragraph\" data-prosemirror-node-block=\"true\">La visita iniciar\u00e1 a las 18:30 en el hall de ingreso donde se contar\u00e1 sobre la historia del Teatro Comedia, desde sus inicios hasta su reinauguraci\u00f3n. Luego, ya en el escenario, los asistentes podr\u00e1n charlar con las actrices de la obra y realizar un repaso t\u00e1ctil sobre su vestuario y escenograf\u00eda.<\/p>\n<p data-prosemirror-content-type=\"node\" data-prosemirror-node-name=\"paragraph\" data-prosemirror-node-block=\"true\">Los cupos para esta experiencia son limitados, por lo que las y los interesados deben comunicarse por Whatsapp al 3518671086 para reservar su lugar.<\/p>\n<p data-prosemirror-content-type=\"node\" data-prosemirror-node-name=\"paragraph\" data-prosemirror-node-block=\"true\">A las 20:00 se dar\u00e1 inicio a la funci\u00f3n de Fantasm\u00e1ticas, la cual contar\u00e1 con peque\u00f1as descripciones verbales para brindar informaci\u00f3n visual de la obra. Esta funci\u00f3n es abierta a todo el p\u00fablico.<\/p>\n<p data-prosemirror-content-type=\"node\" data-prosemirror-node-name=\"paragraph\" data-prosemirror-node-block=\"true\">Para quienes asistan directamente a la funci\u00f3n, las entradas pueden retirarse desde las 16:00 horas en la boleter\u00eda del Comedia de manera gratuita.<\/p>\n<p data-prosemirror-content-type=\"node\" data-prosemirror-node-name=\"paragraph\" data-prosemirror-node-block=\"true\"><strong data-prosemirror-content-type=\"mark\" data-prosemirror-mark-name=\"strong\">S\u00e1bado 29: \u00faltima funci\u00f3n<\/strong><\/p>\n<p data-prosemirror-content-type=\"node\" data-prosemirror-node-name=\"paragraph\" data-prosemirror-node-block=\"true\">Luego de m\u00e1s de un mes en cartelera, Fantasm\u00e1ticas cierra su temporada con la presencia de su escritora Tania Leyes. La \u00faltima funci\u00f3n ser\u00e1 el s\u00e1bado 29 a las 20:00 horas.<\/p>\n<p data-prosemirror-content-type=\"node\" data-prosemirror-node-name=\"paragraph\" data-prosemirror-node-block=\"true\">Las entradas son gratuitas y se retiran desde las 16:00 horas en la boleter\u00eda del teatro.<\/p>\n<p data-prosemirror-content-type=\"node\" data-prosemirror-node-name=\"paragraph\" data-prosemirror-node-block=\"true\">Tambi\u00e9n se podr\u00e1n reservar online a trav\u00e9s del formulario disponible en <a href=\"https:\/\/docs.google.com\/forms\/d\/e\/1FAIpQLSccJAVLkBiwv2upn_qAOZ7kX6OXY132jiJ4sjFwRDaNb3CXjQ\/viewform?pli=1\">este enlace<\/a>&nbsp;con retiro hasta 15 minutos antes del inicio. Se podr\u00e1n reservar 4 entradas por persona. Para grupos mayores, se puede escribir por Instagram @\u200cfantasmaticas.tnc o por correo a <a href=\"mailto:fantasmaticascervantes@gmail.com\" data-prosemirror-content-type=\"mark\" data-prosemirror-mark-name=\"link\">fantasmaticascervantes@gmail.com<\/a>.<\/p>\n<p data-prosemirror-content-type=\"node\" data-prosemirror-node-name=\"paragraph\" data-prosemirror-node-block=\"true\"><strong data-prosemirror-content-type=\"mark\" data-prosemirror-mark-name=\"strong\">Reflexiones sobre los prejuicios de la vejez<\/strong><\/p>\n<p data-prosemirror-content-type=\"node\" data-prosemirror-node-name=\"paragraph\" data-prosemirror-node-block=\"true\">La obra presenta la historia de Eunice, Esmeralda y Estrella, quienes habitan un teatro en ruinas donde, entre recuerdos, delirios y ensayos inconclusos, intentan recomponer algo de la gloria que supieron tener.<\/p>\n<p data-prosemirror-content-type=\"node\" data-prosemirror-node-name=\"paragraph\" data-prosemirror-node-block=\"true\">En ese recorrido, enfrentan con lucidez, humor y una sensibilidad profundamente contempor\u00e1nea los estereotipos que suelen asociarse a la vejez, reivindicando la experiencia, el deseo y la potencia creativa como fuerzas que persisten incluso cuando todo alrededor parece desmoronarse.<\/p>\n","protected":false},"excerpt":{"rendered":"<p>Ser\u00e1 el viernes 28, con una visita t\u00e1ctil desde las 18:30. La \u00faltima fecha ser\u00e1 el s\u00e1bado 29 con la presencia de su autora Tania Leyes. Ambas funciones son gratuitas y abiertas a todo el p\u00fablico. La obra Fantasm\u00e1ticas desde su estreno en octubre viene ofreciendo funciones semanales gratuitas con gran convocatoria en cada presentaci\u00f3n. [&hellip;]<\/p>\n","protected":false},"author":1,"featured_media":180600,"comment_status":"closed","ping_status":"closed","sticky":false,"template":"","format":"standard","meta":[],"categories":[44],"tags":[],"_links":{"self":[{"href":"http:\/\/cordobadirecto.com\/index.php\/wp-json\/wp\/v2\/posts\/180599"}],"collection":[{"href":"http:\/\/cordobadirecto.com\/index.php\/wp-json\/wp\/v2\/posts"}],"about":[{"href":"http:\/\/cordobadirecto.com\/index.php\/wp-json\/wp\/v2\/types\/post"}],"author":[{"embeddable":true,"href":"http:\/\/cordobadirecto.com\/index.php\/wp-json\/wp\/v2\/users\/1"}],"replies":[{"embeddable":true,"href":"http:\/\/cordobadirecto.com\/index.php\/wp-json\/wp\/v2\/comments?post=180599"}],"version-history":[{"count":0,"href":"http:\/\/cordobadirecto.com\/index.php\/wp-json\/wp\/v2\/posts\/180599\/revisions"}],"wp:featuredmedia":[{"embeddable":true,"href":"http:\/\/cordobadirecto.com\/index.php\/wp-json\/wp\/v2\/media\/180600"}],"wp:attachment":[{"href":"http:\/\/cordobadirecto.com\/index.php\/wp-json\/wp\/v2\/media?parent=180599"}],"wp:term":[{"taxonomy":"category","embeddable":true,"href":"http:\/\/cordobadirecto.com\/index.php\/wp-json\/wp\/v2\/categories?post=180599"},{"taxonomy":"post_tag","embeddable":true,"href":"http:\/\/cordobadirecto.com\/index.php\/wp-json\/wp\/v2\/tags?post=180599"}],"curies":[{"name":"wp","href":"https:\/\/api.w.org\/{rel}","templated":true}]}}