{"id":18078,"date":"2021-09-12T00:30:13","date_gmt":"2021-09-12T00:30:13","guid":{"rendered":"http:\/\/cordobadirecto.com\/index.php\/2021\/09\/12\/battaglia-hizo-practica-de-futbol-y-almendra-no-participo-por-precaucion\/"},"modified":"2021-09-12T00:30:13","modified_gmt":"2021-09-12T00:30:13","slug":"battaglia-hizo-practica-de-futbol-y-almendra-no-participo-por-precaucion","status":"publish","type":"post","link":"http:\/\/cordobadirecto.com\/index.php\/2021\/09\/12\/battaglia-hizo-practica-de-futbol-y-almendra-no-participo-por-precaucion\/","title":{"rendered":"Battaglia hizo pr\u00e1ctica de f\u00fatbol y Almendra no particip\u00f3 por precauci\u00f3n"},"content":{"rendered":"<div class=\"image\" id=\"image\" readability=\"8\"> <img src=\"http:\/\/cordobadirecto.com\/wp-content\/uploads\/2021\/09\/battaglia-hizo-practica-de-futbol-y-almendra-no-participo-por-precaucion.jpg\" alt=\"Battaglia ensaya el equipo para jugar contra Defensa y Justicia.,\" title=\"Battaglia ensaya el equipo para jugar contra Defensa y Justicia.,\"><\/p>\n<p>Battaglia ensaya el equipo para jugar contra Defensa y Justicia.,<\/p>\n<\/div>\n<p>El mediocampista Agust\u00edn Almendra fue reservado este s\u00e1bado en la pr\u00e1ctica de f\u00fatbol de Boca Juniors para el partido del martes pr\u00f3ximo ante Defensa y Justicia en La Bombonera por la und\u00e9cima fecha de la Liga Profesional del F\u00fatbol (LPF).<\/p>\n<p>El director t\u00e9cnico Sebasti\u00e1n Battaglia no lo incluy\u00f3 en la probable alineaci\u00f3n titular debido a un fuerte golpe en su tobillo izquierdo, que lo tiene en <strong>duda para jugar ante el &#8220;Halc\u00f3n&#8221;<\/strong> de Florencio Varela.<\/p>\n<p><strong>Su lugar lo ocup\u00f3 el juvenil Aaron Molinas<\/strong>, de 21 a\u00f1os, una de las dos novedades en relaci\u00f3n a la pasada victoria ante Central en Rosario (2-1). La otra fue el ingreso de <strong>Diego &#8220;Pulpo&#8221; Gonz\u00e1lez por Cristian Medina.<\/strong><\/p>\n<p>El once ensayado fue <strong>Agust\u00edn Rossi; Marcelo Weingandt, Carlos Izquierdoz, Marcos Rojo y Agust\u00edn Sandez; Gonz\u00e1lez, Jorman Campuzzano, Molinas y Juan Ram\u00edrez; Norberto Briasco y Luis V\u00e1zquez.<\/strong><\/p>\n<p>En otro equipo estuvieron Javier Garc\u00eda; Eros Mancuso, Lautaro Di Lollo, Lisandro L\u00f3pez y Frank Fabra; Alan Varela, Esteban Rol\u00f3n, Medina y Edwin Cardona; Cristian Pav\u00f3n y Nicolas Orsini.<\/p>\n<p>El juvenil Di Lollo, categor\u00eda 2004, reemplaz\u00f3 en la pr\u00e1ctica al peruano Carlos Zambrano, quien se recupera de 15 puntos de sutura en el rostro tras haber chocado involuntariamente con su compa\u00f1ero Sandez en un entrenamiento.<\/p>\n<p>Por su parte<strong>, Eduardo &#8220;Toto&#8221; Salvio contin\u00faa con su recuperaci\u00f3n de la operaci\u00f3n en los ligamentos cruzados de la rodilla izquierda, que se realiz\u00f3 el 8 de marzo de este a\u00f1o. Se espera que la semana pr\u00f3xima pueda entrenarse con normalidad junto a sus compa\u00f1eros.<\/strong><\/p>\n<p>El colombiano <strong>Sebasti\u00e1n Villa trabaja aparte en una mini pretemporada<\/strong> por un viaje de 38 a su pa\u00eds, del que regres\u00f3 el pasado lunes.<\/p>\n<p>El punta &#8220;cafetero&#8221; mantiene un conflicto de intereses con el Consejo de F\u00fatbol que lidera Juan Rom\u00e1n Riquelme por el rechazo de una oferta proveniente del Brujas de B\u00e9lgica.<\/p>\n<p>Para este domingo se aguarda la vuelta del defensor peruano <strong>Luis Adv\u00edncula<\/strong>, quien particip\u00f3 de la reciente triple fecha de Eliminatorias Sudamericanas para el Mundial Qatar 2022.<\/p>\n<p>Boca, 9no. con 14 puntos, intentar\u00e1 mantener el invicto de la era Battaglia (3 victorias, 1 empate) cuando reciba a Defensa (13) este martes a las 21:00 con arbitraje de Ariel Penel. <\/p>\n","protected":false},"excerpt":{"rendered":"<p>Battaglia ensaya el equipo para jugar contra Defensa y Justicia., El mediocampista Agust\u00edn Almendra fue reservado este s\u00e1bado en la pr\u00e1ctica de f\u00fatbol de Boca Juniors para el partido del martes pr\u00f3ximo ante Defensa y Justicia en La Bombonera por la und\u00e9cima fecha de la Liga Profesional del F\u00fatbol (LPF). El director t\u00e9cnico Sebasti\u00e1n Battaglia [&hellip;]<\/p>\n","protected":false},"author":1,"featured_media":18079,"comment_status":"closed","ping_status":"closed","sticky":false,"template":"","format":"standard","meta":[],"categories":[21],"tags":[],"_links":{"self":[{"href":"http:\/\/cordobadirecto.com\/index.php\/wp-json\/wp\/v2\/posts\/18078"}],"collection":[{"href":"http:\/\/cordobadirecto.com\/index.php\/wp-json\/wp\/v2\/posts"}],"about":[{"href":"http:\/\/cordobadirecto.com\/index.php\/wp-json\/wp\/v2\/types\/post"}],"author":[{"embeddable":true,"href":"http:\/\/cordobadirecto.com\/index.php\/wp-json\/wp\/v2\/users\/1"}],"replies":[{"embeddable":true,"href":"http:\/\/cordobadirecto.com\/index.php\/wp-json\/wp\/v2\/comments?post=18078"}],"version-history":[{"count":0,"href":"http:\/\/cordobadirecto.com\/index.php\/wp-json\/wp\/v2\/posts\/18078\/revisions"}],"wp:featuredmedia":[{"embeddable":true,"href":"http:\/\/cordobadirecto.com\/index.php\/wp-json\/wp\/v2\/media\/18079"}],"wp:attachment":[{"href":"http:\/\/cordobadirecto.com\/index.php\/wp-json\/wp\/v2\/media?parent=18078"}],"wp:term":[{"taxonomy":"category","embeddable":true,"href":"http:\/\/cordobadirecto.com\/index.php\/wp-json\/wp\/v2\/categories?post=18078"},{"taxonomy":"post_tag","embeddable":true,"href":"http:\/\/cordobadirecto.com\/index.php\/wp-json\/wp\/v2\/tags?post=18078"}],"curies":[{"name":"wp","href":"https:\/\/api.w.org\/{rel}","templated":true}]}}