{"id":18101,"date":"2021-09-10T16:43:19","date_gmt":"2021-09-10T16:43:19","guid":{"rendered":"https:\/\/es.digitaltrends.com\/?p=862650"},"modified":"2021-09-10T16:43:19","modified_gmt":"2021-09-10T16:43:19","slug":"trump-dice-que-mark-zuckerberg-iba-a-la-casa-blanca-y-le-besaba-el-trasero","status":"publish","type":"post","link":"http:\/\/cordobadirecto.com\/index.php\/2021\/09\/10\/trump-dice-que-mark-zuckerberg-iba-a-la-casa-blanca-y-le-besaba-el-trasero\/","title":{"rendered":"Trump dice que Mark Zuckerberg iba a la Casa Blanca y le \u201cbesaba el trasero\u201d"},"content":{"rendered":"<div><img src=\"http:\/\/cordobadirecto.com\/wp-content\/uploads\/2021\/09\/trump-dice-que-mark-zuckerberg-iba-a-la-casa-blanca-y-le-besaba-el-trasero.jpg\" class=\"ff-og-image-inserted\"><\/div>\n<p>Quiz\u00e1 Facebook haya <a href=\"https:\/\/es.digitaltrends.com\/sociales\/facebook-extiende-suspension-donald-trump-dos-anos\/\">bloqueado a Donald Trump<\/a> de su plataforma, pero seg\u00fan el expresidente de Estados Unidos su relaci\u00f3n con Mark Zuckerberg sol\u00eda ser amistosa.<\/p>\n<p>En una entrevista con Fox News, Trump record\u00f3 que Mark Zuckerberg \u201csol\u00eda venir a la Casa Blanca a besarme el trasero\u201d; el exmandatario revel\u00f3 que tuvo varias cenas con Zuckerberg y su esposa, personas que le parec\u00edan \u201cmuy agradables\u201d. Por supuesto, no se trata de un hecho literal, sino m\u00e1s bien del comportamiento de Mark Zuckerberg en sus reuniones con el entonces presidente.<\/p>\n<p>De la misma manera, Donald Trump se lament\u00f3 lo que ocurri\u00f3 despu\u00e9s, al ser bloqueado de la red social. \u201cLo que hicieron conmigo y los republicanos es una locura\u201d, seg\u00fan Trump, \u201cpero esa es la forma en que funciona el mundo\u201d.<\/p>\n<blockquote class=\"h-lazy-embed\" data-width=\"500\" data-dnt=\"true\" data-initial-classes=\"twitter-tweet\" data-embed-name=\"twitter\" data-sdk-src=\"\/\/platform.twitter.com\/widgets.js\">\n<p lang=\"en\" dir=\"ltr\">Trump on Mark Zuckerberg: &amp;quot;He used to come to the White House to kiss my ass.&amp;quot; <a href=\"https:\/\/t.co\/EY4LuY8TRn\">pic.twitter.com\/EY4LuY8TRn<\/a><\/p>\n<p>&amp;mdash; Aaron Rupar (@atrupar) <a href=\"https:\/\/twitter.com\/atrupar\/status\/1436165267462180868?ref_src=twsrc%5Etfw\">September 10, 2021<\/a><\/p>\n<\/blockquote>\n<p>En enero de 2020, Facebook bloque\u00f3 la cuenta oficial de Donald Trump hasta 2023, luego de que este incitara los eventos ocurridos en el asalto al Capitolio. Twitter hizo lo mismo, aunque en el caso de esta \u00faltima la sanci\u00f3n fue m\u00e1s fuerte, ya que el bloqueo es permanente y sin fecha de t\u00e9rmino.<\/p>\n<p>A ra\u00edz de lo ocurrido, el exmandatario de Estados Unidos <a href=\"https:\/\/es.digitaltrends.com\/sociales\/donald-trump-demanda-twitter-facebook-google\/\">present\u00f3 una demanda<\/a> contra las dos redes sociales y Google. En esta, Trump alega que las tres grandes tecnol\u00f3gicas \u201cpisotean los derechos de las personas\u201d, en particular, poder expresarse y ser escuchados.<\/p>\n<p>Esta demanda ha hecho eco en el Partido Republicano. En fechas recientes, Texas <a href=\"https:\/\/www.usatoday.com\/story\/tech\/2021\/09\/01\/texas-censorship-conservatives-facebook-twitter-youtube-trump-law\/5683621001\/\">propuso una ley estatal<\/a> para evitar que los discursos del Partido Conservador y sus simpatizantes sean bloqueados de las redes sociales. Lo mismo ocurri\u00f3 en Florida, aunque la legislaci\u00f3n no tuvo \u00e9xito luego de que una corte federal la bloqueara por tratarse de una medida inconstitucional.<\/p>\n<h4 class=\"h-editors-recs-title\"> Recomendaciones del editor\t<\/h4>\n<p> <span id=\"publisher-md\" itemprop=\"publisher\" itemscope itemtype=\"https:\/\/schema.org\/Organization\"> <span itemprop=\"url\" itemtype=\"https:\/\/schema.org\/Url\" content=\"https:\/\/es.digitaltrends.com\"> <span itemprop=\"logo\" itemscope itemtype=\"https:\/\/schema.org\/ImageObject\"> <meta itemprop=\"url\" content=\"https:\/\/cdn.dtcn.com\/dt\/dt-logo-small.png\"> <meta itemprop=\"width\" content=\"0\"> <meta itemprop=\"height\" content=\"0\"> <\/span> <meta itemprop=\"name\" content=\"Digital Trends Espa\u00f1ol\"> <\/span> <span itemprop=\"image\" itemscope itemtype=\"https:\/\/schema.org\/ImageObject\"> <meta itemprop=\"url\" content=\"http:\/\/cordobadirecto.com\/wp-content\/uploads\/2021\/09\/trump-dice-que-mark-zuckerberg-iba-a-la-casa-blanca-y-le-besaba-el-trasero.jpg\"> <\/span> <\/span><\/p>\n","protected":false},"excerpt":{"rendered":"<p>Quiz\u00e1 Facebook haya bloqueado a Donald Trump de su plataforma, pero seg\u00fan el expresidente de Estados Unidos su relaci\u00f3n con Mark Zuckerberg sol\u00eda ser amistosa. En una entrevista con Fox News, Trump record\u00f3 que Mark Zuckerberg \u201csol\u00eda venir a la Casa Blanca a besarme el trasero\u201d; el exmandatario revel\u00f3 que tuvo varias cenas con Zuckerberg [&hellip;]<\/p>\n","protected":false},"author":1,"featured_media":18102,"comment_status":"closed","ping_status":"closed","sticky":false,"template":"","format":"standard","meta":[],"categories":[26],"tags":[],"_links":{"self":[{"href":"http:\/\/cordobadirecto.com\/index.php\/wp-json\/wp\/v2\/posts\/18101"}],"collection":[{"href":"http:\/\/cordobadirecto.com\/index.php\/wp-json\/wp\/v2\/posts"}],"about":[{"href":"http:\/\/cordobadirecto.com\/index.php\/wp-json\/wp\/v2\/types\/post"}],"author":[{"embeddable":true,"href":"http:\/\/cordobadirecto.com\/index.php\/wp-json\/wp\/v2\/users\/1"}],"replies":[{"embeddable":true,"href":"http:\/\/cordobadirecto.com\/index.php\/wp-json\/wp\/v2\/comments?post=18101"}],"version-history":[{"count":0,"href":"http:\/\/cordobadirecto.com\/index.php\/wp-json\/wp\/v2\/posts\/18101\/revisions"}],"wp:featuredmedia":[{"embeddable":true,"href":"http:\/\/cordobadirecto.com\/index.php\/wp-json\/wp\/v2\/media\/18102"}],"wp:attachment":[{"href":"http:\/\/cordobadirecto.com\/index.php\/wp-json\/wp\/v2\/media?parent=18101"}],"wp:term":[{"taxonomy":"category","embeddable":true,"href":"http:\/\/cordobadirecto.com\/index.php\/wp-json\/wp\/v2\/categories?post=18101"},{"taxonomy":"post_tag","embeddable":true,"href":"http:\/\/cordobadirecto.com\/index.php\/wp-json\/wp\/v2\/tags?post=18101"}],"curies":[{"name":"wp","href":"https:\/\/api.w.org\/{rel}","templated":true}]}}