{"id":18111,"date":"2021-09-11T22:10:00","date_gmt":"2021-09-11T22:10:00","guid":{"rendered":"http:\/\/cordobadirecto.com\/index.php\/2021\/09\/11\/con-el-recuerdo-de-las-victimas-y-llamados-de-unidad-eeuu-conmemora-los-20-anos-del-11-s\/"},"modified":"2021-09-11T22:10:00","modified_gmt":"2021-09-11T22:10:00","slug":"con-el-recuerdo-de-las-victimas-y-llamados-de-unidad-eeuu-conmemora-los-20-anos-del-11-s","status":"publish","type":"post","link":"http:\/\/cordobadirecto.com\/index.php\/2021\/09\/11\/con-el-recuerdo-de-las-victimas-y-llamados-de-unidad-eeuu-conmemora-los-20-anos-del-11-s\/","title":{"rendered":"Con el recuerdo de las v\u00edctimas y llamados de unidad, EEUU conmemora los 20 a\u00f1os del 11-S"},"content":{"rendered":"<p> <iframe width=\"560\" height=\"315\" src=\"https:\/\/www.youtube.com\/embed\/wSSqzPl_Lik?wmode=transparent&amp;showinfo=0&amp;autohide=1&amp;rel=0\" frameborder=\"0\" allowfullscreen>[embedded content]<\/iframe> <\/p>\n<p>Con un minuto de silencio y el recuerdo de las v\u00edctimas, Nueva York conmemora los 20 a\u00f1os del 11-S<\/p>\n<p>Estados Unidos conmemor\u00f3 el vig\u00e9simo aniversario de los atentados del 11 de septiembre de 2001 (11-S) con una serie de <strong>actos que tuvieron como ejes el recuerdo de los cerca de 3.000 muertos y el llamado a la unidad del pueblo tras las cr\u00edticas a la r\u00e1pida salida militar de Afganist\u00e1n y el ataque al Capitolio<\/strong> por parte de simpatizantes del expresidente Donald Trump que desnud\u00f3 la extrema polarizaci\u00f3n pol\u00edtica del pa\u00eds.<\/p>\n<p>Las conmemoraciones<\/p>\n<p>Los actos empezaron a las 8:46 (9:46 de la Argentina), hora en el que se estrell\u00f3 el primer avi\u00f3n de American Airlines contra una de las Torres Gemelas, ante una multitud que se congreg\u00f3 en la llamada Zona Cero de Nueva York y con la presencia del presidente estadounidense Joe Biden.<\/p>\n<p><strong>El homenaje arranc\u00f3 con un minuto de silencio y con la lectura de los nombres de los fallecidos de 90 nacionalidades, lo que se repiti\u00f3 al cumplirse el horario del resto de los impactos ocurridos ese d\u00eda contra el World Trade Center, el Pent\u00e1gono y la cuarta aeronave que cay\u00f3 en el estado de Pensilvania<\/strong> sin alcanzar su objetivo que era el Capitolio.<\/p>\n<div class=\"image\" id=\"image\" readability=\"7\"> <img src=\"http:\/\/cordobadirecto.com\/wp-content\/uploads\/2021\/09\/con-el-recuerdo-de-las-victimas-y-llamados-de-unidad-eeuu-conmemora-los-20-anos-del-11-s.jpg\" alt=\"El presidente Biden encabez\u00f3 el acto principal. Foto: Captura TV\" title=\"El presidente Biden encabez\u00f3 el acto principal. Foto: Captura TV\"><\/p>\n<p>El presidente Biden encabez\u00f3 el acto principal. Foto: Captura TV<\/p>\n<\/div>\n<p>Mike Low, que perdi\u00f3 a su hija Sarah, azafata de uno de los aviones, fue el primero en hablar: record\u00f3 lo ocurrido hace dos d\u00e9cadas como un d\u00eda \u201cgris y negro\u201d y agradeci\u00f3 a quienes lo ayudaron \u201ca atravesar los d\u00edas m\u00e1s oscuros de nuestras vidas&#8221;.<\/p>\n<p>La lectura de los nombres de las v\u00edctimas y los mensajes de los familiares -algunos en espa\u00f1ol- fue solo interrumpida por algunas actuaciones musicales, entre ellas la de Bruce Springsteen que cant\u00f3 acompa\u00f1ado de su guitarra &#8220;I&#8217;ll see you in my dreams&#8221; (Te ver\u00e9 en mis sue\u00f1os).<\/p>\n<p><strong>Biden, y su esposa Jill, as\u00ed como predecesores en el cargo, como Bill Clinton y Barak Obama, y sus respectivas esposas, participaron en la Zona Cero<\/strong> en las ceremonias en Nueva York.<\/p>\n<p>&#8220;Todos dicen: &#8216;Biden, \u00bfpor qu\u00e9 insiste en tratar de unir al pa\u00eds?&#8217; Pero eso es lo que afectar\u00e1 nuestro bienestar m\u00e1s que nada&#8221;, asegur\u00f3 el mandatario en uno de los tantos llamados a la unidad nacional que marcaron la jornada.<\/p>\n<p>&#8220;Para mi la lecci\u00f3n central del 11 de septiembre es que la unidad es nuestra principal fuerza&#8221;, agreg\u00f3.<\/p>\n<p>Adem\u00e1s de este homenaje, <strong>tuvieron lugar peque\u00f1as conmemoraciones en estaciones de bomberos de Nueva York y actos en el Pent\u00e1gono y en el estado de Pensilvania, donde estuvo presente el exmandatario George W. Bush, al frente de la Casa Blanca en el momento de los ataques de 2001 por parte de extremistas islamistas de la organizaci\u00f3n Al Qaeda<\/strong>.<\/p>\n<p>El republicano habl\u00f3 en la ceremonia realizada en la localidad de Shanksville, donde la acci\u00f3n de los pasajeros hizo caer el avi\u00f3n que ten\u00eda como blanco el Capitolio, y desde all\u00ed lament\u00f3 la desuni\u00f3n en el pa\u00eds, desnudada por el ataque a la sede del Congreso por supremacistas blancos pro Trump en enero pasado.<\/p>\n<p>&#8220;En las semanas y meses que siguieron los atentados del 11 de septiembre estaba orgulloso de dirigir a un pueblo impresionante, resistente y unido. Si hablamos de la unidad de Estados Unidos, estos d\u00edas parecen lejanos&#8221;, dijo durante su discurso, reproducido por la cadena CNN.<\/p>\n<blockquote readability=\"6\">\n<p>&#8220;Para mi la lecci\u00f3n central del 11 de septiembre es que la unidad es nuestra principal fuerza&#8221;,<span class=\"comilla\">\u201d<\/span><\/p>\n<p><span>Joe Biden<\/span><\/p>\n<\/blockquote>\n<p>Sus palabras fueron elogiadas por el propio Biden, quien abord\u00f3 ante la prensa la fragilidad de la democracia estadounidense y el horror que le produce el di\u00e1logo actual entre los dos principales partidos.<\/p>\n<p>&#8220;\u00bfVamos a demostrar en los pr\u00f3ximo cuatro, cinco, seis, diez a\u00f1os, que las democracias pueden funcionar o no?&#8221;, se cuestion\u00f3, seg\u00fan consign\u00f3 la agencia de noticias AFP.<\/p>\n<p><strong>La unidad tambi\u00e9n fue destacada en el acto en Shanksville por la vicepresidenta Kamala Harris<\/strong>, quien se refiri\u00f3 a la polarizaci\u00f3n pol\u00edtica y abog\u00f3 por el refuerzo de &#8220;nuestros lazos comunes&#8221;.<\/p>\n<p>\u201cEn los d\u00edas que siguieron al 11 de septiembre de 2001, se nos record\u00f3 a todos que la unidad es posible en Estados Unidos. Tambi\u00e9n se nos record\u00f3 que es imperativa en Estados Unidos. Es esencial para nuestra prosperidad compartida, nuestra seguridad nacional y nuestra posici\u00f3n en el mundo&#8221;, sostuvo.<\/p>\n<p>Varios de los oradores de la jornada destacaron la unidad nacional posterior a los ataques, pese a que en estos 20 a\u00f1os se han multiplicado las cr\u00edticas por la persecuci\u00f3n, represi\u00f3n y encarcelamiento que infringi\u00f3 el Estado sobre las comunidades musulmanas y \u00e1rabes en Estados Unidos en ese per\u00edodo.<\/p>\n<div class=\"image\" id=\"image\"> <img src=\"http:\/\/cordobadirecto.com\/wp-content\/uploads\/2021\/09\/con-el-recuerdo-de-las-victimas-y-llamados-de-unidad-eeuu-conmemora-los-20-anos-del-11-s-1.jpg\" alt=\"Infograf\u00eda.\" title=\"Infograf\u00eda.\"><\/p>\n<p>Infograf\u00eda.<\/p>\n<\/div>\n<p>Lejos de sumarse a este mensaje, e<strong>l expresidente Trump, que durante su mandato decidi\u00f3 poner fin a la presencia de las tropas estadounidenses en Afganist\u00e1n, fue el \u00fanico de los exmandatarios vivos ausente en las ceremonias oficiales y ofreci\u00f3 su propia conferencia de prensa para arremeter contra el Gobierno de Biden, al que tild\u00f3 de &#8220;inepto&#8221; e &#8220;incompetente&#8221;<\/strong> por la &#8220;horrible&#8221; forma en que sali\u00f3 de ese pa\u00eds.<\/p>\n<p><strong>&#8220;Es un momento triste por la forma en que nuestra guerra contra aquellos que hicieron tanto da\u00f1o a nuestro pa\u00eds termin\u00f3&#8221;<\/strong>, y que se sald\u00f3 con la muerte de 13 militares estadounidenses en un atentado durante la fren\u00e9tica evacuaci\u00f3n en el aeropuerto de Kabul, el 26 de agosto, critic\u00f3 el exmandatario<\/p>\n<p>rodeado de miembros de la Polic\u00eda de Nueva York, pese a que fue \u00e9l quien acord\u00f3 la retirada con los talibanes.<\/p>\n<p><strong>Otra conmemoraci\u00f3n particular tuvo lugar en la base naval estadounidense de Guant\u00e1namo, en Cuba<\/strong>, donde se celebr\u00f3 una ceremonia religiosa con la presencia de familiares de las v\u00edctimas.<\/p>\n<p>&#8220;En esta instalaci\u00f3n naval, m\u00e1s que en cualquier otro sitio del mundo, recordamos esto todos los d\u00edas&#8221;, dijo el comandante de la base, el capit\u00e1n Samuel White.<\/p>\n<p>En Guant\u00e1namo, Jalid Sheij Mohamed, considerado el cerebro de los ataques, y otras cuatro personas est\u00e1n siendo procesados en audiencias que llevan nueve a\u00f1os y que a\u00fan se encuentran en la fase previa al juicio, poniendo a prueba la paciencia de miles de personas que perdieron a sus seres queridos y al Estado de derecho estadounidense en su conjunto.<\/p>\n<p>Estas ceremonias por el 11-S tienen lugar en medio de fuertes medidas de seguridad y en el marco de la apurada salida de los soldados estadounidenses de Afganist\u00e1n, tras la reconquista del Gobierno de los mismos talibanes a los que desalojaron del poder hace 20 a\u00f1os por acusarlos de refugiar a los ide\u00f3logos de los atentados.<\/p>\n<p>Otro hecho de la coyuntura que le dio un significado especial al homenaje es que, a diferencia del a\u00f1o pasado que fueron virtuales por el coronavirus, este a\u00f1o los actos fueron presenciales pese al rebrote de casos atribuidos a la variante Delta. <\/p>\n","protected":false},"excerpt":{"rendered":"<p>[embedded content] Con un minuto de silencio y el recuerdo de las v\u00edctimas, Nueva York conmemora los 20 a\u00f1os del 11-S Estados Unidos conmemor\u00f3 el vig\u00e9simo aniversario de los atentados del 11 de septiembre de 2001 (11-S) con una serie de actos que tuvieron como ejes el recuerdo de los cerca de 3.000 muertos y [&hellip;]<\/p>\n","protected":false},"author":1,"featured_media":18112,"comment_status":"closed","ping_status":"closed","sticky":false,"template":"","format":"standard","meta":[],"categories":[24],"tags":[],"_links":{"self":[{"href":"http:\/\/cordobadirecto.com\/index.php\/wp-json\/wp\/v2\/posts\/18111"}],"collection":[{"href":"http:\/\/cordobadirecto.com\/index.php\/wp-json\/wp\/v2\/posts"}],"about":[{"href":"http:\/\/cordobadirecto.com\/index.php\/wp-json\/wp\/v2\/types\/post"}],"author":[{"embeddable":true,"href":"http:\/\/cordobadirecto.com\/index.php\/wp-json\/wp\/v2\/users\/1"}],"replies":[{"embeddable":true,"href":"http:\/\/cordobadirecto.com\/index.php\/wp-json\/wp\/v2\/comments?post=18111"}],"version-history":[{"count":0,"href":"http:\/\/cordobadirecto.com\/index.php\/wp-json\/wp\/v2\/posts\/18111\/revisions"}],"wp:featuredmedia":[{"embeddable":true,"href":"http:\/\/cordobadirecto.com\/index.php\/wp-json\/wp\/v2\/media\/18112"}],"wp:attachment":[{"href":"http:\/\/cordobadirecto.com\/index.php\/wp-json\/wp\/v2\/media?parent=18111"}],"wp:term":[{"taxonomy":"category","embeddable":true,"href":"http:\/\/cordobadirecto.com\/index.php\/wp-json\/wp\/v2\/categories?post=18111"},{"taxonomy":"post_tag","embeddable":true,"href":"http:\/\/cordobadirecto.com\/index.php\/wp-json\/wp\/v2\/tags?post=18111"}],"curies":[{"name":"wp","href":"https:\/\/api.w.org\/{rel}","templated":true}]}}