{"id":18113,"date":"2021-09-11T21:30:00","date_gmt":"2021-09-11T21:30:00","guid":{"rendered":"http:\/\/cordobadirecto.com\/index.php\/2021\/09\/11\/la-carta-del-terrorismo-y-la-sospecha-como-argumento-incuestionable-el-principal-legado-del-11-s\/"},"modified":"2021-09-11T21:30:00","modified_gmt":"2021-09-11T21:30:00","slug":"la-carta-del-terrorismo-y-la-sospecha-como-argumento-incuestionable-el-principal-legado-del-11-s","status":"publish","type":"post","link":"http:\/\/cordobadirecto.com\/index.php\/2021\/09\/11\/la-carta-del-terrorismo-y-la-sospecha-como-argumento-incuestionable-el-principal-legado-del-11-s\/","title":{"rendered":"La carta del terrorismo y la sospecha como argumento incuestionable, el principal legado del 11-S"},"content":{"rendered":"<div class=\"image\" id=\"image\" readability=\"8\"> <img src=\"http:\/\/cordobadirecto.com\/wp-content\/uploads\/2021\/09\/la-carta-del-terrorismo-y-la-sospecha-como-argumento-incuestionable-el-principal-legado-del-11-s.jpg\" alt=\"Estos 20 a\u00f1os de doctrina de guerra permanente y omnipresente dejaron otra consecuencia muy \u00fatil para el poder estadounidense.\" title=\"Estos 20 a\u00f1os de doctrina de guerra permanente y omnipresente dejaron otra consecuencia muy \u00fatil para el poder estadounidense.\"><\/p>\n<p>Estos 20 a\u00f1os de doctrina de guerra permanente y omnipresente dejaron otra consecuencia muy \u00fatil para el poder estadounidense.<\/p>\n<\/div>\n<p>La &#8220;guerra contra el terrorismo&#8221; que lanz\u00f3 George Bush despu\u00e9s de los atentados del 11-S no solo convirti\u00f3 al mundo en un gran teatro militar y potenci\u00f3 un Estado policial basado en el racismo y la represi\u00f3n, sino que principalmente legitim\u00f3 dentro y fuera de Estados Unidos la carta del terrorismo y de la mera sospecha como argumento incuestionable para invadir, atacar, perseguir, detener, asesinar y espiar.<\/p>\n<p>En el frente externo de esta guerra iniciada por Bush y continuada de una u otra manera por los tres presidentes estadounidenses que le siguieron, la consecuencia m\u00e1s evidente es la masiva destrucci\u00f3n y las v\u00edctimas que dejaron las ocupaciones y guerra en Irak y Afganist\u00e1n -millones de refugiados y desplazados internos, cientos de miles de muertos y muchos m\u00e1s heridos-, adem\u00e1s de un Gobierno iraqu\u00ed siempre al borde de derrumbarse y el retorno al poder del movimiento talib\u00e1n en Kabul.<\/p>\n<p>En t\u00e9rminos de los objetivos declarados por la Casa Blanca, la derrota es innegable; sin embargo, estos 20 a\u00f1os de doctrina de guerra permanente y omnipresente dejaron otra consecuencia muy \u00fatil para el poder estadounidense.<\/p>\n<p>&#8220;Uno de los legados fue la idea de que el presidente era libre de actuar por fuera de la ley estadounidense si cre\u00eda que era necesario por razones de seguridad nacional. La misma racionalidad que us\u00f3 Bush para hacer desaparecer gente, torturarla y mantenerla detenida por tiempo indefinido es la que us\u00f3 (Barack) Obama para expandir los asesinatos extrajudiciales y la guerra con drones. Y eso a\u00fan no cambi\u00f3&#8221;, explic\u00f3 a T\u00e9lam Lisa Hajjar, l\u00edder del equipo que investiga los <em><strong>&#8220;Legados de la guerra contra el terrorismo&#8221;<\/strong><\/em> en el centro de pensamiento Security in Context, en EEUU.<\/p>\n<div class=\"image\" id=\"image\" readability=\"9\"> <img src=\"http:\/\/cordobadirecto.com\/wp-content\/uploads\/2021\/09\/la-carta-del-terrorismo-y-la-sospecha-como-argumento-incuestionable-el-principal-legado-del-11-s-1.jpg\" alt=\"La &quot;guerra contra el terrorismo&quot; que lanz\u00f3 George Bush despu\u00e9s de los atentados del 11-S no solo convirti\u00f3 al mundo en un gran teatro militar y potenci\u00f3 un Estado policial basado en el racismo y la represi\u00f3n.\" title=\"La &quot;guerra contra el terrorismo&quot; que lanz\u00f3 George Bush despu\u00e9s de los atentados del 11-S no solo convirti\u00f3 al mundo en un gran teatro militar y potenci\u00f3 un Estado policial basado en el racismo y la represi\u00f3n.\"><\/p>\n<p>La &#8220;guerra contra el terrorismo&#8221; que lanz\u00f3 George Bush despu\u00e9s de los atentados del 11-S no solo convirti\u00f3 al mundo en un gran teatro militar y potenci\u00f3 un Estado policial basado en el racismo y la represi\u00f3n.<\/p>\n<\/div>\n<p>Despu\u00e9s de Bush, tanto Obama como Donald Trump y hoy Joe Biden apoyaron terminar con las largas, masivas y costosas guerras en Irak y Afganist\u00e1n, pero ninguno puso en duda si continuar\u00edan persiguiendo y matando -ahora desde el aire en aviones no tripulados- a todos aquellos que consideraran como sospechosos de terrorismo, est\u00e9n en pa\u00edses aliados o territorios hostiles.<\/p>\n<p>Esa continuidad fue posible en gran parte porque<strong> siempre contaron y siguen contando con apoyo popular<\/strong>.<\/p>\n<p>&#8220;En 2009 Obama prohibi\u00f3 el uso de la tortura y ese mismo a\u00f1o los sondeos mostraban que una mayor\u00eda de los estadounidenses segu\u00edan apoyando su utilizaci\u00f3n. Y la guerra con drones es a\u00fan m\u00e1s popular porque subyace la idea de que podemos perseguir y matar a nuestros enemigos sin sufrir bajas&#8221;, destac\u00f3 Hajjar, profesora de Sociolog\u00eda en la Universidad de California-Santa Barbara.<\/p>\n<p>A nivel internacional, esta prerrogativa que EEUU se dio tras el 11-S fue apropiada por aliados y rivales en los a\u00f1os siguientes para legitimar sus propios actos. Por ejemplo, Turqu\u00eda y Rusia en Libia e Ir\u00e1n contra el Estado Isl\u00e1mico (EI) en Medio Oriente o Arabia Saudita y sus aliados en Yemen (Israel merece un cap\u00edtulo aparte porque fue un precursor y hace d\u00e9cadas que ejerc\u00eda ese poder en Siria, Irak, L\u00edbano y los territorios palestinos ocupados, entre otros).<\/p>\n<p> <iframe width=\"560\" height=\"315\" src=\"https:\/\/www.youtube.com\/embed\/yVDR8sBOqw4?wmode=transparent&amp;showinfo=0&amp;autohide=1&amp;rel=0\" frameborder=\"0\" allowfullscreen>[embedded content]<\/iframe> <\/p>\n<p>A 20 a\u00f1os de los ataques contra las Torres Gemelas, el trauma y el dolor siguen presentes<\/p>\n<p>Pero este no es el \u00fanico legado que subsiste hoy en EEUU y que han adoptado otros pa\u00edses.<\/p>\n<p>El frente interno de esta guerra global estableci\u00f3 un estado de emergencia dentro de EEUU que en gran parte existe hoy y, a\u00fan si algunas normas fueron eliminadas, se mantienen sus consecuencias.<\/p>\n<p>En esta nueva normalidad, como muchos la bautizaron tras los atentados, la mera sospecha de terrorismo o v\u00ednculos con sospechosos era suficiente para activar espionajes autorizados por tribunales a puertas cerradas, detenciones y allanamientos del FBI y, teniendo en cuenta la evidencia muchas veces circunstancial presentada, hasta condenas de prisi\u00f3n que persisten hoy.<\/p>\n<p>&#8220;Ese nivel de violencia solo fue posible por la islamofobia que lo acompa\u00f1\u00f3 y justific\u00f3. La guerra contra el terrorismo incluy\u00f3 un racismo que deshumaniz\u00f3 a sus v\u00edctimas. Se asoci\u00f3 al islam con terrorismo, extremismo, barbarie. Ese es otro legado que se vio claramente en la victoria electoral de Trump. \u00c9l hizo campa\u00f1a con un programa islamof\u00f3bico&#8221;, analiz\u00f3 para T\u00e9lam Arun Kundnani, investigador del departamento de Guerra y Pacificaci\u00f3n del Instituto Transnacional, con sede en Pa\u00edses Bajos.<\/p>\n<p>&#8220;Lo que pas\u00f3 es que falsos expertos en terrorismo dijeron que necesit\u00e1bamos no solo acusar y procesar a personas que estaban involucradas en actos terroristas, sino tambi\u00e9n a aquellos que compart\u00edan la misma ideolog\u00eda o religi\u00f3n que ellos porque pod\u00edan radicalizarse. Hoy, los acad\u00e9micos que aportaron la justificaci\u00f3n para esas detenciones y condenas, cambiaron su opini\u00f3n y reconocen que su teor\u00eda de radicalizaci\u00f3n fue incorrecta, pero muchos de los condenados siguen en prisi\u00f3n&#8221;, agreg\u00f3.<\/p>\n<p>Algunos argumentan que lo que llev\u00f3 a espiar masivamente y perseguir a la comunidad musulmana y \u00e1rabe fue el miedo.<\/p>\n<p>Sin embargo, este a\u00f1o cuando una turba de supremacistas blancos irrumpieron en la sede de uno de los tres poderes del Estado en Washington en lo que hoy se investiga como una &#8220;insurrecci\u00f3n&#8221; incitada por Trump y luego el FBI y la comunidad de inteligencia declararon que la principal amenaza terrorista del pa\u00eds hoy proviene de estos grupos radicalizados, el aparato del Estado no se lanz\u00f3 en un frenes\u00ed de detenciones, allanamientos y una campa\u00f1a difamatoria contra este sector blanco y estadounidense.<\/p>\n<p>Para Kundnani, el sentimiento anti-islam se normaliz\u00f3 a tal punto despu\u00e9s de los atentados del 11-S que en los a\u00f1os posteriores se expandi\u00f3 por el mundo.<\/p>\n<p>&#8220;En otras partes como <strong>India, Myanmar (exBirmania), Sri Lanka y China se han visto brotes de islamofobia en la \u00faltima d\u00e9cada<\/strong>, como una suerte de derivaci\u00f3n de la ret\u00f3rica de la guerra global contra el terrorismo que sali\u00f3 de Washington&#8221;, advirti\u00f3 y sum\u00f3 otro legado que tambi\u00e9n fue abrazado por terceros pa\u00edses: <em><strong>un gigantesco sistema de espionaje en el que todos pueden ser sospechosos.<\/strong><\/em><\/p>\n<p>&#8220;Todas las grandes potencias hoy lo hacen, para afuera y para adentro de su territorio, y es dif\u00edcil saber la dimensi\u00f3n porque la mayor\u00eda se hace en secreto. La guerra contra el terrorismo justific\u00f3 esto en un principio y hoy ya se estableci\u00f3 como la regla&#8221;, alert\u00f3 el experto y Hajjar coincidi\u00f3.<\/p>\n<p>&#8220;Hoy se volvi\u00f3 incluso un eje de la disputa con China. Pero lo ir\u00f3nico es que EEUU introdujo la capacidad tecnol\u00f3gica y la racionalidad pol\u00edtica para hacerlo y luego, cuando otros pa\u00edses se apropiaron, los denuncia&#8221;, sostuvo.<\/p>\n<p>Porque el legado del 11-S ya no se limita a las fronteras estadounidenses, sino que ha colaborado en moldear una nueva normalidad global, en la que otras potencias y l\u00edderes se legitiman en el espejo menos halagador de EEUU, la superpotencia que desde hace casi un siglo quiere forjar un mundo a su imagen y semejanza.<\/p>\n<p>Biden quiere olvidar la &#8220;guerra contra el terrorismo&#8221; y centrarse en China y Rusia<\/p>\n<p>El Gobierno de Joe Biden ha elegido no hablar m\u00e1s de la &#8220;guerra contra el terrorismo&#8221;, quiere mostrar que la dej\u00f3 atr\u00e1s con la retirada de Afganist\u00e1n y, en cambio, prefiere volver a una pol\u00edtica exterior m\u00e1s tradicional de rivalidad entre potencias, en este caso China y Rusia.<\/p>\n<p>En un discurso tras la retirada militar de Afganist\u00e1n, Biden destac\u00f3: <strong>&#8220;Mi deber es defender la seguridad de Estados Unidos, no de las amenazas de 2001, sino de las amenazas de 2021&#8221;<\/strong>, y luego agreg\u00f3: &#8220;No hay nada que a Rusia y China le gustar\u00eda m\u00e1s que ver a Estados Unidos enterrado en otra d\u00e9cada de guerra en Afganist\u00e1n&#8221;.<\/p>\n<p>Una y otra vez desde que asumi\u00f3 la Presidencia identific\u00f3 como sus principales preocupaciones a China y Rusia, y no solo en t\u00e9rminos de seguridad. La Casa Blanca identifica al desarrollo econ\u00f3mico de Beijing y su presencia comercial cada vez m\u00e1s predominante en grandes partes del mundo -entre ellas Am\u00e9rica Latina- como la principal amenaza a su hegemon\u00eda indiscutida desde la ca\u00edda de Uni\u00f3n Sovi\u00e9tica.<\/p>\n<blockquote readability=\"6\">\n<p>&#8220;No hay nada que a Rusia y China le gustar\u00eda m\u00e1s que ver a Estados Unidos enterrado en otra d\u00e9cada de guerra en Afganist\u00e1n&#8221;<span class=\"comilla\">\u201d<\/span><\/p>\n<p><span>Joe Biden<\/span><\/p>\n<\/blockquote>\n<p>&#8220;Si pudiera hacer una predicci\u00f3n ser\u00eda que vamos a vivir algo m\u00e1s parecido a una <em><strong>Guerra Fr\u00eda 2.0 <\/strong><\/em>con un inter\u00e9s centrado en Rusia y China y quiz\u00e1s algunos conflictos &#8216;proxy&#8217; vinculados. Seguir\u00e1 habiendo ataques similares a los que hoy vemos con drones contra organizaciones islamistas, pero desde el Gobierno de (Barack) Obama vemos que se empez\u00f3 a tratar de girar la pol\u00edtica de seguridad nacional hacia el Pac\u00edfico, para enfrentar a China&#8221;, asegur\u00f3 en di\u00e1logo con T\u00e9lam Lisa Hajjar, l\u00edder del equipo que investiga los &#8220;Legados de la guerra contra el terrorismo&#8221; en el centro de pensamiento Security in Context, en Estados Unidos.<\/p>\n<div class=\"image\" id=\"image\"> <img src=\"http:\/\/cordobadirecto.com\/wp-content\/uploads\/2021\/09\/la-carta-del-terrorismo-y-la-sospecha-como-argumento-incuestionable-el-principal-legado-del-11-s-2.jpg\" alt=\"Infograf\u00eda.\" title=\"Infograf\u00eda.\"><\/p>\n<p>Infograf\u00eda.<\/p>\n<\/div>\n<p>Arun Kundnani, investigador del departamento de Guerra y Pacificaci\u00f3n del Instituto Transnacional, con sede en Pa\u00edses Bajos, coincidi\u00f3 en este an\u00e1lisis.<\/p>\n<p>&#8220;El miedo en Estados Unidos es que si no es mucho m\u00e1s agresivo en su respuesta a China -econ\u00f3mica, pol\u00edtica, militar y diplom\u00e1ticamente-, va a perder su preeminencia. Lo que vemos, en concreto, es una negativa a aceptar un mundo en el que habr\u00e1 m\u00faltiples grandes potencias que coexisten&#8221;, explic\u00f3 a esta agencia.<\/p>\n<p>El an\u00e1lisis de la coyuntura internacional que hace Biden no solo se concentra en China y Rusia por ser dos potencias regionales que abiertamente disputan su liderazgo o, al menos, su credibilidad como l\u00edder mundial, sino que revela otro cambio importante en la escena global tras estos 20 a\u00f1os.<\/p>\n<p>&#8220;Emp\u00edricamente hoy no vemos grupos extremistas que demuestren tener proyecci\u00f3n u objetivos transnacionales. Hay una suerte de grupo de organizaciones que se hace llamar Al Qaeda, pero en realidad est\u00e1n mucho m\u00e1s enfocados en conflictos nacionales y sin dudas no tienen la ambici\u00f3n de lanzar unos atentados como los del 11-S&#8221;, sostuvo Kundnani.<\/p>\n<blockquote readability=\"9\">\n<p>&#8220;Vamos a ver nuevos intentos de crear ideolog\u00edas transnacionales alternativas, sea desde el islam o desde otro \u00e1mbito pol\u00edtico, \u00e9tnico o religioso. Es una consecuencia inevitable del tipo de mundo en el que vivimos&#8221;<span class=\"comilla\">\u201d<\/span><\/p>\n<p><span>Arun Kundnani<\/span><\/p>\n<\/blockquote>\n<p>Pero el analista pidi\u00f3 no dar por muerto a este tipo de grupos radicales que sacudi\u00f3 a Washington y el mundo en 2001.<\/p>\n<p>&#8220;La b\u00fasqueda de una insurgencia islamista global que personific\u00f3 Al Qaeda fue un producto del tipo de globalizaci\u00f3n que el mundo estaba experimentando en los a\u00f1os 90. En un mundo en el que la globalizaci\u00f3n sosten\u00eda que no hab\u00eda otra alternativa, su ambici\u00f3n era ofrecer una alternativa desde la idea de una comunidad transnacional isl\u00e1mica&#8221;, explic\u00f3.<\/p>\n<p>&#8220;Todav\u00eda estamos en un mundo que est\u00e1 profundamente interconectado con flujos de dinero, ideas y personas&#8230; y no me parece que eso vaya a revertirse pronto. Por eso, mientras esta sea la realidad, todav\u00eda vamos a ver nuevos intentos de crear ideolog\u00edas transnacionales alternativas, sea desde el islam o desde otro \u00e1mbito pol\u00edtico, \u00e9tnico o religioso. Es una consecuencia inevitable del tipo de mundo en el que vivimos&#8221;, concluy\u00f3. <\/p>\n","protected":false},"excerpt":{"rendered":"<p>Estos 20 a\u00f1os de doctrina de guerra permanente y omnipresente dejaron otra consecuencia muy \u00fatil para el poder estadounidense. La &#8220;guerra contra el terrorismo&#8221; que lanz\u00f3 George Bush despu\u00e9s de los atentados del 11-S no solo convirti\u00f3 al mundo en un gran teatro militar y potenci\u00f3 un Estado policial basado en el racismo y la [&hellip;]<\/p>\n","protected":false},"author":1,"featured_media":18114,"comment_status":"closed","ping_status":"closed","sticky":false,"template":"","format":"standard","meta":[],"categories":[24],"tags":[],"_links":{"self":[{"href":"http:\/\/cordobadirecto.com\/index.php\/wp-json\/wp\/v2\/posts\/18113"}],"collection":[{"href":"http:\/\/cordobadirecto.com\/index.php\/wp-json\/wp\/v2\/posts"}],"about":[{"href":"http:\/\/cordobadirecto.com\/index.php\/wp-json\/wp\/v2\/types\/post"}],"author":[{"embeddable":true,"href":"http:\/\/cordobadirecto.com\/index.php\/wp-json\/wp\/v2\/users\/1"}],"replies":[{"embeddable":true,"href":"http:\/\/cordobadirecto.com\/index.php\/wp-json\/wp\/v2\/comments?post=18113"}],"version-history":[{"count":0,"href":"http:\/\/cordobadirecto.com\/index.php\/wp-json\/wp\/v2\/posts\/18113\/revisions"}],"wp:featuredmedia":[{"embeddable":true,"href":"http:\/\/cordobadirecto.com\/index.php\/wp-json\/wp\/v2\/media\/18114"}],"wp:attachment":[{"href":"http:\/\/cordobadirecto.com\/index.php\/wp-json\/wp\/v2\/media?parent=18113"}],"wp:term":[{"taxonomy":"category","embeddable":true,"href":"http:\/\/cordobadirecto.com\/index.php\/wp-json\/wp\/v2\/categories?post=18113"},{"taxonomy":"post_tag","embeddable":true,"href":"http:\/\/cordobadirecto.com\/index.php\/wp-json\/wp\/v2\/tags?post=18113"}],"curies":[{"name":"wp","href":"https:\/\/api.w.org\/{rel}","templated":true}]}}