{"id":18117,"date":"2021-09-10T15:49:59","date_gmt":"2021-09-10T15:49:59","guid":{"rendered":"https:\/\/cordoba.gob.ar\/?p=13219"},"modified":"2021-09-10T15:49:59","modified_gmt":"2021-09-10T15:49:59","slug":"la-ciudad-se-colma-de-espectaculos-gratuitos-con-los-elencos-artisticos-municipales","status":"publish","type":"post","link":"http:\/\/cordobadirecto.com\/index.php\/2021\/09\/10\/la-ciudad-se-colma-de-espectaculos-gratuitos-con-los-elencos-artisticos-municipales\/","title":{"rendered":"La ciudad se colma de espect\u00e1culos gratuitos con los Elencos Art\u00edsticos Municipales"},"content":{"rendered":"<div><img src=\"http:\/\/cordobadirecto.com\/wp-content\/uploads\/2021\/09\/la-ciudad-se-colma-de-espectaculos-gratuitos-con-los-elencos-artisticos-municipales.jpg\" class=\"ff-og-image-inserted\"><\/div>\n<ul>\n<li><strong>La programaci\u00f3n incluye diferentes ciclos que realizan la Banda Sinf\u00f3nica, la Orquesta de cuerdas, el Ensamble de M\u00fasica Ciudadana, el Ballet de Danza Teatro, el Coro y la Banda Juvenil.<\/strong><\/li>\n<li><strong>Siguiendo los protocolos sanitarios vigentes, algunas presentaciones son al aire libre y otras en espacios cerrados, con cupos limitados y reserva previa.<\/strong><\/li>\n<li><strong>La grilla de actuaciones se puede consultar en el siguiente archivo: <a href=\"https:\/\/cordoba.gob.ar\/wp-content\/uploads\/2021\/09\/PROGRAMACION-SEPTIEMBRE-ELENCOS-MUNICIPALES.docx\">Elencos Municipales \u2013 septiembre<\/a><\/strong><\/li>\n<\/ul>\n<hr>\n<p>Durante todo el mes de septiembre, la Municipalidad de C\u00f3rdoba invita a disfrutar de numerosas presentaciones que realizar\u00e1n los elencos estables municipales en diferentes espacios de la ciudad.<\/p>\n<p>La Banda Sinf\u00f3nica, la Orquesta de Cuerdas, el Ensamble Municipal de M\u00fasica Ciudadana, el Ballet de Danza Teatro, el Coro Municipal y la Banda Juvenil Municipal, son algunos de los elencos que realizar\u00e1n intervenciones art\u00edsticas con acceso gratuito en distintos puntos de la ciudad. Actividades enmarcadas en los ciclos organizados por la Direcci\u00f3n de Elencos Estables, dependiente de la Subsecretar\u00eda de Cultura.<\/p>\n<p>Algunos de los espect\u00e1culos ser\u00e1n al aire libre y otros en espacios ic\u00f3nicos de la ciudad, entre ellos: Iglesia de Los Capuchinos, Cabildo Hist\u00f3rico, Asociaci\u00f3n de Trabajadores de la Sanidad (ATSA), La Piojera, Iglesia Santa Catalina de Siena y la Casona Municipal.<\/p>\n<p>En ambos casos, ser\u00e1 obligatorio respetar el distanciamiento social y el uso de barbijo de los espectadores.<\/p>\n<p>El ciclo \u201cAplaudimos con M\u00fasica\u201d contin\u00faa con las presentaciones en los vacunatorios de la ciudad como en el Pabell\u00f3n Argentina, a cargo del Coro y la Orquesta de Cuerdas Municipal, con el fin de homenajear al personal de salud por su labor en tiempos de pandemia.<\/p>\n<p>Uno de los eventos destacados del mes es el s\u00e1bado 11 a las 20 hs en la Iglesia del Sagrado Coraz\u00f3n de Jes\u00fas, Los Capuchinos, con el concierto de la Banda M\u00fasica de C\u00e1mara. El evento posee capacidad Limitada y la entrada es un alimento no perecedero. La reserva previa se realiza completando este <a href=\"https:\/\/forms.gle\/DRJvYkA7iJ1LHA2f6\">formulario.<\/a><\/p>\n<p>Esta presentaci\u00f3n se enmarca dentro del ciclo \u201cDes-Concierto\u201d, como varias funciones previstas para la grilla de septiembre, caracterizadas por intervenir espacios p\u00fablicos y culturales de la ciudad.<\/p>\n<p><em>\u201cSon propuestas que forman parte de las pol\u00edticas culturales de esta gesti\u00f3n, donde la cultura sale a la calle, al encuentro, se acerca a los vecinos, presente en los barrios de la ciudad y en los espacios p\u00fablicos que venimos recuperando para que se vuelvan a disfrutar\u201d<\/em>, expresa el secretario de Gobierno, Miguel Siciliano.<\/p>\n<p>Adem\u00e1s, todos los viernes de septiembre el Ballet realiza presentaciones did\u00e1cticas en escuelas y jardines municipales.<\/p>\n<p>Por otra parte, dentro de las jornadas brocherianas se celebrar\u00e1 el octavo Aniversario de la Beatificaci\u00f3n del Cura Brochero, los d\u00edas 13 y 14 de septiembre. Tendr\u00e1 como punto de partida la Plazoleta del Fundador a las10 hs, y contar\u00e1 con la actuaci\u00f3n del Coro Municipal.<\/p>\n<p>Cada uno de los ciclos y actividades culturales son programados por la Subsecretar\u00eda de Cultura, dependiente de la Secretar\u00eda de Gobierno, y enmarcadas en las pol\u00edticas p\u00fablicas que impulsa el Intendente Mart\u00edn Llaryora con el objetivo de propiciar el encuentro entre la comunidad y la producci\u00f3n cultural cordobesa.<\/p>\n<p><em>\u201cHemos dise\u00f1ado una nutrida grilla de actividades art\u00edsticas, para que vecinas y vecinos puedan disfrutar de nuestros elencos estables en sus comunidades. De esta manera y con los cuidados necesarios, el municipio garantiza a la ciudadan\u00eda el acceso a la cultura, fortaleciendo identidades y fomentando las expresiones culturales. Estamos muy felices de poder recorrer los barrios con propuestas de gran calidad\u201d<\/em>, expres\u00f3 el subsecretario de Cultura Federico Racca.<\/p>\n","protected":false},"excerpt":{"rendered":"<p>La programaci\u00f3n incluye diferentes ciclos que realizan la Banda Sinf\u00f3nica, la Orquesta de cuerdas, el Ensamble de M\u00fasica Ciudadana, el Ballet de Danza Teatro, el Coro y la Banda Juvenil. Siguiendo los protocolos sanitarios vigentes, algunas presentaciones son al aire libre y otras en espacios cerrados, con cupos limitados y reserva previa. La grilla de [&hellip;]<\/p>\n","protected":false},"author":1,"featured_media":18118,"comment_status":"closed","ping_status":"closed","sticky":false,"template":"","format":"standard","meta":[],"categories":[44],"tags":[],"_links":{"self":[{"href":"http:\/\/cordobadirecto.com\/index.php\/wp-json\/wp\/v2\/posts\/18117"}],"collection":[{"href":"http:\/\/cordobadirecto.com\/index.php\/wp-json\/wp\/v2\/posts"}],"about":[{"href":"http:\/\/cordobadirecto.com\/index.php\/wp-json\/wp\/v2\/types\/post"}],"author":[{"embeddable":true,"href":"http:\/\/cordobadirecto.com\/index.php\/wp-json\/wp\/v2\/users\/1"}],"replies":[{"embeddable":true,"href":"http:\/\/cordobadirecto.com\/index.php\/wp-json\/wp\/v2\/comments?post=18117"}],"version-history":[{"count":0,"href":"http:\/\/cordobadirecto.com\/index.php\/wp-json\/wp\/v2\/posts\/18117\/revisions"}],"wp:featuredmedia":[{"embeddable":true,"href":"http:\/\/cordobadirecto.com\/index.php\/wp-json\/wp\/v2\/media\/18118"}],"wp:attachment":[{"href":"http:\/\/cordobadirecto.com\/index.php\/wp-json\/wp\/v2\/media?parent=18117"}],"wp:term":[{"taxonomy":"category","embeddable":true,"href":"http:\/\/cordobadirecto.com\/index.php\/wp-json\/wp\/v2\/categories?post=18117"},{"taxonomy":"post_tag","embeddable":true,"href":"http:\/\/cordobadirecto.com\/index.php\/wp-json\/wp\/v2\/tags?post=18117"}],"curies":[{"name":"wp","href":"https:\/\/api.w.org\/{rel}","templated":true}]}}