{"id":181185,"date":"2025-12-04T12:00:23","date_gmt":"2025-12-04T12:00:23","guid":{"rendered":"https:\/\/cordoba.gob.ar\/?p=83891"},"modified":"2025-12-04T12:00:23","modified_gmt":"2025-12-04T12:00:23","slug":"llega-el-festival-de-medicos-artistas-en-el-mmau","status":"publish","type":"post","link":"http:\/\/cordobadirecto.com\/index.php\/2025\/12\/04\/llega-el-festival-de-medicos-artistas-en-el-mmau\/","title":{"rendered":"Llega el festival de m\u00e9dicos artistas en el MMAU"},"content":{"rendered":"<div><img src=\"http:\/\/cordobadirecto.com\/wp-content\/uploads\/2025\/12\/llega-el-festival-de-medicos-artistas-en-el-mmau.jpg\" class=\"ff-og-image-inserted\"><\/div>\n<ul class=\"ak-ul\" data-prosemirror-content-type=\"node\" data-prosemirror-node-name=\"bulletList\" data-prosemirror-node-block=\"true\" data-pm-slice=\"3 1 []\" readability=\"0.5\">\n<li data-prosemirror-content-type=\"node\" data-prosemirror-node-name=\"listItem\" data-prosemirror-node-block=\"true\" readability=\"4\">\n<p data-prosemirror-content-type=\"node\" data-prosemirror-node-name=\"paragraph\" data-prosemirror-node-block=\"true\"><strong>Ser\u00e1 este viernes, a partir de las 17, un encuentro \u00fanico donde profesionales de la salud brillar\u00e1n con su talento como m\u00fasicos, demostrando la riqueza de la vocaci\u00f3n humana en sus m\u00faltiples facetas.<\/strong><\/p>\n<\/li>\n<\/ul>\n<hr>\n<p data-prosemirror-content-type=\"node\" data-prosemirror-node-name=\"paragraph\" data-prosemirror-node-block=\"true\">El Museo Metropolitano de Arte Urbano (Plaza Espa\u00f1a) invita a la comunidad a vivir un encuentro \u00fanico con el \u00abFestival Receta Musical\u00bb, donde profesionales de la medicina lucir\u00e1n su talento como m\u00fasicos, demostrando la riqueza de la vocaci\u00f3n humana en sus m\u00faltiples facetas.<\/p>\n<p data-prosemirror-content-type=\"node\" data-prosemirror-node-name=\"paragraph\" data-prosemirror-node-block=\"true\">Ser\u00e1 este viernes 5 de diciembre de 17:00 a 21:30, en la explanada del museo, con entrada libre y gratuita.<\/p>\n<p data-prosemirror-content-type=\"node\" data-prosemirror-node-name=\"paragraph\" data-prosemirror-node-block=\"true\">La Comisi\u00f3n de J\u00f3venes M\u00e9dicos del Consejo de M\u00e9dicos de C\u00f3rdoba tiene el honor de presentar esta iniciativa cultural sin precedentes en nuestra ciudad.<\/p>\n<p data-prosemirror-content-type=\"node\" data-prosemirror-node-name=\"paragraph\" data-prosemirror-node-block=\"true\">Las bandas que dar\u00e1n festividad a esta propuesta ser\u00e1n de la mano de la banda N\u00e9ctar, luego el set musical contin\u00faa con el DJ Bastet y para el cierre de la noche se lucir\u00e1 la banda Cuartesabor.<\/p>\n","protected":false},"excerpt":{"rendered":"<p>Ser\u00e1 este viernes, a partir de las 17, un encuentro \u00fanico donde profesionales de la salud brillar\u00e1n con su talento como m\u00fasicos, demostrando la riqueza de la vocaci\u00f3n humana en sus m\u00faltiples facetas. El Museo Metropolitano de Arte Urbano (Plaza Espa\u00f1a) invita a la comunidad a vivir un encuentro \u00fanico con el \u00abFestival Receta Musical\u00bb, [&hellip;]<\/p>\n","protected":false},"author":1,"featured_media":181186,"comment_status":"closed","ping_status":"closed","sticky":false,"template":"","format":"standard","meta":[],"categories":[44],"tags":[],"_links":{"self":[{"href":"http:\/\/cordobadirecto.com\/index.php\/wp-json\/wp\/v2\/posts\/181185"}],"collection":[{"href":"http:\/\/cordobadirecto.com\/index.php\/wp-json\/wp\/v2\/posts"}],"about":[{"href":"http:\/\/cordobadirecto.com\/index.php\/wp-json\/wp\/v2\/types\/post"}],"author":[{"embeddable":true,"href":"http:\/\/cordobadirecto.com\/index.php\/wp-json\/wp\/v2\/users\/1"}],"replies":[{"embeddable":true,"href":"http:\/\/cordobadirecto.com\/index.php\/wp-json\/wp\/v2\/comments?post=181185"}],"version-history":[{"count":0,"href":"http:\/\/cordobadirecto.com\/index.php\/wp-json\/wp\/v2\/posts\/181185\/revisions"}],"wp:featuredmedia":[{"embeddable":true,"href":"http:\/\/cordobadirecto.com\/index.php\/wp-json\/wp\/v2\/media\/181186"}],"wp:attachment":[{"href":"http:\/\/cordobadirecto.com\/index.php\/wp-json\/wp\/v2\/media?parent=181185"}],"wp:term":[{"taxonomy":"category","embeddable":true,"href":"http:\/\/cordobadirecto.com\/index.php\/wp-json\/wp\/v2\/categories?post=181185"},{"taxonomy":"post_tag","embeddable":true,"href":"http:\/\/cordobadirecto.com\/index.php\/wp-json\/wp\/v2\/tags?post=181185"}],"curies":[{"name":"wp","href":"https:\/\/api.w.org\/{rel}","templated":true}]}}