{"id":18119,"date":"2021-09-11T19:52:30","date_gmt":"2021-09-11T19:52:30","guid":{"rendered":"http:\/\/cordobadirecto.com\/index.php\/2021\/09\/11\/para-los-empresarios-cordobeses-si-hay-cambios-seran-despues-de-noviembre-la-voz-del-interior\/"},"modified":"2021-09-11T19:52:30","modified_gmt":"2021-09-11T19:52:30","slug":"para-los-empresarios-cordobeses-si-hay-cambios-seran-despues-de-noviembre-la-voz-del-interior","status":"publish","type":"post","link":"http:\/\/cordobadirecto.com\/index.php\/2021\/09\/11\/para-los-empresarios-cordobeses-si-hay-cambios-seran-despues-de-noviembre-la-voz-del-interior\/","title":{"rendered":"Para los empresarios cordobeses, si hay cambios ser\u00e1n despu\u00e9s de noviembre &#8211; La Voz del Interior"},"content":{"rendered":"<p>En ese sentido, la empresaria conf\u00eda en que por formaci\u00f3n del ministro de <b>Econom\u00eda<\/b>, Mart\u00edn Guzm\u00e1n, de reciente paso por <b>C\u00f3rdoba<\/b>. \u201c\u00c9l habla de&nbsp;&#8230; <\/p>\n","protected":false},"excerpt":{"rendered":"<p>En ese sentido, la empresaria conf\u00eda en que por formaci\u00f3n del ministro de Econom\u00eda, Mart\u00edn Guzm\u00e1n, de reciente paso por C\u00f3rdoba. \u201c\u00c9l habla de&nbsp;&#8230;<\/p>\n","protected":false},"author":1,"featured_media":0,"comment_status":"closed","ping_status":"closed","sticky":false,"template":"","format":"standard","meta":[],"categories":[40],"tags":[],"_links":{"self":[{"href":"http:\/\/cordobadirecto.com\/index.php\/wp-json\/wp\/v2\/posts\/18119"}],"collection":[{"href":"http:\/\/cordobadirecto.com\/index.php\/wp-json\/wp\/v2\/posts"}],"about":[{"href":"http:\/\/cordobadirecto.com\/index.php\/wp-json\/wp\/v2\/types\/post"}],"author":[{"embeddable":true,"href":"http:\/\/cordobadirecto.com\/index.php\/wp-json\/wp\/v2\/users\/1"}],"replies":[{"embeddable":true,"href":"http:\/\/cordobadirecto.com\/index.php\/wp-json\/wp\/v2\/comments?post=18119"}],"version-history":[{"count":0,"href":"http:\/\/cordobadirecto.com\/index.php\/wp-json\/wp\/v2\/posts\/18119\/revisions"}],"wp:attachment":[{"href":"http:\/\/cordobadirecto.com\/index.php\/wp-json\/wp\/v2\/media?parent=18119"}],"wp:term":[{"taxonomy":"category","embeddable":true,"href":"http:\/\/cordobadirecto.com\/index.php\/wp-json\/wp\/v2\/categories?post=18119"},{"taxonomy":"post_tag","embeddable":true,"href":"http:\/\/cordobadirecto.com\/index.php\/wp-json\/wp\/v2\/tags?post=18119"}],"curies":[{"name":"wp","href":"https:\/\/api.w.org\/{rel}","templated":true}]}}