{"id":18124,"date":"2021-09-10T12:27:03","date_gmt":"2021-09-10T12:27:03","guid":{"rendered":"https:\/\/cordoba.gob.ar\/?p=13208"},"modified":"2021-09-10T12:27:03","modified_gmt":"2021-09-10T12:27:03","slug":"una-cria-de-yacare-y-dos-pitones-asiaticas-se-recuperan-en-el-parque-de-la-biodiversidad","status":"publish","type":"post","link":"http:\/\/cordobadirecto.com\/index.php\/2021\/09\/10\/una-cria-de-yacare-y-dos-pitones-asiaticas-se-recuperan-en-el-parque-de-la-biodiversidad\/","title":{"rendered":"Una cr\u00eda de yacar\u00e9 y dos pitones asi\u00e1ticas se recuperan en el Parque de la Biodiversidad"},"content":{"rendered":"<div><img src=\"http:\/\/cordobadirecto.com\/wp-content\/uploads\/2021\/09\/una-cria-de-yacare-y-dos-pitones-asiaticas-se-recuperan-en-el-parque-de-la-biodiversidad.jpg\" class=\"ff-og-image-inserted\"><\/div>\n<ul>\n<li><strong>&nbsp;Est\u00e1n alojados en el Centro de Rescate de fauna silvestre proveniente del tr\u00e1fico ilegal y el mascotismo que funciona en el ex zool\u00f3gico de la ciudad.<\/strong><\/li>\n<li><strong>La cr\u00eda de yacar\u00e9 fue hallada en la laguna Las Mojarras, mientras que las pitones fueron secuestradas en un control de transporte en el peaje de James Craik.<\/strong><\/li>\n<\/ul>\n<hr>\n<p>El Parque de la Biodiversidad (Ex zool\u00f3gico) aloj\u00f3 recientemente a una cr\u00eda de yacar\u00e9 y dos pitones, que actualmente se encuentran realizando la cuarentena establecida por protocolo y bajo el estricto cuidado de veterinarios y bi\u00f3logos del ente BioC\u00f3rdoba.<\/p>\n<p>La cr\u00eda de yacar\u00e9 pertenece a la especie overo, mide 20 cent\u00edmetros y fue hallado en un humedal de dif\u00edcil acceso de la Laguna Las Mojaras, en un operativo a cargo de personal de Polic\u00eda Ambiental del Gobierno de C\u00f3rdoba junto con Bomberos Voluntarios de Villa Mar\u00eda y Arroyo Algod\u00f3n.<\/p>\n<p>En tanto las dos pitones asi\u00e1ticas, serpientes de gran tama\u00f1o que son ex\u00f3ticas en el pa\u00eds, provienen del secuestro realizado por el Escuadr\u00f3n de Seguridad Vial \u201cVilla Mar\u00eda\u201d durante un control de transporte en el peaje de James Craik.<\/p>\n<p>Estos ejemplares eran trasladados en bolsas de arpillera y estaban ocultas en el asiento trasero de un rem\u00eds que viajaba rumbo a Rosario.<\/p>\n<p><em>\u201cEsta acci\u00f3n es parte de la responsabilidad de ser un Centro de Rescate de la provincia de C\u00f3rdoba. Estamos trabajando en conjunto con la secretaria de Ambiente de la provincia, la Polic\u00eda Ambiental y el Ministerio de Ambiente de la Naci\u00f3n en la problem\u00e1tica del tr\u00e1fico ilegal de fauna silvestre, adem\u00e1s de lo que conocemos como mascotismo, es decir utilizar como mascotas animales silvestres. Esto es una problem\u00e1tica mundial y tenemos que tener conciencia de que lo silvestre no es mascota\u201d<\/em>, explic\u00f3 el titular del ente BioC\u00f3rdoba, a cargo del Parque de la Biodiversidad, Enzo Cravero.<\/p>\n<p>Luego del ingreso al Centro de Rescate, el yacar\u00e9 y las dos pitones recibieron una valoraci\u00f3n inicial para su posterior protocolo de cuarentena de 30 d\u00edas de duraci\u00f3n.<\/p>\n<p>Entre otros, se llevan a cabo diversas evaluaciones f\u00edsicas, an\u00e1lisis de laboratorio, material fecal, parasitol\u00f3gicos, cultivos para enfermedades que pueden ser infecciosas e incluso zoon\u00f3ticas, control de peso, identificaci\u00f3n y censado.<\/p>\n<p>El bi\u00f3logo del Parque de la Biodiversidad, Daniel Villarreal, evalu\u00f3 como muy positivo el rescate de estos animales, especialmente el caso de la cr\u00eda de yacar\u00e9 hallada en la laguna Las Mojarras. \u201cEstas especies pueden configurar un riesgo para las personas y tambi\u00e9n un desastre ecol\u00f3gico en el lugar, porque no tienen predadores en ese sector\u201d, explic\u00f3.<\/p>\n<p>Sobre las pitones asi\u00e1ticas secuestradas en el peaje de James Craik, el bi\u00f3logo detall\u00f3 que este tipo de ejemplares no son autorizados en la provincia y \u201cevidentemente estaban siendo trasladadas para un criadero ilegal en otra provincia\u201d.<\/p>\n<p>Cabe recordar que el pasado mes de junio, la Secretar\u00eda de Ambiente de la Provincia de C\u00f3rdoba oficializ\u00f3 al Parque de la Biodiversidad como Centro de Rescate y recuperaci\u00f3n de la fauna silvestre, es decir, un establecimiento dedicado a la derivaci\u00f3n y cuidado de fauna silvestre rescatada de tr\u00e1fico y tenencia ilegal.<\/p>\n","protected":false},"excerpt":{"rendered":"<p>&nbsp;Est\u00e1n alojados en el Centro de Rescate de fauna silvestre proveniente del tr\u00e1fico ilegal y el mascotismo que funciona en el ex zool\u00f3gico de la ciudad. La cr\u00eda de yacar\u00e9 fue hallada en la laguna Las Mojarras, mientras que las pitones fueron secuestradas en un control de transporte en el peaje de James Craik. El [&hellip;]<\/p>\n","protected":false},"author":1,"featured_media":18125,"comment_status":"closed","ping_status":"closed","sticky":false,"template":"","format":"standard","meta":[],"categories":[44],"tags":[],"_links":{"self":[{"href":"http:\/\/cordobadirecto.com\/index.php\/wp-json\/wp\/v2\/posts\/18124"}],"collection":[{"href":"http:\/\/cordobadirecto.com\/index.php\/wp-json\/wp\/v2\/posts"}],"about":[{"href":"http:\/\/cordobadirecto.com\/index.php\/wp-json\/wp\/v2\/types\/post"}],"author":[{"embeddable":true,"href":"http:\/\/cordobadirecto.com\/index.php\/wp-json\/wp\/v2\/users\/1"}],"replies":[{"embeddable":true,"href":"http:\/\/cordobadirecto.com\/index.php\/wp-json\/wp\/v2\/comments?post=18124"}],"version-history":[{"count":0,"href":"http:\/\/cordobadirecto.com\/index.php\/wp-json\/wp\/v2\/posts\/18124\/revisions"}],"wp:featuredmedia":[{"embeddable":true,"href":"http:\/\/cordobadirecto.com\/index.php\/wp-json\/wp\/v2\/media\/18125"}],"wp:attachment":[{"href":"http:\/\/cordobadirecto.com\/index.php\/wp-json\/wp\/v2\/media?parent=18124"}],"wp:term":[{"taxonomy":"category","embeddable":true,"href":"http:\/\/cordobadirecto.com\/index.php\/wp-json\/wp\/v2\/categories?post=18124"},{"taxonomy":"post_tag","embeddable":true,"href":"http:\/\/cordobadirecto.com\/index.php\/wp-json\/wp\/v2\/tags?post=18124"}],"curies":[{"name":"wp","href":"https:\/\/api.w.org\/{rel}","templated":true}]}}