{"id":181267,"date":"2025-12-03T23:32:41","date_gmt":"2025-12-03T23:32:41","guid":{"rendered":"https:\/\/www.ole.com.ar\/autos\/yuki-tsunoda-mensaje-declaraciones-dijo-red-bull-cambios-formula-1-f1_0_gBPneSjilu.html"},"modified":"2025-12-03T23:32:41","modified_gmt":"2025-12-03T23:32:41","slug":"formula-1-el-contundente-mensaje-de-yuki-tsunoda-tras-enterarse-que-no-tendra-un-asiento-en-2026","status":"publish","type":"post","link":"http:\/\/cordobadirecto.com\/index.php\/2025\/12\/03\/formula-1-el-contundente-mensaje-de-yuki-tsunoda-tras-enterarse-que-no-tendra-un-asiento-en-2026\/","title":{"rendered":"F\u00f3rmula 1: el contundente mensaje de Yuki Tsunoda tras enterarse que no tendr\u00e1 un asiento en 2026"},"content":{"rendered":"<p><time class=\"createDate\" datetime=\"2025-12-03T20:32:41-03:00\">03\/12\/2025 20:32hs.<\/time><\/p>\n<div id=\"storyBody\">\n<div id=\"element-body-0\" class=\"sc-136cd478-0 ekTCfV\" readability=\"39.170124481328\">\n<p>La <strong><a href=\"https:\/\/www.ole.com.ar\/tema\/formula-1.html\" title=\"F\u00f3rmula 1\" alt=\"F\u00f3rmula 1\" class=\"slug\">F\u00f3rmula 1<\/a><\/strong> se prepara para bajar el tel\u00f3n de su actual temporada, con la \u00faltima fecha que se correr\u00e1 el 7 de diciembre en Abu Dhabi, en tanto que empieza a definir todo para el 2026. Una de las principales cuestiones a saber era c\u00f3mo quedar\u00e1 conformada la grilla, algo que se termin\u00f3 de confirmar esta semana con los <strong>cambios que anunci\u00f3 Red Bull<\/strong>. \u00bfLa sorpresa? <strong>Yuki Tsunoda<\/strong>, quien lleva siendo piloto de la M\u00e1xima desde 2021, <strong>se qued\u00f3 sin asiento para el pr\u00f3ximo a\u00f1o<\/strong>.<\/p>\n<\/div>\n<div id=\"element-body-1\" class=\"sc-136cd478-0 ekTCfV\" readability=\"42\">\n<p><strong>El lugar del nip\u00f3n<\/strong> como compa\u00f1ero del tetracampe\u00f3n, Max Verstappen, <strong>ser\u00e1 ocupado por Isack Hadjar<\/strong>, quien sube desde Racing Bulls, el segundo equipo de los Toros Rojos. Esta escuder\u00eda tambi\u00e9n tiene a sus dos titulares, ya que contar\u00e1 con la continuidad de Liam Lawson, en compa\u00f1\u00eda de <strong>Arvid Lindblad<\/strong>, el brit\u00e1nico de solamente 18 a\u00f1os que est\u00e1 compitiendo en F2 y <strong>debutar\u00e1 en la M\u00e1xima<\/strong>.<\/p>\n<\/div>\n<p><h2>\u00bfC\u00f3mo se enter\u00f3 Tsunoda de su salida y cu\u00e1l ser\u00e1 su nuevo rol?<\/h2>\n<\/p>\n<div id=\"element-body-3\" class=\"sc-136cd478-0 ekTCfV\" readability=\"39\">\n<p>A trav\u00e9s de su cuenta de X (Twitter), el piloto fue claro sobre su futuro y arranc\u00f3: &#8221; <strong>Todav\u00eda no estoy terminado<\/strong>&#8220;. Luego, explic\u00f3: &#8220;Descubrir que no tendr\u00e9 un asiento en 2026 fue incre\u00edblemente duro, pero <strong>estoy decidido a trabajar m\u00e1s que nunca con Red Bull como piloto de pruebas y reserva<\/strong> para desarrollarme con el equipo y demostrar que merezco un lugar en la grilla. La vida est\u00e1 llena de contratiempos, y este es el m\u00edo. No me impedir\u00e1 ser el mejor piloto de F\u00f3rmula 1 que pueda ser&#8221;.<\/p>\n<\/div>\n<div class=\"sc-e7b891c4-0 ifHnQL image-embed\" id=\"element-body-4\"><img alt=\"El mensaje de Yuki Tsunoda a trav\u00e9s de su cuenta de X.\" loading=\"lazy\" width=\"720\" height=\"100\" decoding=\"async\" data-nimg=\"1\" src=\"http:\/\/cordobadirecto.com\/wp-content\/uploads\/2025\/12\/formula-1-el-contundente-mensaje-de-yuki-tsunoda-tras-enterarse-que-no-tendra-un-asiento-en-2026.jpg\"><span class=\"epigraphe\">El mensaje de Yuki Tsunoda a trav\u00e9s de su cuenta de X.<\/span><\/div>\n<p><h2>As\u00ed fue el camino de Tsunoda junto a Red Bull<\/h2>\n<\/p>\n<div id=\"element-body-6\" class=\"sc-136cd478-0 ekTCfV\" readability=\"39\">\n<p>El japon\u00e9s de 25 a\u00f1os tiene toda una vida deportiva ligada a la estructura austriaca: <strong>debut\u00f3 en AlphaTauri<\/strong> (predecesor de Racing Bulls, el segundo equipo de los Toros Rojos) y qued\u00f3 14\u00b0 en el Mundial de pilotos, producto de 32 puntos. En 2023, le toc\u00f3 vivir la particularidad de haber tenido tres compa\u00f1eros distintos (Nyck de Vries, Daniel Ricciardo y Lawson) en un mismo campeonato.<\/p>\n<\/div>\n<div id=\"element-body-7\" class=\"sc-136cd478-0 ekTCfV\" readability=\"38\">\n<p>Luego de que Red Bull desistiera de los servicios de Checo P\u00e9rez para el 2025, hab\u00eda que buscarle un compa\u00f1ero a Verstappen y r\u00e1pidamente se pusieron manos a la obra. Tras idas y vueltas, el heredero del asiento que dej\u00f3 el mexicano fue Lawson. Sin embargo, <strong>el neozeland\u00e9s de 23 a\u00f1os dur\u00f3 tan s\u00f3lo dos fechas por su bajo desempe\u00f1o<\/strong>.<\/p>\n<\/div>\n<div id=\"element-body-8\" class=\"sc-136cd478-0 ekTCfV\" readability=\"37\">\n<p>As\u00ed, <strong>Tsunoda fue finalmente ascendido<\/strong> y se le concedi\u00f3 la oportunidad de mostrarse con la escuder\u00eda principal a partir de la tercera jornada del calendario, la cual tuvo lugar nada menos que en su pa\u00eds. No obstante, <strong>su rendimiento tampoco fue el esperado<\/strong>. <\/p>\n<\/div>\n<div class=\"sc-e7b891c4-0 ifHnQL image-embed\" id=\"element-body-9\"><img alt=\"En Jap\u00f3n, su pa\u00eds, Tsunoda debut\u00f3 con los colores de Red Bull. (REUTERS\/Manami Yamada)\" loading=\"lazy\" width=\"720\" height=\"100\" decoding=\"async\" data-nimg=\"1\" src=\"http:\/\/cordobadirecto.com\/wp-content\/uploads\/2025\/12\/formula-1-el-contundente-mensaje-de-yuki-tsunoda-tras-enterarse-que-no-tendra-un-asiento-en-2026-1.jpg\"><span class=\"epigraphe\">En Jap\u00f3n, su pa\u00eds, Tsunoda debut\u00f3 con los colores de Red Bull. (REUTERS\/Manami Yamada)<\/span><\/div>\n<div id=\"element-body-10\" class=\"sc-136cd478-0 ekTCfV\" readability=\"40\">\n<p>Siempre se mostr\u00f3 lejos de Verstappen: en 22 carreras, nunca termin\u00f3 por delante de \u00e9l. En Arabia Saudita choc\u00f3 y no pudo terminar la carrera, mientras que en Brasil termin\u00f3 \u00faltimo (17\u00b0) sin contar los DNF de Lewis Hamilton, Charles Leclerc y Gabriel Bortoleto. De esta manera, y por el momento, el oriundo de Kanagawa <strong>correr\u00e1 en los \u00c9miratos \u00c1rabes Unidos<\/strong> <strong>su \u00faltima carrera como piloto titular<\/strong>.<\/p>\n<\/div>\n<div id=\"element-body-11\" class=\"sc-a7166897-0 eoLsBE\" readability=\"31.5\">\n<section readability=\"3\"><picture><img alt=\"Franco Colapinto palpit\u00f3 el GP de Abu Dhabi: \u201cBuscaremos aprovechar este potencial\u201d\" loading=\"lazy\" width=\"290\" height=\"290\" decoding=\"async\" data-nimg=\"1\" src=\"http:\/\/cordobadirecto.com\/wp-content\/uploads\/2025\/12\/formula-1-el-contundente-mensaje-de-yuki-tsunoda-tras-enterarse-que-no-tendra-un-asiento-en-2026-2.jpg\"><\/picture>\n<p><span>Mir\u00e1 tambi\u00e9n<\/span><\/p>\n<hr>\n<h3>Franco Colapinto palpit\u00f3 el GP de Abu Dhabi: \u201cBuscaremos aprovechar este potencial\u201d<\/h3>\n<\/p>\n<\/section>\n<\/div>\n<div id=\"element-body-12\" class=\"sc-a7166897-0 eoLsBE\" readability=\"31\">\n<section readability=\"2\"><picture><img alt=\"Se define el TC en La Plata: cu\u00e1ndo es y d\u00f3nde verlo por TV\" loading=\"lazy\" width=\"290\" height=\"290\" decoding=\"async\" data-nimg=\"1\" src=\"http:\/\/cordobadirecto.com\/wp-content\/uploads\/2025\/12\/formula-1-el-contundente-mensaje-de-yuki-tsunoda-tras-enterarse-que-no-tendra-un-asiento-en-2026-3.jpg\"><\/picture>\n<p><span>Mir\u00e1 tambi\u00e9n<\/span><\/p>\n<hr>\n<h3>Se define el TC en La Plata: cu\u00e1ndo es y d\u00f3nde verlo por TV<\/h3>\n<\/p>\n<\/section>\n<\/div>\n<\/div>\n","protected":false},"excerpt":{"rendered":"<p>03\/12\/2025 20:32hs. La F\u00f3rmula 1 se prepara para bajar el tel\u00f3n de su actual temporada, con la \u00faltima fecha que se correr\u00e1 el 7 de diciembre en Abu Dhabi, en tanto que empieza a definir todo para el 2026. Una de las principales cuestiones a saber era c\u00f3mo quedar\u00e1 conformada la grilla, algo que se [&hellip;]<\/p>\n","protected":false},"author":1,"featured_media":181268,"comment_status":"closed","ping_status":"closed","sticky":false,"template":"","format":"standard","meta":[],"categories":[21],"tags":[],"_links":{"self":[{"href":"http:\/\/cordobadirecto.com\/index.php\/wp-json\/wp\/v2\/posts\/181267"}],"collection":[{"href":"http:\/\/cordobadirecto.com\/index.php\/wp-json\/wp\/v2\/posts"}],"about":[{"href":"http:\/\/cordobadirecto.com\/index.php\/wp-json\/wp\/v2\/types\/post"}],"author":[{"embeddable":true,"href":"http:\/\/cordobadirecto.com\/index.php\/wp-json\/wp\/v2\/users\/1"}],"replies":[{"embeddable":true,"href":"http:\/\/cordobadirecto.com\/index.php\/wp-json\/wp\/v2\/comments?post=181267"}],"version-history":[{"count":0,"href":"http:\/\/cordobadirecto.com\/index.php\/wp-json\/wp\/v2\/posts\/181267\/revisions"}],"wp:featuredmedia":[{"embeddable":true,"href":"http:\/\/cordobadirecto.com\/index.php\/wp-json\/wp\/v2\/media\/181268"}],"wp:attachment":[{"href":"http:\/\/cordobadirecto.com\/index.php\/wp-json\/wp\/v2\/media?parent=181267"}],"wp:term":[{"taxonomy":"category","embeddable":true,"href":"http:\/\/cordobadirecto.com\/index.php\/wp-json\/wp\/v2\/categories?post=181267"},{"taxonomy":"post_tag","embeddable":true,"href":"http:\/\/cordobadirecto.com\/index.php\/wp-json\/wp\/v2\/tags?post=181267"}],"curies":[{"name":"wp","href":"https:\/\/api.w.org\/{rel}","templated":true}]}}