{"id":181281,"date":"2025-12-05T09:15:32","date_gmt":"2025-12-05T09:15:32","guid":{"rendered":"http:\/\/cordobadirecto.com\/index.php\/2025\/12\/05\/el-gobierno-avanza-con-la-depuracion-del-padron-de-subsidios-y-recategoriza-a-2-854\/"},"modified":"2025-12-05T09:15:32","modified_gmt":"2025-12-05T09:15:32","slug":"el-gobierno-avanza-con-la-depuracion-del-padron-de-subsidios-y-recategoriza-a-2-854","status":"publish","type":"post","link":"http:\/\/cordobadirecto.com\/index.php\/2025\/12\/05\/el-gobierno-avanza-con-la-depuracion-del-padron-de-subsidios-y-recategoriza-a-2-854\/","title":{"rendered":"El Gobierno avanza con la depuraci\u00f3n del padr\u00f3n de subsidios y recategoriza a 2.854 &#8230;"},"content":{"rendered":"<p>Ministerio de <b>Econom\u00eda<\/b> &middot; Energ\u00eda; El Gobierno &#8230; Esta <b>nueva<\/b> etapa incorpora el an\u00e1lisis de urbanizaciones cerradas de la provincia de <b>C\u00f3rdoba<\/b>&nbsp;&#8230; <\/p>\n","protected":false},"excerpt":{"rendered":"<p>Ministerio de Econom\u00eda &middot; Energ\u00eda; El Gobierno &#8230; Esta nueva etapa incorpora el an\u00e1lisis de urbanizaciones cerradas de la provincia de C\u00f3rdoba&nbsp;&#8230;<\/p>\n","protected":false},"author":1,"featured_media":0,"comment_status":"closed","ping_status":"closed","sticky":false,"template":"","format":"standard","meta":[],"categories":[40],"tags":[],"_links":{"self":[{"href":"http:\/\/cordobadirecto.com\/index.php\/wp-json\/wp\/v2\/posts\/181281"}],"collection":[{"href":"http:\/\/cordobadirecto.com\/index.php\/wp-json\/wp\/v2\/posts"}],"about":[{"href":"http:\/\/cordobadirecto.com\/index.php\/wp-json\/wp\/v2\/types\/post"}],"author":[{"embeddable":true,"href":"http:\/\/cordobadirecto.com\/index.php\/wp-json\/wp\/v2\/users\/1"}],"replies":[{"embeddable":true,"href":"http:\/\/cordobadirecto.com\/index.php\/wp-json\/wp\/v2\/comments?post=181281"}],"version-history":[{"count":0,"href":"http:\/\/cordobadirecto.com\/index.php\/wp-json\/wp\/v2\/posts\/181281\/revisions"}],"wp:attachment":[{"href":"http:\/\/cordobadirecto.com\/index.php\/wp-json\/wp\/v2\/media?parent=181281"}],"wp:term":[{"taxonomy":"category","embeddable":true,"href":"http:\/\/cordobadirecto.com\/index.php\/wp-json\/wp\/v2\/categories?post=181281"},{"taxonomy":"post_tag","embeddable":true,"href":"http:\/\/cordobadirecto.com\/index.php\/wp-json\/wp\/v2\/tags?post=181281"}],"curies":[{"name":"wp","href":"https:\/\/api.w.org\/{rel}","templated":true}]}}