{"id":18129,"date":"2021-09-12T17:16:00","date_gmt":"2021-09-12T17:16:00","guid":{"rendered":"http:\/\/cordobadirecto.com\/index.php\/2021\/09\/12\/en-eslovaquia-francisco-pidio-una-europa-libre-de-ideologias\/"},"modified":"2021-09-12T17:16:00","modified_gmt":"2021-09-12T17:16:00","slug":"en-eslovaquia-francisco-pidio-una-europa-libre-de-ideologias","status":"publish","type":"post","link":"http:\/\/cordobadirecto.com\/index.php\/2021\/09\/12\/en-eslovaquia-francisco-pidio-una-europa-libre-de-ideologias\/","title":{"rendered":"En Eslovaquia, Francisco pidi\u00f3 una Europa &#8220;libre de ideolog\u00edas&#8221;"},"content":{"rendered":"<div class=\"image\" id=\"image\" readability=\"7\"> <img src=\"http:\/\/cordobadirecto.com\/wp-content\/uploads\/2021\/09\/en-eslovaquia-francisco-pidio-una-europa-libre-de-ideologias.jpg\" alt=\"Francisco permanecer\u00e1 cuatro d\u00edas en Eslovaquia tras pasar siete horas en Budapest. Foto: AFP.\" title=\"Francisco permanecer\u00e1 cuatro d\u00edas en Eslovaquia tras pasar siete horas en Budapest. Foto: AFP.\"><\/p>\n<p>Francisco permanecer\u00e1 cuatro d\u00edas en Eslovaquia tras pasar siete horas en Budapest. Foto: AFP.<\/p>\n<\/div>\n<p>&nbsp;El papa Francisco pidi\u00f3 este domingo por la unidad de los cristianos y reclam\u00f3 una &#8220;Europa libre de ideolog\u00edas&#8221;, al pronunciar su primer discurso en Eslovaquia, donde lleg\u00f3 este domingo para iniciar una visita hasta el mi\u00e9rcoles tras haber estado siete horas en Budapest.<\/p>\n<p><strong>&#8220;\u00bfC\u00f3mo podemos desear una Europa que vuelva a encontrar las propias ra\u00edces cristianas<\/strong> si somos nosotros los primeros desarraigados de la plena comuni\u00f3n? \u00bfC\u00f3mo podemos so\u00f1ar una Europa libre de ideolog\u00edas, si no somos libres para anteponer la valent\u00eda de Jes\u00fas a las necesidades de los distintos grupos de creyentes?&#8221;, se pregunt\u00f3 el pont\u00edfice al encabezar un encuentro ecum\u00e9nico con representantes cristianos locales.<\/p>\n<p>Durante el encuentro en la Nunciatura local, donde se hospedar\u00e1 hasta el pr\u00f3ximo mi\u00e9rcoles, el papa asever\u00f3 que <strong>&#8220;es dif\u00edcil exigir una Europa m\u00e1s fecundada por el Evangelio<\/strong> sin advertir el hecho de que en el continente a\u00fan no estamos unidos plenamente entre nosotros, y sin preocuparnos unos de otros&#8221;.<\/p>\n<p>En esa l\u00ednea, Francisco plante\u00f3 que &#8220;c\u00e1lculos de conveniencia, razones hist\u00f3ricas y v\u00ednculos pol\u00edticos no pueden ser obst\u00e1culos inamovibles en nuestro camino&#8221;.<\/p>\n<p>De cara a los miembros del Consejo Ecum\u00e9nico que re\u00fane a las once Iglesias cristianas no cat\u00f3licas del pa\u00eds, <strong>Francisco pidi\u00f3 &#8220;una unidad que, sin ser uniformidad, sea signo y testimonio de la libertad de Cristo<\/strong>, el Se\u00f1or que desata los nudos del pasado y cura del miedo y las inseguridades&#8221;.<\/p>\n<p> <iframe width=\"560\" height=\"315\" src=\"https:\/\/www.youtube.com\/embed\/qjcz13GMV6U?wmode=transparent&amp;showinfo=0&amp;autohide=1&amp;rel=0\" frameborder=\"0\" allowfullscreen>[embedded content]<\/iframe> <\/p>\n<p>Francisco en Budapest<\/p>\n<p>Entre los participantes, hubo representantes de la Iglesia Evang\u00e9lica Luterana de Confesi\u00f3n Agustana, la Ortodoxa, la Metodista, la de los Hermanos y la Cat\u00f3lica de Rito Latino, entre otras.<\/p>\n<p>Francisco aterriz\u00f3 este domingo en Bratislava para iniciar una visita de cuatro d\u00edas a Eslovaquia tras pasar siete horas en Budapest, desde donde esta ma\u00f1ana convoc\u00f3 a Europa a rechazar el antisemitismo y pidi\u00f3 a Hungr\u00eda que practique un cristianismo abierto &#8220;hacia todos&#8221;.<\/p>\n<p><strong>Acompa\u00f1ado por T\u00e9lam como \u00fanico medio latinoamericano a bordo del avi\u00f3n papal,<\/strong> el pont\u00edfice aterriz\u00f3 en el aeropuerto de la capital eslovaca a las 15.30 locales (10.30 de Argentina), donde fue recibido por la Presidenta Zuzana Caputova, a quien visitar\u00e1 ma\u00f1ana en el palacio Presidencial de Bratislava.<\/p>\n<p>En su primer discurso en suelo eslovaco, Francisco desliz\u00f3 adem\u00e1s una denuncia a los a\u00f1os en los que el pa\u00eds form\u00f3 parte del r\u00e9gimen comunista de la URSS y asever\u00f3 que &#8220;el camino de sus comunidades ha vuelto a comenzar despu\u00e9s de los a\u00f1os de la persecuci\u00f3n ate\u00edsta, <strong>cuando no hab\u00eda libertad religiosa, o esta era duramente probada&#8221;.<\/strong><\/p>\n<p>&#8220;Despu\u00e9s, finalmente, lleg\u00f3. Y ahora los une un tramo de camino en el que experimentan lo hermoso, aunque al mismo tiempo dif\u00edcil, que es vivir la fe como personas libres. Existe en efecto la tentaci\u00f3n de volver a ser esclavos, no ciertamente de un r\u00e9gimen, sino de una esclavitud todav\u00eda peor, la interior&#8221;, anim\u00f3.<\/p>\n<p>Luego de la reuni\u00f3n con los l\u00edderes cristianos,<strong> Francisco, el primer Papa jesuita de la historia<\/strong>, mantuvo un encuentro privado con los miembros de la Compa\u00f1\u00eda de Jes\u00fas en la Nunciatura.<\/p>\n<p>Durante su estad\u00eda en Eslovaquia, el Papa se encontrar\u00e1 ma\u00f1ana con autoridades civiles y religiosas y, el martes, visitar\u00e1 el gueto gitano m\u00e1s grande de Europa cuando viaje hacia Kosice, segunda ciudad del pa\u00eds, para encontrar a los habitantes del bario Lunik IX, en el que viven unas 4.000 personas de ese grupo.<\/p>\n<p><strong>En Bratislava, donde la comunidad jud\u00eda fue diezmada en cerca de un 80% durante la Segunda Guerra Mundial<\/strong>, el Papa encontrar\u00e1 tambi\u00e9n a algunos de sus representantes en el centro Bel\u00e9n de Eslovaquia, en donde se espera que repita la fuerte condena al antisemitismo que lanz\u00f3 hoy desde Budapest.<\/p>\n","protected":false},"excerpt":{"rendered":"<p>Francisco permanecer\u00e1 cuatro d\u00edas en Eslovaquia tras pasar siete horas en Budapest. Foto: AFP. &nbsp;El papa Francisco pidi\u00f3 este domingo por la unidad de los cristianos y reclam\u00f3 una &#8220;Europa libre de ideolog\u00edas&#8221;, al pronunciar su primer discurso en Eslovaquia, donde lleg\u00f3 este domingo para iniciar una visita hasta el mi\u00e9rcoles tras haber estado siete [&hellip;]<\/p>\n","protected":false},"author":1,"featured_media":18130,"comment_status":"closed","ping_status":"closed","sticky":false,"template":"","format":"standard","meta":[],"categories":[24],"tags":[],"_links":{"self":[{"href":"http:\/\/cordobadirecto.com\/index.php\/wp-json\/wp\/v2\/posts\/18129"}],"collection":[{"href":"http:\/\/cordobadirecto.com\/index.php\/wp-json\/wp\/v2\/posts"}],"about":[{"href":"http:\/\/cordobadirecto.com\/index.php\/wp-json\/wp\/v2\/types\/post"}],"author":[{"embeddable":true,"href":"http:\/\/cordobadirecto.com\/index.php\/wp-json\/wp\/v2\/users\/1"}],"replies":[{"embeddable":true,"href":"http:\/\/cordobadirecto.com\/index.php\/wp-json\/wp\/v2\/comments?post=18129"}],"version-history":[{"count":0,"href":"http:\/\/cordobadirecto.com\/index.php\/wp-json\/wp\/v2\/posts\/18129\/revisions"}],"wp:featuredmedia":[{"embeddable":true,"href":"http:\/\/cordobadirecto.com\/index.php\/wp-json\/wp\/v2\/media\/18130"}],"wp:attachment":[{"href":"http:\/\/cordobadirecto.com\/index.php\/wp-json\/wp\/v2\/media?parent=18129"}],"wp:term":[{"taxonomy":"category","embeddable":true,"href":"http:\/\/cordobadirecto.com\/index.php\/wp-json\/wp\/v2\/categories?post=18129"},{"taxonomy":"post_tag","embeddable":true,"href":"http:\/\/cordobadirecto.com\/index.php\/wp-json\/wp\/v2\/tags?post=18129"}],"curies":[{"name":"wp","href":"https:\/\/api.w.org\/{rel}","templated":true}]}}