{"id":181541,"date":"2025-12-05T10:00:45","date_gmt":"2025-12-05T10:00:45","guid":{"rendered":"https:\/\/cordoba.gob.ar\/?p=83898"},"modified":"2025-12-05T10:00:45","modified_gmt":"2025-12-05T10:00:45","slug":"estudiantes-de-la-unc-realizaron-practicas-academicas-y-de-extension-en-los-parques-educativos","status":"publish","type":"post","link":"http:\/\/cordobadirecto.com\/index.php\/2025\/12\/05\/estudiantes-de-la-unc-realizaron-practicas-academicas-y-de-extension-en-los-parques-educativos\/","title":{"rendered":"Estudiantes de la UNC realizaron pr\u00e1cticas acad\u00e9micas y de extensi\u00f3n en los Parques Educativos"},"content":{"rendered":"<div><img src=\"http:\/\/cordobadirecto.com\/wp-content\/uploads\/2025\/12\/estudiantes-de-la-unc-realizaron-practicas-academicas-y-de-extension-en-los-parques-educativos.jpg\" class=\"ff-og-image-inserted\"><\/div>\n<ul class=\"ak-ul\" data-prosemirror-content-type=\"node\" data-prosemirror-node-name=\"bulletList\" data-prosemirror-node-block=\"true\" data-pm-slice=\"3 1 []\" readability=\"0\">\n<li data-prosemirror-content-type=\"node\" data-prosemirror-node-name=\"listItem\" data-prosemirror-node-block=\"true\" readability=\"3\">\n<p data-prosemirror-content-type=\"node\" data-prosemirror-node-name=\"paragraph\" data-prosemirror-node-block=\"true\"><strong>La iniciativa involucr\u00f3 a estudiantes de la Facultad de Artes, la Facultad de Ciencias Qu\u00edmicas, la Facultad de Arquitectura, Urbanismo y Dise\u00f1o y la Facultad de Ciencias de la Comunicaci\u00f3n.<\/strong><\/p>\n<\/li>\n<\/ul>\n<hr>\n<p data-prosemirror-content-type=\"node\" data-prosemirror-node-name=\"paragraph\" data-prosemirror-node-block=\"true\">Durante el a\u00f1o 2025, la Municipalidad de C\u00f3rdoba, a trav\u00e9s de la Unidad de Programas de Promoci\u00f3n Cient\u00edfica y Tecnol\u00f3gica de la Secretar\u00eda de Educaci\u00f3n, llev\u00f3 adelante diversas acciones junto a la Universidad Nacional de C\u00f3rdoba (UNC) para potenciar los proyectos educativos de los Parques Educativos y fortalecer el v\u00ednculo con la universidad p\u00fablica.<\/p>\n<p data-prosemirror-content-type=\"node\" data-prosemirror-node-name=\"paragraph\" data-prosemirror-node-block=\"true\">La iniciativa involucr\u00f3 a estudiantes de la Facultad de Artes, la Facultad de Ciencias Qu\u00edmicas, la Facultad de Arquitectura, Urbanismo y Dise\u00f1o y la Facultad de Ciencias de la Comunicaci\u00f3n, quienes realizaron pr\u00e1cticas acad\u00e9micas, producci\u00f3n acad\u00e9mica y experiencias de extensi\u00f3n vinculadas a las necesidades y proyectos comunitarios de los Parques.<\/p>\n<p data-prosemirror-content-type=\"node\" data-prosemirror-node-name=\"paragraph\" data-prosemirror-node-block=\"true\">A trav\u00e9s del proyecto \u201cDe la Facu a los Parques, de los Parques a la Facu\u201d, 20 estudiantes del Seminario de Educaci\u00f3n con Medios Audiovisuales de la Facultad de Artes realizaron diagn\u00f3sticos participativos en los Parques Educativos Este, Noroeste, Sur, Estaci\u00f3n Flores y Sureste.<\/p>\n<p data-prosemirror-content-type=\"node\" data-prosemirror-node-name=\"paragraph\" data-prosemirror-node-block=\"true\">A partir de este trabajo, produjeron cinco piezas audiovisuales que reflejan y fortalecen los procesos educativos y sociales de cada territorio. Las producciones fueron presentadas en un evento p\u00fablico junto a vecinos y vecinas protagonistas del proyecto.<\/p>\n<p data-prosemirror-content-type=\"node\" data-prosemirror-node-name=\"paragraph\" data-prosemirror-node-block=\"true\">En paralelo, m\u00e1s de 150 estudiantes de la Facultad de Arquitectura, Urbanismo y Dise\u00f1o desarrollaron 49 proyectos de mobiliario urbano para los espacios exteriores de los Parques.<\/p>\n<p data-prosemirror-content-type=\"node\" data-prosemirror-node-name=\"paragraph\" data-prosemirror-node-block=\"true\">Las propuestas surgieron a partir de necesidades reales y experiencias compartidas con la comunidad, utilizando materiales sostenibles como el hormig\u00f3n y la madera pl\u00e1stica producida en la Escuela Municipal de Econom\u00eda Circular. Los dise\u00f1os formar\u00e1n parte de las muestras de fin de a\u00f1o de cada instituci\u00f3n.<\/p>\n<p data-prosemirror-content-type=\"node\" data-prosemirror-node-name=\"paragraph\" data-prosemirror-node-block=\"true\">En articulaci\u00f3n con la Facultad de Ciencias Qu\u00edmicas, se realizaron visitas al Museo de Ciencias Interactivo y actividades de experimentaci\u00f3n para estudiantes, adem\u00e1s del taller \u201cMedicamentos bajo la lupa\u201d destinado a personas mayores, promoviendo h\u00e1bitos saludables y prevenci\u00f3n en el autocuidado.<\/p>\n<p data-prosemirror-content-type=\"node\" data-prosemirror-node-name=\"paragraph\" data-prosemirror-node-block=\"true\">Como resultado de este trabajo conjunto y sostenido, se firmaron acuerdos de cooperaci\u00f3n con la Facultad de Ciencias Qu\u00edmicas y con la Facultad de Ciencias de la Comunicaci\u00f3n. Este \u00faltimo convenio permiti\u00f3 que estudiantes secundarios de las zonas de influencia de los Parques Sur y Este participaran de la Jornada de Puertas Abiertas de la FCC, al tiempo que voluntarios universitarios se sumaron al Operativo Ingreso en los Parques Educativos.<\/p>\n<p data-prosemirror-content-type=\"node\" data-prosemirror-node-name=\"paragraph\" data-prosemirror-node-block=\"true\">\u201c<em>El trabajo conjunto y estrat\u00e9gico entre la UNC y el municipio es el motor para generar m\u00e1s oportunidades y fortalecer el acceso a la educaci\u00f3n p\u00fablica, inclusiva y de calidad para j\u00f3venes y adultos de la ciudad de C\u00f3rdoba<\/em>\u201d, expres\u00f3 Nadir Secco, director de la Unidad de Programas de Promoci\u00f3n Cient\u00edfica y Tecnol\u00f3gica.<\/p>\n","protected":false},"excerpt":{"rendered":"<p>La iniciativa involucr\u00f3 a estudiantes de la Facultad de Artes, la Facultad de Ciencias Qu\u00edmicas, la Facultad de Arquitectura, Urbanismo y Dise\u00f1o y la Facultad de Ciencias de la Comunicaci\u00f3n. Durante el a\u00f1o 2025, la Municipalidad de C\u00f3rdoba, a trav\u00e9s de la Unidad de Programas de Promoci\u00f3n Cient\u00edfica y Tecnol\u00f3gica de la Secretar\u00eda de Educaci\u00f3n, [&hellip;]<\/p>\n","protected":false},"author":1,"featured_media":181542,"comment_status":"closed","ping_status":"closed","sticky":false,"template":"","format":"standard","meta":[],"categories":[44],"tags":[],"_links":{"self":[{"href":"http:\/\/cordobadirecto.com\/index.php\/wp-json\/wp\/v2\/posts\/181541"}],"collection":[{"href":"http:\/\/cordobadirecto.com\/index.php\/wp-json\/wp\/v2\/posts"}],"about":[{"href":"http:\/\/cordobadirecto.com\/index.php\/wp-json\/wp\/v2\/types\/post"}],"author":[{"embeddable":true,"href":"http:\/\/cordobadirecto.com\/index.php\/wp-json\/wp\/v2\/users\/1"}],"replies":[{"embeddable":true,"href":"http:\/\/cordobadirecto.com\/index.php\/wp-json\/wp\/v2\/comments?post=181541"}],"version-history":[{"count":0,"href":"http:\/\/cordobadirecto.com\/index.php\/wp-json\/wp\/v2\/posts\/181541\/revisions"}],"wp:featuredmedia":[{"embeddable":true,"href":"http:\/\/cordobadirecto.com\/index.php\/wp-json\/wp\/v2\/media\/181542"}],"wp:attachment":[{"href":"http:\/\/cordobadirecto.com\/index.php\/wp-json\/wp\/v2\/media?parent=181541"}],"wp:term":[{"taxonomy":"category","embeddable":true,"href":"http:\/\/cordobadirecto.com\/index.php\/wp-json\/wp\/v2\/categories?post=181541"},{"taxonomy":"post_tag","embeddable":true,"href":"http:\/\/cordobadirecto.com\/index.php\/wp-json\/wp\/v2\/tags?post=181541"}],"curies":[{"name":"wp","href":"https:\/\/api.w.org\/{rel}","templated":true}]}}