{"id":181543,"date":"2025-12-05T10:00:36","date_gmt":"2025-12-05T10:00:36","guid":{"rendered":"https:\/\/cordoba.gob.ar\/?p=83943"},"modified":"2025-12-05T10:00:36","modified_gmt":"2025-12-05T10:00:36","slug":"historias-de-personalidades-tragicas-en-el-san-jeronimo-las-visitas-guiadas-para-el-mes-de-diciembre","status":"publish","type":"post","link":"http:\/\/cordobadirecto.com\/index.php\/2025\/12\/05\/historias-de-personalidades-tragicas-en-el-san-jeronimo-las-visitas-guiadas-para-el-mes-de-diciembre\/","title":{"rendered":"\u201cHistorias de personalidades tr\u00e1gicas en el San Jer\u00f3nimo\u201d, las visitas guiadas para el mes de diciembre"},"content":{"rendered":"<div><img src=\"http:\/\/cordobadirecto.com\/wp-content\/uploads\/2025\/12\/historias-de-personalidades-tragicas-en-el-san-jeronimo-las-visitas-guiadas-para-el-mes-de-diciembre.jpg\" class=\"ff-og-image-inserted\"><\/div>\n<ul>\n<li data-prosemirror-content-type=\"node\" data-prosemirror-node-name=\"paragraph\" data-prosemirror-node-block=\"true\"><strong><strong>Ser\u00e1n todos los s\u00e1bados a las 09:00, 11:00 y 15:00 horas.<\/strong><\/strong><br \/>\n<hr>\n<\/li>\n<\/ul>\n<p data-prosemirror-content-type=\"node\" data-prosemirror-node-name=\"paragraph\" data-prosemirror-node-block=\"true\">En el \u00faltimo mes del a\u00f1o, el cementerio San Jer\u00f3nimo trae una nueva propuesta para que vecinos y vecinas puedan adentrarse en los misterios que se esconden entre pasillos y panteones.<\/p>\n<p data-prosemirror-content-type=\"node\" data-prosemirror-node-name=\"paragraph\" data-prosemirror-node-block=\"true\">\u201cHistorias de personalidades tr\u00e1gicas en el San Jer\u00f3nimo\u201d es la visita guiada que se podr\u00e1 realizar todos los s\u00e1bados del mes a las 09:00, 11:00 y 15:00 horas. Se realizar\u00e1 un repaso por la vida tr\u00e1gica de aquellas celebridades y personalidades que descansan en este camposanto.<\/p>\n<p data-prosemirror-content-type=\"node\" data-prosemirror-node-name=\"paragraph\" data-prosemirror-node-block=\"true\">Durante el recorrido, se visitar\u00e1 el sitio en donde se encuentran los restos de Jard\u00edn Florido, personaje hist\u00f3rico y popular de la ciudad de C\u00f3rdoba que se hizo famoso en las d\u00e9cadas de 1940 y 1950 por su costumbre de decir piropos elegantes. A menudo vest\u00eda un esmoquin y llevaba una flor en la solapa. Su nombre se debe a su costumbre de obsequiar flores, las que llevaba en floreros en su autom\u00f3vil.<\/p>\n<p data-prosemirror-content-type=\"node\" data-prosemirror-node-name=\"paragraph\" data-prosemirror-node-block=\"true\">En 1953, tuvo un grave accidente al intentar obsequiar una flor, atropellando a tres estudiantes. Como consecuencia, se vio forzado a vender su auto y sus pertenencias para pagar las indemnizaciones, pero continu\u00f3 con sus cortejos hasta 1968, a\u00f1o en el que falleci\u00f3.<\/p>\n<p data-prosemirror-content-type=\"node\" data-prosemirror-node-name=\"paragraph\" data-prosemirror-node-block=\"true\">Adem\u00e1s de esta personalidad, los visitantes podr\u00e1n conocer las tragedias que acompa\u00f1aron las vidas de Pedro Vivas, Flia Stutz, Chalmers W Stevens, Rita Warcalde, Oscar Cabalen y Atilio L\u00f3pez.<\/p>\n<p data-prosemirror-content-type=\"node\" data-prosemirror-node-name=\"paragraph\" data-prosemirror-node-block=\"true\">Quienes deseen realizar las visitas, deben estar 15 minutos antes de que comience la misma en el hall del Cementerio. Cabe destacar que las mismas son libres y gratuitas.<\/p>\n<p data-prosemirror-content-type=\"node\" data-prosemirror-node-name=\"paragraph\" data-prosemirror-node-block=\"true\">Se recomienda concurrir con ropa y calzado c\u00f3modo, botella de agua para hidratarse, gorra, protector solar y repelente para mosquitos.<\/p>\n","protected":false},"excerpt":{"rendered":"<p>Ser\u00e1n todos los s\u00e1bados a las 09:00, 11:00 y 15:00 horas. En el \u00faltimo mes del a\u00f1o, el cementerio San Jer\u00f3nimo trae una nueva propuesta para que vecinos y vecinas puedan adentrarse en los misterios que se esconden entre pasillos y panteones. \u201cHistorias de personalidades tr\u00e1gicas en el San Jer\u00f3nimo\u201d es la visita guiada que [&hellip;]<\/p>\n","protected":false},"author":1,"featured_media":181544,"comment_status":"closed","ping_status":"closed","sticky":false,"template":"","format":"standard","meta":[],"categories":[44],"tags":[],"_links":{"self":[{"href":"http:\/\/cordobadirecto.com\/index.php\/wp-json\/wp\/v2\/posts\/181543"}],"collection":[{"href":"http:\/\/cordobadirecto.com\/index.php\/wp-json\/wp\/v2\/posts"}],"about":[{"href":"http:\/\/cordobadirecto.com\/index.php\/wp-json\/wp\/v2\/types\/post"}],"author":[{"embeddable":true,"href":"http:\/\/cordobadirecto.com\/index.php\/wp-json\/wp\/v2\/users\/1"}],"replies":[{"embeddable":true,"href":"http:\/\/cordobadirecto.com\/index.php\/wp-json\/wp\/v2\/comments?post=181543"}],"version-history":[{"count":0,"href":"http:\/\/cordobadirecto.com\/index.php\/wp-json\/wp\/v2\/posts\/181543\/revisions"}],"wp:featuredmedia":[{"embeddable":true,"href":"http:\/\/cordobadirecto.com\/index.php\/wp-json\/wp\/v2\/media\/181544"}],"wp:attachment":[{"href":"http:\/\/cordobadirecto.com\/index.php\/wp-json\/wp\/v2\/media?parent=181543"}],"wp:term":[{"taxonomy":"category","embeddable":true,"href":"http:\/\/cordobadirecto.com\/index.php\/wp-json\/wp\/v2\/categories?post=181543"},{"taxonomy":"post_tag","embeddable":true,"href":"http:\/\/cordobadirecto.com\/index.php\/wp-json\/wp\/v2\/tags?post=181543"}],"curies":[{"name":"wp","href":"https:\/\/api.w.org\/{rel}","templated":true}]}}