{"id":18230,"date":"2021-09-13T00:36:01","date_gmt":"2021-09-13T00:36:01","guid":{"rendered":"http:\/\/cordobadirecto.com\/index.php\/2021\/09\/13\/almendra-sigue-en-duda-y-advincula-debera-cumplir-una-semana-de-aislamiento\/"},"modified":"2021-09-13T00:36:01","modified_gmt":"2021-09-13T00:36:01","slug":"almendra-sigue-en-duda-y-advincula-debera-cumplir-una-semana-de-aislamiento","status":"publish","type":"post","link":"http:\/\/cordobadirecto.com\/index.php\/2021\/09\/13\/almendra-sigue-en-duda-y-advincula-debera-cumplir-una-semana-de-aislamiento\/","title":{"rendered":"Almendra sigue en duda y Adv\u00edncula deber\u00e1 cumplir una semana de aislamiento"},"content":{"rendered":"<div class=\"image\" id=\"image\" readability=\"7\"> <img src=\"http:\/\/cordobadirecto.com\/wp-content\/uploads\/2021\/09\/almendra-sigue-en-duda-y-advincula-debera-cumplir-una-semana-de-aislamiento.jpg\" alt=\"Almendra tiene una molestia en el tobillo izquierdo en el que se hizo estudios.\" title=\"Almendra tiene una molestia en el tobillo izquierdo en el que se hizo estudios.\"><\/p>\n<p>Almendra tiene una molestia en el tobillo izquierdo en el que se hizo estudios.<\/p>\n<\/div>\n<p>El volante de Boca&nbsp;<strong>Agust\u00edn Almendra<\/strong> se retir\u00f3 antes de la pr\u00e1ctica por segundo d\u00eda consecutivo a ra\u00edz de un <strong>golpe en el tobillo izquierdo<\/strong> y fue descartado para enfrentar el martes pr\u00f3ximo a Defensa y Justicia, mientras que <strong>Luis Adv\u00edncula<\/strong> est\u00e1 cumpliendo el <strong>protocolo del aislamiento<\/strong> sanitario ya que pas\u00f3 por Uruguay, en su vuelta de Per\u00fa, luego de jugar las Eliminatorias para su pa\u00eds.<\/p>\n<p>En la pr\u00e1ctica matutina en el predio de Ezeiza el mediocampista Almendra volvi\u00f3 a <strong>retirarse antes<\/strong> del entrenamiento debido a una molestia en el tobillo izquierdo en el que se hizo estudios y no le encontraron nada. Por eso fue descartado de la lista de concentrados y su lugar lo ocupar\u00eda Diego Gonz\u00e1lez.<\/p>\n<p>Entonces el posible equipo para enfrentar este martes a Defensa y Justicia ser\u00eda con Agust\u00edn Rossi; Marcelo Weingandt, Carlos Izquierdoz, Marcos Rojo y Agust\u00edn Sandez; Diego Gonz\u00e1lez, Jorman Campuzano, Aaron Molinas y Juan Ram\u00edrez; Norberto Briasco y Luis Vazquez.<\/p>\n<p>Por ahora una de las variantes respecto del equipo que viene de vencer a <strong>Rosario Central<\/strong> por 2 a 1 ser\u00eda el ingreso de Aaron Molinas por Juan Ram\u00edrez, al margen de lo que ocurrir\u00eda con Almendra.<\/p>\n<div class=\"image\" id=\"image\" readability=\"7\"> <img src=\"http:\/\/cordobadirecto.com\/wp-content\/uploads\/2021\/09\/almendra-sigue-en-duda-y-advincula-debera-cumplir-una-semana-de-aislamiento-1.jpg\" alt=\"Adv\u00edncula est\u00e1 cumpliendo el aislamiento sanitario de siete d\u00edas.\" title=\"Adv\u00edncula est\u00e1 cumpliendo el aislamiento sanitario de siete d\u00edas.\"><\/p>\n<p>Adv\u00edncula est\u00e1 cumpliendo el aislamiento sanitario de siete d\u00edas.<\/p>\n<\/div>\n<p>En tanto este domingo arrib\u00f3 al pa\u00eds el defensor peruano <strong>Luis Adv\u00edncula<\/strong>, quien viene de jugar las tres fechas de las eliminatorias Sudamericanas para Qatar 2022 con la selecci\u00f3n de su pa\u00eds y lo hizo desde Lima, donde volvi\u00f3 con sus compa\u00f1eros tras caer en Brasil, y desde ah\u00ed <strong>viaj\u00f3 a la Argentina en dos tramos<\/strong>, el primero con escala en Uruguay en un vuelo comercial y desde la ciudad de Montevideo a Buenos Aires en un ch\u00e1rter.<\/p>\n<p>Este tramo comercial hizo que el peruano <strong>rompiera la \u201cburbuja\u201d de Conmebol<\/strong> y por tal motivo Boca, para evitar cualquier tipo de complicaci\u00f3n, decidi\u00f3 que el peruano <strong>no se sume al plantel conducido por Sebasti\u00e1n Battaglia<\/strong> y cumpla el aislamiento sanitario de siete d\u00edas.<\/p>\n<p>Adem\u00e1s, le pedir\u00e1n a la Federaci\u00f3n Peruana de F\u00fatbol que para la pr\u00f3xima convocatoria el marcador de punta derecha vuele en un ch\u00e1rter de manera directa de Per\u00fa a Buenos Aires.<\/p>\n<p><strong>&#8220;Por el amor de Dios, dejen de enga\u00f1ar a la gente y primero inf\u00f3rmense bien&#8221;<\/strong>, dispar\u00f3 Adv\u00edncula en una historia de su cuenta de Instagram, en una especie de &#8220;a quien le quepa el sayo, que se lo ponga&#8221;.<\/p>\n<p>En cuanto a su compatriota Carlos Zambrano, este domingo se sum\u00f3 a las pr\u00e1cticas, luego de estar dos d\u00edas en su casa debido a los 15 puntos de sutura que le dieron entre la ceja y el p\u00f3mulo izquierdo, al chocar accidentalmente con su compa\u00f1ero Agust\u00edn Sandez en la pr\u00e1ctica del jueves pasado.<\/p>\n<p>De todas maneras el peruano tambi\u00e9n se qued\u00f3 al margen de la lista de concentrados, al igual que el colombiano Edwin Cardona, aunque \u00e9ste por razones estrictamente futbol\u00edsticas.<\/p>\n<p>Boca se entrenar\u00e1 el lunes desde las 9 en el Complejo Pedro Pompilio y luego quedar\u00e1 concentrado en un hotel del barrio de Monserrat. Jugar\u00e1 ante Defensa y Justicia, de local, el pr\u00f3ximo martes desde las 21, por la und\u00e9cima fecha de la Liga Profesional, con el arbitraje de Ariel Penel.<\/p>\n","protected":false},"excerpt":{"rendered":"<p>Almendra tiene una molestia en el tobillo izquierdo en el que se hizo estudios. El volante de Boca&nbsp;Agust\u00edn Almendra se retir\u00f3 antes de la pr\u00e1ctica por segundo d\u00eda consecutivo a ra\u00edz de un golpe en el tobillo izquierdo y fue descartado para enfrentar el martes pr\u00f3ximo a Defensa y Justicia, mientras que Luis Adv\u00edncula est\u00e1 [&hellip;]<\/p>\n","protected":false},"author":1,"featured_media":18231,"comment_status":"closed","ping_status":"closed","sticky":false,"template":"","format":"standard","meta":[],"categories":[21],"tags":[],"_links":{"self":[{"href":"http:\/\/cordobadirecto.com\/index.php\/wp-json\/wp\/v2\/posts\/18230"}],"collection":[{"href":"http:\/\/cordobadirecto.com\/index.php\/wp-json\/wp\/v2\/posts"}],"about":[{"href":"http:\/\/cordobadirecto.com\/index.php\/wp-json\/wp\/v2\/types\/post"}],"author":[{"embeddable":true,"href":"http:\/\/cordobadirecto.com\/index.php\/wp-json\/wp\/v2\/users\/1"}],"replies":[{"embeddable":true,"href":"http:\/\/cordobadirecto.com\/index.php\/wp-json\/wp\/v2\/comments?post=18230"}],"version-history":[{"count":0,"href":"http:\/\/cordobadirecto.com\/index.php\/wp-json\/wp\/v2\/posts\/18230\/revisions"}],"wp:featuredmedia":[{"embeddable":true,"href":"http:\/\/cordobadirecto.com\/index.php\/wp-json\/wp\/v2\/media\/18231"}],"wp:attachment":[{"href":"http:\/\/cordobadirecto.com\/index.php\/wp-json\/wp\/v2\/media?parent=18230"}],"wp:term":[{"taxonomy":"category","embeddable":true,"href":"http:\/\/cordobadirecto.com\/index.php\/wp-json\/wp\/v2\/categories?post=18230"},{"taxonomy":"post_tag","embeddable":true,"href":"http:\/\/cordobadirecto.com\/index.php\/wp-json\/wp\/v2\/tags?post=18230"}],"curies":[{"name":"wp","href":"https:\/\/api.w.org\/{rel}","templated":true}]}}