{"id":1824,"date":"2021-02-19T15:13:22","date_gmt":"2021-02-19T15:13:22","guid":{"rendered":"https:\/\/lmdiario.com.ar\/contenido\/255729\/un-frigorifico-cordobes-comenzo-a-exportar-carne-de-cabra-a-sri-lanka"},"modified":"2021-02-19T15:13:22","modified_gmt":"2021-02-19T15:13:22","slug":"un-frigorifico-cordobes-comenzo-a-exportar-carne-de-cabra-a-sri-lanka","status":"publish","type":"post","link":"http:\/\/cordobadirecto.com\/index.php\/2021\/02\/19\/un-frigorifico-cordobes-comenzo-a-exportar-carne-de-cabra-a-sri-lanka\/","title":{"rendered":"Un frigor\u00edfico cordob\u00e9s comenz\u00f3 a exportar carne de cabra a Sri Lanka"},"content":{"rendered":"<div readability=\"35\"> <img alt=\"frigor\u00edfico de carne caprina\" class=\"img-responsive\" height=\"666\" loading=\"lazy\" sizes=\"auto\" src=\"http:\/\/cordobadirecto.com\/wp-content\/uploads\/2021\/02\/un-frigorifico-cordobes-comenzo-a-exportar-carne-de-cabra-a-sri-lanka.jpg\" srcset=\"http:\/\/cordobadirecto.com\/wp-content\/uploads\/2021\/02\/un-frigorifico-cordobes-comenzo-a-exportar-carne-de-cabra-a-sri-lanka.jpg 1183w, http:\/\/cordobadirecto.com\/wp-content\/uploads\/2021\/02\/un-frigorifico-cordobes-comenzo-a-exportar-carne-de-cabra-a-sri-lanka.png 400w\" width=\"1183\"> <\/p>\n<p> <span>El frigor\u00edfico Los Pinitos, con sede en la localidad de Cruz del Eje, obtuvo los certificados necesarios del Senasa.<\/span> <span>Foto: gentileza.<\/span> <\/p>\n<\/p><\/div>\n<div readability=\"97\">\n<p><strong>El frigor\u00edfico Los Pinitos, con sede en la localidad de Cruz del Eje,<\/strong> obtuvo los certificados necesarios del Servicio Nacional de Sanidad y Calidad Agroalimentaria (Senasa) y<strong> comenz\u00f3 a exportar carne caprina a Sri Lanka,<\/strong> inform\u00f3 el Ministerio de Agricultura y Ganader\u00eda de la provincia.<\/p>\n<p>La cartera cordobesa destac\u00f3 que <strong>esta es la primera vez que un frigor\u00edfico local concreta exportaciones a ese destino.<\/strong><\/p>\n<p>\u201cEsta ma\u00f1ana parti\u00f3 desde la planta el segundo contenedor con<strong> 17 toneladas (d\u00edas atr\u00e1s ya hab\u00eda salido el primer cargamento de 21 mil kilos), y el mes que viene se completar\u00e1 el volumen restante con un tercer env\u00edo\u201d,<\/strong> inform\u00f3 en un comunicado.<\/p>\n<p>El lunes parti\u00f3 desde la planta el<strong> segundo contenedor con 17 toneladas y el mes que viene se completar\u00e1 el volumen restante con un tercer env\u00edo.<\/strong><\/p>\n<p>A este env\u00edo se sumar\u00e1 <strong>otro en noviembre, de 30 mil kilos,<\/strong> con lo que las exportaciones ascender\u00e1n a un total de 51 toneladas.<\/p>\n<p>El producto exportado es carne de cabra congelada con hueso, para consumo humano, con destino al mercado de ese pa\u00eds asi\u00e1tico.<\/p>\n<p>La Secretaria de Ganader\u00eda provincial, Catalina Boetto, dijo que es un orgullo poder acompa\u00f1ar desde el Estado provincial un ejemplo de inversi\u00f3n genuina de primer nivel como este.<\/p>\n<p>&#8220;Acompa\u00f1amos, felicitamos y nos ponemos a disposici\u00f3n desde el <strong>Ministerio de Agricultura y Ganader\u00eda para sostener este tipo de operaciones que potencia la cadena de valor caprina<\/strong>\u201d, sostuvo.<\/p>\n<p>\u201cEste tipo de acuerdos de exportaci\u00f3n genera movimiento para una econom\u00eda regional como esta, que solo con esta operaci\u00f3n implica el trabajo de 15 personas de manera directa\u201d, resaltaron desde el ministerio.<\/p>\n<p>Este tipo de acuerdos de exportaci\u00f3n genera movimiento para una econom\u00eda regional como esta, que solo con esta operaci\u00f3n <strong>implica el trabajo de 15 personas de manera directa.<\/strong><\/p>\n<p><strong>Patricio Flores, vicepresidente del frigor\u00edfico Los Pinitos<\/strong> dijo que se trata de un hecho de gran trascendencia, ya que en Argentina la cabra no es un animal que se consuma de manera habitual, y destac\u00f3 que &#8220;la posibilidad de darle valor a esta econom\u00eda regional significa un plus adicional para el sector&#8221;.<\/p>\n<p>Asimismo, Flores recalc\u00f3 el trabajo del coordinador de Inocuidad y Calidad Agroalimentaria del <strong>Centro Regional C\u00f3rdoba del Senasa, Gustavo Zabaletta, y del supervisor de la regi\u00f3n, Emiliano Bordas<\/strong>, de quienes valor\u00f3: \u201cNos informaron sobre los requisitos necesarios para la habilitaci\u00f3n de la planta y para que la exportaci\u00f3n fuera posible seg\u00fan las normativas vigentes\u201d.<\/p>\n<\/p><\/div>\n","protected":false},"excerpt":{"rendered":"<p>El frigor\u00edfico Los Pinitos, con sede en la localidad de Cruz del Eje, obtuvo los certificados necesarios del Senasa. Foto: gentileza. El frigor\u00edfico Los Pinitos, con sede en la localidad de Cruz del Eje, obtuvo los certificados necesarios del Servicio Nacional de Sanidad y Calidad Agroalimentaria (Senasa) y comenz\u00f3 a exportar carne caprina a Sri [&hellip;]<\/p>\n","protected":false},"author":1,"featured_media":1825,"comment_status":"open","ping_status":"closed","sticky":false,"template":"","format":"standard","meta":[],"categories":[23,25],"tags":[],"_links":{"self":[{"href":"http:\/\/cordobadirecto.com\/index.php\/wp-json\/wp\/v2\/posts\/1824"}],"collection":[{"href":"http:\/\/cordobadirecto.com\/index.php\/wp-json\/wp\/v2\/posts"}],"about":[{"href":"http:\/\/cordobadirecto.com\/index.php\/wp-json\/wp\/v2\/types\/post"}],"author":[{"embeddable":true,"href":"http:\/\/cordobadirecto.com\/index.php\/wp-json\/wp\/v2\/users\/1"}],"replies":[{"embeddable":true,"href":"http:\/\/cordobadirecto.com\/index.php\/wp-json\/wp\/v2\/comments?post=1824"}],"version-history":[{"count":0,"href":"http:\/\/cordobadirecto.com\/index.php\/wp-json\/wp\/v2\/posts\/1824\/revisions"}],"wp:featuredmedia":[{"embeddable":true,"href":"http:\/\/cordobadirecto.com\/index.php\/wp-json\/wp\/v2\/media\/1825"}],"wp:attachment":[{"href":"http:\/\/cordobadirecto.com\/index.php\/wp-json\/wp\/v2\/media?parent=1824"}],"wp:term":[{"taxonomy":"category","embeddable":true,"href":"http:\/\/cordobadirecto.com\/index.php\/wp-json\/wp\/v2\/categories?post=1824"},{"taxonomy":"post_tag","embeddable":true,"href":"http:\/\/cordobadirecto.com\/index.php\/wp-json\/wp\/v2\/tags?post=1824"}],"curies":[{"name":"wp","href":"https:\/\/api.w.org\/{rel}","templated":true}]}}