{"id":18303,"date":"2021-09-13T03:56:15","date_gmt":"2021-09-13T03:56:15","guid":{"rendered":"http:\/\/cordobadirecto.com\/index.php\/2021\/09\/13\/cautela-empresarial-por-la-reaccion-ante-los-resultados-negocios-la-voz-del-interior\/"},"modified":"2021-09-13T03:56:15","modified_gmt":"2021-09-13T03:56:15","slug":"cautela-empresarial-por-la-reaccion-ante-los-resultados-negocios-la-voz-del-interior","status":"publish","type":"post","link":"http:\/\/cordobadirecto.com\/index.php\/2021\/09\/13\/cautela-empresarial-por-la-reaccion-ante-los-resultados-negocios-la-voz-del-interior\/","title":{"rendered":"Cautela empresarial por la reacci\u00f3n ante los resultados | Negocios | La Voz del Interior"},"content":{"rendered":"<p>Lo que sucedi\u00f3 en <b>C\u00f3rdoba<\/b>, donde la mitad de los votos fueron a la oposici\u00f3n, junto con victorias de postulantes de Cambiemos en numerosas&nbsp;&#8230; <\/p>\n","protected":false},"excerpt":{"rendered":"<p>Lo que sucedi\u00f3 en C\u00f3rdoba, donde la mitad de los votos fueron a la oposici\u00f3n, junto con victorias de postulantes de Cambiemos en numerosas&nbsp;&#8230;<\/p>\n","protected":false},"author":1,"featured_media":0,"comment_status":"closed","ping_status":"closed","sticky":false,"template":"","format":"standard","meta":[],"categories":[40],"tags":[],"_links":{"self":[{"href":"http:\/\/cordobadirecto.com\/index.php\/wp-json\/wp\/v2\/posts\/18303"}],"collection":[{"href":"http:\/\/cordobadirecto.com\/index.php\/wp-json\/wp\/v2\/posts"}],"about":[{"href":"http:\/\/cordobadirecto.com\/index.php\/wp-json\/wp\/v2\/types\/post"}],"author":[{"embeddable":true,"href":"http:\/\/cordobadirecto.com\/index.php\/wp-json\/wp\/v2\/users\/1"}],"replies":[{"embeddable":true,"href":"http:\/\/cordobadirecto.com\/index.php\/wp-json\/wp\/v2\/comments?post=18303"}],"version-history":[{"count":0,"href":"http:\/\/cordobadirecto.com\/index.php\/wp-json\/wp\/v2\/posts\/18303\/revisions"}],"wp:attachment":[{"href":"http:\/\/cordobadirecto.com\/index.php\/wp-json\/wp\/v2\/media?parent=18303"}],"wp:term":[{"taxonomy":"category","embeddable":true,"href":"http:\/\/cordobadirecto.com\/index.php\/wp-json\/wp\/v2\/categories?post=18303"},{"taxonomy":"post_tag","embeddable":true,"href":"http:\/\/cordobadirecto.com\/index.php\/wp-json\/wp\/v2\/tags?post=18303"}],"curies":[{"name":"wp","href":"https:\/\/api.w.org\/{rel}","templated":true}]}}