{"id":18359,"date":"2021-09-14T00:26:44","date_gmt":"2021-09-14T00:26:44","guid":{"rendered":"https:\/\/puntoapunto.com.ar\/?p=316132"},"modified":"2021-09-14T00:26:44","modified_gmt":"2021-09-14T00:26:44","slug":"inauguran-una-muestra-fotografica-sobre-la-expenitenciaria-de-barrio-san-martin","status":"publish","type":"post","link":"http:\/\/cordobadirecto.com\/index.php\/2021\/09\/14\/inauguran-una-muestra-fotografica-sobre-la-expenitenciaria-de-barrio-san-martin\/","title":{"rendered":"Inauguran una muestra fotogr\u00e1fica sobre la Expenitenciar\u00eda de Barrio San Mart\u00edn"},"content":{"rendered":"<p>El&nbsp;<strong>Colegio Profesional de Martilleros Corredores P\u00fablicos de la Provincia de C\u00f3rdoba<\/strong> inaugur\u00f3 la muestra <strong><em>\u201cY el tiempo se detuvo tras los muros\u201d<\/em><\/strong>. Se trata de una muestra fotogr\u00e1fica sobre la Expenitenciar\u00eda de Barrio San Mart\u00edn de la ciudad de C\u00f3rdoba, obra de la<strong> artista Nancy Cabanillas<\/strong> y con curadur\u00eda de Claudia Pino.<\/p>\n<p>En el acto de inauguraci\u00f3n de la obra fotogr\u00e1fica estuvieron presentes, en representaci\u00f3n del Colegio Profesional, los MCP <strong>Marcelo Prato<\/strong>, Presidente; <strong>Rafael Chaij<\/strong>, Tesorero; y <strong>Axel Smulovitz<\/strong>, Vocal Titular del Tribunal de Disciplina Rama Martilleros. Asimismo, acompa\u00f1aron en la ocasi\u00f3n la Dra. A\u00edda Tarditti, Vocal del Tribunal Superior de Justicia; el Dr. Gerardo Garc\u00eda, Fiscal Adjunto de la Fiscal\u00eda de Estado del Gobierno de la Provincia de C\u00f3rdoba; la Dra. Ver\u00f3nica Rapella, Secretaria de la Sala Civil y Comercial del Tribunal Superior de Justicia; el Dr. Carlos Ferrer, Exfiscal de C\u00e1mara del Poder Judicial de la Provincia de C\u00f3rdoba y Exdecano de la Facultad de Derecho de la Universidad Cat\u00f3lica de C\u00f3rdoba; Juan Pagano, Director del Centro de Arte Contempor\u00e1neo del Chateu; y el Esc. Dar\u00edo Cabral, Presidente de la Comisi\u00f3n de Cultura del Colegio de Escribanos de la Provincia de C\u00f3rdoba.<\/p>\n<p>\u201cDesde nuestro Colegio, el concretar este tipo de acciones, tiene firmes objetivos. Por un lado, acercar las obras de artistas cordobeses a la comunidad toda; y por otro, formar y capacitar a nuestros Colegiados en el \u00e1mbito del arte y de las subastas art\u00edsticas con el fin de propiciar y promover el desarrollo de estas actividades en el \u00e1mbito cordob\u00e9s\u201d, manifest\u00f3 <strong>Marcelo Prato<\/strong>, Presidente de la instituci\u00f3n anfitriona en su mensaje de apertura de la exposici\u00f3n.<\/p>\n<p>Cabe destacar que la muestra fotogr\u00e1fica sobre la Expenitenciaria de Barrio San Mart\u00edn fue declarada de inter\u00e9s acad\u00e9mico por La Universidad Cat\u00f3lica de C\u00f3rdoba seg\u00fan su Resoluci\u00f3n Rectoral N\u00b0 1852 del 17 de agosto de 2021. <strong>Se podr\u00e1 visitar y recorrer de lunes a viernes de 9 a 13 hs y de 15 a 18 hs y los s\u00e1bados de 10 a 14 hs.<\/strong><\/p>\n<h5><strong>Reactivaci\u00f3n de remates y subastas<\/strong><\/h5>\n<p>Con la reapertura de su Sala de Servicios y Sala de Remates, el Colegio Profesional de Martilleros Corredores P\u00fablicos de la Provincia de C\u00f3rdoba reactiva dos espacios de uso relevante para sus colegiados. Por un lado, la Sala de Servicios, que cuenta con equipamiento tecnol\u00f3gico, est\u00e1 abierta de lunes a viernes de 9 a 13 hs. Para hacer uso de las instalaciones, los profesionales deben presentar DNI, el acceso ser\u00e1 por orden de llegada y se respetar\u00e1 un cupo m\u00e1ximo de 3 personas en simult\u00e1neo.<\/p>\n<p>En tanto, la Sala de Remates tambi\u00e9n se encuentra a disposici\u00f3n para los Colegiados que requieran realizar sus actos de subastas. En este caso, para esas ocasiones, el espacio cuenta con todas las exigencias necesarias como servicio de seguridad, c\u00e1maras de vigilancia, acceso con control de c\u00f3digo de DNI y de temperatura, pantallas led y cumplimiento de aforo de personas presentes en simult\u00e1neo.<\/p>\n<div class=\"saboxplugin-wrap\" itemtype=\"http:\/\/schema.org\/Person\" itemscope itemprop=\"author\">\n<div class=\"saboxplugin-tab\">\n<div class=\"saboxplugin-gravatar\"><img alt src=\"http:\/\/cordobadirecto.com\/wp-content\/uploads\/2021\/09\/inauguran-una-muestra-fotografica-sobre-la-expenitenciaria-de-barrio-san-martin.jpg\" srcset=\"http:\/\/cordobadirecto.com\/wp-content\/uploads\/2021\/09\/inauguran-una-muestra-fotografica-sobre-la-expenitenciaria-de-barrio-san-martin-1.jpg 2x\" class=\"avatar avatar-100 photo\" height=\"100\" width=\"100\" itemprop=\"image\" loading=\"lazy\"><\/div>\n<div class=\"saboxplugin-desc\" readability=\"3.38\">\n<div itemprop=\"description\" readability=\"4.16\">\n<p>Este articulo fue escrito por la redacci\u00f3n de Punto a Punto. Seguinos en todas nuestras redes sociales<\/p>\n<\/div>\n<\/div>\n<\/div>\n<\/div>\n<p>No tags for this post. <\/p>\n","protected":false},"excerpt":{"rendered":"<p>El&nbsp;Colegio Profesional de Martilleros Corredores P\u00fablicos de la Provincia de C\u00f3rdoba inaugur\u00f3 la muestra \u201cY el tiempo se detuvo tras los muros\u201d. Se trata de una muestra fotogr\u00e1fica sobre la Expenitenciar\u00eda de Barrio San Mart\u00edn de la ciudad de C\u00f3rdoba, obra de la artista Nancy Cabanillas y con curadur\u00eda de Claudia Pino. En el acto [&hellip;]<\/p>\n","protected":false},"author":1,"featured_media":18360,"comment_status":"closed","ping_status":"closed","sticky":false,"template":"","format":"standard","meta":[],"categories":[25],"tags":[],"_links":{"self":[{"href":"http:\/\/cordobadirecto.com\/index.php\/wp-json\/wp\/v2\/posts\/18359"}],"collection":[{"href":"http:\/\/cordobadirecto.com\/index.php\/wp-json\/wp\/v2\/posts"}],"about":[{"href":"http:\/\/cordobadirecto.com\/index.php\/wp-json\/wp\/v2\/types\/post"}],"author":[{"embeddable":true,"href":"http:\/\/cordobadirecto.com\/index.php\/wp-json\/wp\/v2\/users\/1"}],"replies":[{"embeddable":true,"href":"http:\/\/cordobadirecto.com\/index.php\/wp-json\/wp\/v2\/comments?post=18359"}],"version-history":[{"count":0,"href":"http:\/\/cordobadirecto.com\/index.php\/wp-json\/wp\/v2\/posts\/18359\/revisions"}],"wp:featuredmedia":[{"embeddable":true,"href":"http:\/\/cordobadirecto.com\/index.php\/wp-json\/wp\/v2\/media\/18360"}],"wp:attachment":[{"href":"http:\/\/cordobadirecto.com\/index.php\/wp-json\/wp\/v2\/media?parent=18359"}],"wp:term":[{"taxonomy":"category","embeddable":true,"href":"http:\/\/cordobadirecto.com\/index.php\/wp-json\/wp\/v2\/categories?post=18359"},{"taxonomy":"post_tag","embeddable":true,"href":"http:\/\/cordobadirecto.com\/index.php\/wp-json\/wp\/v2\/tags?post=18359"}],"curies":[{"name":"wp","href":"https:\/\/api.w.org\/{rel}","templated":true}]}}