{"id":18436,"date":"2021-09-14T00:37:25","date_gmt":"2021-09-14T00:37:25","guid":{"rendered":"http:\/\/cordobadirecto.com\/index.php\/2021\/09\/14\/arranca-una-nueva-edicion-de-tango-buenos-aires-festival-y-mundial\/"},"modified":"2021-09-14T00:37:25","modified_gmt":"2021-09-14T00:37:25","slug":"arranca-una-nueva-edicion-de-tango-buenos-aires-festival-y-mundial","status":"publish","type":"post","link":"http:\/\/cordobadirecto.com\/index.php\/2021\/09\/14\/arranca-una-nueva-edicion-de-tango-buenos-aires-festival-y-mundial\/","title":{"rendered":"Arranca una nueva edici\u00f3n de Tango Buenos Aires Festival y Mundial"},"content":{"rendered":"<div class=\"image\" id=\"image\" readability=\"8\"> <img src=\"http:\/\/cordobadirecto.com\/wp-content\/uploads\/2021\/09\/arranca-una-nueva-edicion-de-tango-buenos-aires-festival-y-mundial.jpg\" alt=\"Natacha Poberaj, directora art\u00edstica del mundial de baile (Foto: Prensa Ciudad)\" title=\"Natacha Poberaj, directora art\u00edstica del mundial de baile (Foto: Prensa Ciudad)\"><\/p>\n<p>Natacha Poberaj, directora art\u00edstica del mundial de baile (Foto: Prensa Ciudad)<\/p>\n<\/div>\n<p>La nueva edici\u00f3n del <strong>Tango Buenos Aires Festival y Mundial<\/strong>, que se realizar\u00e1 entre este jueves y hasta el 26 de septiembre, presentando una grilla variada y gratuita, que incluye conciertos, homenajes, charlas, talleres y milongas al aire libre.<\/p>\n<p>El cl\u00e1sico encuentro de m\u00fasica ciudadana presentar\u00e1 m\u00e1s de <strong>100 actividades durante 10 d\u00edas<\/strong> en distintos espacios de la ciudad, incluyendo actuaciones de destacados exponentes del g\u00e9nero y <strong>la gran final en Diagonal Norte con el Obelisco de fondo<\/strong>.<\/p>\n<p><strong>Sexteto Mayor, Mar\u00eda Gra\u00f1a <\/strong>y<strong> Esteban Morgado, Mar\u00eda Nieves, Karina Beorlegui, Franco Luciani, Alfredo Piro, Orquesta T\u00edpica Sans Souci y Cucuza Castiello, Walter R\u00edos, Jos\u00e9 Col\u00e1ngelo, Mar\u00eda Garay, Miguel \u00c1ngel Zotto, Johana Copes, Claudia Levy <\/strong>y<strong> Milena Plebs, s<\/strong>on algunas de las figuras y conjuntos que integran la programaci\u00f3n este a\u00f1o.<\/p>\n<p><strong>\u201cTodas las actividades presenciales se llevar\u00e1n adelante respetando los protocolos sanitarios correspondientes, incluyendo aforos reducidos para cada espacio\u201d,<\/strong> aclara a trav\u00e9s de un comunicado el Ministerio de Cultura porte\u00f1o, a cargo de la organizaci\u00f3n de esta fiesta del tango.<\/p>\n<p>La apertura se har\u00e1 en el Auditorio de la Usina del Arte el jueves a las 19.30 -se podr\u00e1 seguir por Vivamos Cultura- con <strong>\u201cPichuqueando\u201d<\/strong>, un homenaje al <strong>An\u00edbal Troilo<\/strong>, donde se podr\u00e1 apreciar parte de su repertorio con nuevos arreglos y direcci\u00f3n orquestal de <strong>Fabi\u00e1n Bertero<\/strong>, que tocar\u00e1 su tango <strong>\u201cPichuco en el Marab\u00fa\u201d<\/strong> y el arreglo original de <strong>Ra\u00fal Garello, \u201cSelecci\u00f3n de An\u00edbal Troilo\u201d.<\/strong><\/p>\n<p>Las cuatro bandoneonistas de la orquesta, <strong>Eleonora Ferreyra, Natsuki Nishihara, Ayel\u00e9n Pais y Luc\u00eda Ram\u00edrez, tocar\u00e1n<\/strong> alternativamente con el bandone\u00f3n Doble AA 20334 que perteneci\u00f3 a Troilo; mientras que la int\u00e9rprete <strong>Sandra Luna<\/strong> (fundamental en la historia del tango y con trayectoria internacional), y <strong>Jos\u00e9 Col\u00e1ngelo<\/strong> (\u00faltimo pianista de la Orquesta), estar\u00e1n como invitados especiales. Los acompa\u00f1ar\u00e1n tambi\u00e9n los bailarines Sandra Bootz junto a <strong>Gabriel Ortega<\/strong>.<\/p>\n<p><strong>\u201cEl tango es parte fundamental de nuestra identidad nacional y tenemos el objetivo que cada vez est\u00e9 m\u00e1s presente en la vida de las personas, tanto en la de los m\u00e1s grandes como de las nuevas generaciones. Estamos muy contentos de anunciar que el tango regresa a las calles de la Ciudad a trav\u00e9s de una nueva edici\u00f3n de Tango BA Festival y Mundial 2021. Estamos comprometidos con que este patrimonio que nos dio y da Buenos Aires siga creciendo d\u00eda a d\u00eda\u201d<\/strong>, resalt\u00f3 <strong>Enrique Avogadro<\/strong>, ministro de Cultura de la ciudad de Buenos Aires, en una comunicaci\u00f3n de prensa.<\/p>\n<p>Tambi\u00e9n habr\u00e1 clases y exhibiciones de baile y distintas actividades virtuales siempre a trav\u00e9s de la web Vivamos Cultura, una de ellas celebrando los 100 a\u00f1os de Astor Piazzolla desde la ciudad de Avellino en Italia.<\/p>\n<p>El mundial de baile \u2013la competencia de tango m\u00e1s importante del mundo- comenzar\u00e1 el pr\u00f3ximo este jueves y tendr\u00e1 en la direcci\u00f3n art\u00edstica a <strong>Natacha Pobera<\/strong>j, campeona mundial de baile en el 2006.<\/p>\n<p>En sus categor\u00edas Tango de Pista y Tango Escenario, el mundial se realizar\u00e1 con inscriptos de 25 pa\u00edses (<strong>participar\u00e1n 400 parejas en total <\/strong>), con una renovada modalidad, especialmente dise\u00f1ada para el contexto sanitario actual.<\/p>\n<p>El baile ocupar\u00e1 un lugar destacado dentro de la programaci\u00f3n, con exhibiciones, clases y baile al aire libre. Se incluir\u00e1 a los ganadores de las distintas convocatorias abiertas para todo el pa\u00eds, permitiendo alcance federal en los contenidos.<\/p>\n<p>Y las clases, charlas y talleres se trasladar\u00e1n a milongas, transformando al Festival en una herramienta indispensable para el incentivo y la reactivaci\u00f3n del sector.<\/p>\n<p>Adem\u00e1s, <strong>el 21 de septiembre a las 18 en el Parque Centenario m\u00e1s de 20 artistas se reunir\u00e1n para un encuentro in\u00e9dito; se trata de un homenaje desde el tango a Diego Armando Maradona, amante del g\u00e9nero<\/strong>. All\u00ed el p\u00fablico podr\u00e1 disfrutar de un concierto que incluir\u00e1 los tangos m\u00e1s representativos, canciones escritas para el futbolista desde distintos g\u00e9neros y un tema in\u00e9dito del poeta <strong>Horacio Ferrer<\/strong>.<\/p>\n<p>Tambi\u00e9n ser\u00e1 el estreno del instrumental del tango <strong>\u201cEl Gol del Siglo en tiempo de tango\u201d<\/strong>, compuesto para la ocasi\u00f3n por el bandoneonista Gabriel Merlino.<\/p>\n<p>Actuar\u00e1n <strong>Roxana Font\u00e1n, Walter \u201cChino\u201d Laborde, Alicia Vignola, Hern\u00e1n \u201cCucuza\u201d Castiello, Ricardo Mar\u00edn y el \u201cCardenal\u201d Dom\u00ednguez, Gabriel Merlino Ensamble, Cachivache Orkesta, Hern\u00e1n Reinaudo, Pablo Covacevich, Mauro Caiazza y Marcela Vespasiano, Bruno Tombari <\/strong>y<strong> Roc\u00edo Lequio<\/strong>, entre otros.<\/p>\n<p>La grilla completa y reserva de entradas estar\u00e1n disponibles en la web Vivamos Cultura; los espect\u00e1culos presenciales requieren de reserva previa y las entradas podr\u00e1n reservarse desde 48 horas antes. <\/p>\n","protected":false},"excerpt":{"rendered":"<p>Natacha Poberaj, directora art\u00edstica del mundial de baile (Foto: Prensa Ciudad) La nueva edici\u00f3n del Tango Buenos Aires Festival y Mundial, que se realizar\u00e1 entre este jueves y hasta el 26 de septiembre, presentando una grilla variada y gratuita, que incluye conciertos, homenajes, charlas, talleres y milongas al aire libre. El cl\u00e1sico encuentro de m\u00fasica [&hellip;]<\/p>\n","protected":false},"author":1,"featured_media":18437,"comment_status":"closed","ping_status":"closed","sticky":false,"template":"","format":"standard","meta":[],"categories":[20],"tags":[],"_links":{"self":[{"href":"http:\/\/cordobadirecto.com\/index.php\/wp-json\/wp\/v2\/posts\/18436"}],"collection":[{"href":"http:\/\/cordobadirecto.com\/index.php\/wp-json\/wp\/v2\/posts"}],"about":[{"href":"http:\/\/cordobadirecto.com\/index.php\/wp-json\/wp\/v2\/types\/post"}],"author":[{"embeddable":true,"href":"http:\/\/cordobadirecto.com\/index.php\/wp-json\/wp\/v2\/users\/1"}],"replies":[{"embeddable":true,"href":"http:\/\/cordobadirecto.com\/index.php\/wp-json\/wp\/v2\/comments?post=18436"}],"version-history":[{"count":0,"href":"http:\/\/cordobadirecto.com\/index.php\/wp-json\/wp\/v2\/posts\/18436\/revisions"}],"wp:featuredmedia":[{"embeddable":true,"href":"http:\/\/cordobadirecto.com\/index.php\/wp-json\/wp\/v2\/media\/18437"}],"wp:attachment":[{"href":"http:\/\/cordobadirecto.com\/index.php\/wp-json\/wp\/v2\/media?parent=18436"}],"wp:term":[{"taxonomy":"category","embeddable":true,"href":"http:\/\/cordobadirecto.com\/index.php\/wp-json\/wp\/v2\/categories?post=18436"},{"taxonomy":"post_tag","embeddable":true,"href":"http:\/\/cordobadirecto.com\/index.php\/wp-json\/wp\/v2\/tags?post=18436"}],"curies":[{"name":"wp","href":"https:\/\/api.w.org\/{rel}","templated":true}]}}