{"id":184513,"date":"2026-01-15T20:02:20","date_gmt":"2026-01-15T20:02:20","guid":{"rendered":"https:\/\/www.ole.com.ar\/autos\/formula-1-mclaren-confirmo-plantel-pilotos-temporada-2026-lando-norris-oscar-piastri_0_nxRoKsYqCW.html"},"modified":"2026-01-15T20:02:20","modified_gmt":"2026-01-15T20:02:20","slug":"formula-1-mclaren-confirmo-su-plantel-de-pilotos-para-la-temporada-2026","status":"publish","type":"post","link":"http:\/\/cordobadirecto.com\/index.php\/2026\/01\/15\/formula-1-mclaren-confirmo-su-plantel-de-pilotos-para-la-temporada-2026\/","title":{"rendered":"F\u00f3rmula 1: McLaren confirm\u00f3 su plantel de pilotos para la temporada 2026"},"content":{"rendered":"<p><time class=\"createDate\" datetime=\"2026-01-15T17:02:20-03:00\">15\/01\/2026 17:02hs.<\/time><\/p>\n<div id=\"storyBody\">\n<div id=\"element-body-0\" class=\"sc-136cd478-0 ekTCfV\" readability=\"36.380952380952\">\n<p>Mientras los hinchas de la <strong><a href=\"https:\/\/www.ole.com.ar\/tema\/formula-1.html\" title=\"F\u00f3rmula 1\" alt=\"F\u00f3rmula 1\" class=\"slug\">F\u00f3rmula 1<\/a><\/strong> todav\u00eda esperan ver en pista a los monoplazas de la nueva generaci\u00f3n -cuyo primer test de pretemporada ser\u00e1 del 26 al 30 de enero en Barcelona-, la M\u00e1xima sigue entregando novedades fuera del asfalto. <strong>Este jueves, <a href=\"https:\/\/www.ole.com.ar\/tema\/mclaren.html\" title=\"McLaren\" alt=\"McLaren\" class=\"slug\">McLaren<\/a> anunci\u00f3 oficialmente su plantel de pilotos para la temporada 2026,<\/strong> con una clara apuesta a la continuidad y al desarrollo de talentos.<\/p>\n<\/div>\n<div id=\"element-body-1\" class=\"sc-136cd478-0 ekTCfV\" readability=\"27.145161290323\">\n<p><strong>El equipo de Woking mantendr\u00e1 a su exitosa dupla titular,<\/strong><a href=\"https:\/\/www.ole.com.ar\/autos\/lando-norris-dudas-frustracion-campeon-formula-1-abu-dhabi-repaso-exito_0_FvHCGSYpVv.html\" target=\"_self\" title=\" integrada por el campe\u00f3n del mundo Lando Norris\" alt=\" integrada por el campe\u00f3n del mundo Lando Norris\" rel=\"noopener\"> integrada por el campe\u00f3n del mundo Lando Norris<\/a> y el australiano <strong><a href=\"https:\/\/www.ole.com.ar\/tema\/oscar-piastri.html\" title=\"Oscar Piastri\" alt=\"Oscar Piastri\" class=\"slug\">Oscar Piastri<\/a>,<\/strong> quienes fueron protagonistas en la campa\u00f1a anterior que coron\u00f3 al team Papaya en lo m\u00e1s alto del Mundial.<\/p>\n<\/div>\n<div class=\"sc-e7b891c4-0 ifHnQL image-embed\" id=\"element-body-2\"><img alt=\"Lando Norris y Oscar Piastri ser\u00e1n la dupla titular de pilotos de McLaren en la temporada 2026. (REUTERS\/Jakub Porzycki)\" loading=\"lazy\" width=\"720\" height=\"100\" decoding=\"async\" data-nimg=\"1\" src=\"http:\/\/cordobadirecto.com\/wp-content\/uploads\/2026\/01\/formula-1-mclaren-confirmo-su-plantel-de-pilotos-para-la-temporada-2026.jpg\"><span class=\"epigraphe\">Lando Norris y Oscar Piastri ser\u00e1n la dupla titular de pilotos de McLaren en la temporada 2026. (REUTERS\/Jakub Porzycki)<\/span><\/div>\n<p><h2><strong>As\u00ed qued\u00f3 el plantel de pilotos de McLaren en 2026<\/strong><\/h2>\n<\/p>\n<div id=\"element-body-4\" class=\"sc-136cd478-0 ekTCfV\" readability=\"43\">\n<p>La principal novedad pasa por los pilotos de reserva. <strong>El equipo confirm\u00f3 al italiano Leonardo Fornaroli, <\/strong>flamante campe\u00f3n de F\u00f3rmula 2, <strong>y al mexicano Pato O&#8217;Ward,<\/strong> figura del programa de McLaren en la IndyCar Series. Fornaroli, incorporado en diciembre al programa de desarrollo, ser\u00e1 el piloto reserva designado durante gran parte del calendario 2026 y cumplir\u00e1 un intenso plan de pruebas y trabajo en simulador, respaldando directamente a Norris y Piastri. <strong>O\u2019Ward, en tanto, complementar\u00e1 ese rol en funci\u00f3n de sus compromisos en la IndyCar.<\/strong><\/p>\n<\/div>\n<div class=\"sc-e7b891c4-0 ifHnQL image-embed\" id=\"element-body-5\"><img alt=\"Pato O\u00b4Ward ser\u00e1 uno de los pilotos reserva de McLaren en 2026. (@patriciooward)\" loading=\"lazy\" width=\"720\" height=\"100\" decoding=\"async\" data-nimg=\"1\" src=\"http:\/\/cordobadirecto.com\/wp-content\/uploads\/2026\/01\/formula-1-mclaren-confirmo-su-plantel-de-pilotos-para-la-temporada-2026-1.jpg\"><span class=\"epigraphe\">Pato O\u00b4Ward ser\u00e1 uno de los pilotos reserva de McLaren en 2026. (@patriciooward)<\/span><\/div>\n<div id=\"element-body-6\" class=\"sc-136cd478-0 ekTCfV\" readability=\"38\">\n<p><strong>\u201cEs un paso emocionante en mi trayectoria y estoy deseando contribuir al \u00e9xito de un equipo tan laureado\u201d, expres\u00f3 Fornaroli,<\/strong> agradeciendo la confianza de la conducci\u00f3n deportiva encabezada por Zak Brown y Andrea Stella. Por su parte, O\u2019Ward remarc\u00f3 el valor de seguir sumando experiencia en autos de F1 mientras mantiene su foco principal en Norteam\u00e9rica.<\/p>\n<\/div>\n<div id=\"element-body-7\" class=\"sc-136cd478-0 ekTCfV\" readability=\"44\">\n<p><strong>Adem\u00e1s, McLaren detall\u00f3 su programa completo de desarrollo para 2026,<\/strong> que incluir\u00e1 a Christian Costoya, Matteo De Palo, Dries Van Langendonck y Richard Verschoor en distintas categor\u00edas formativas, junto a la participaci\u00f3n de Ella Lloyd y Ella Stevens en la F1 Academy. <strong>Tambi\u00e9n se destac\u00f3 el caso de Ella Hakkinen, hija del bicampe\u00f3n del mundo Mika Hakkinen, quien realizar\u00e1 pruebas en F4 con vistas a competir en 2027<\/strong>. Verschoor, en tanto, correr\u00e1 en la European Le Mans Series con el equipo Duqueine LMP2 como parte de la preparaci\u00f3n del desembarco de McLaren en los hipercoches del WEC.<\/p>\n<\/div>\n<div id=\"element-body-8\" class=\"sc-136cd478-0 ekTCfV\" readability=\"37.984375\">\n<p><strong>\u201cEl anuncio refleja la solidez de nuestro semillero de pilotos y nuestra visi\u00f3n a largo plazo\u201d, se\u00f1al\u00f3 Alessandro Alunni Bravi,<\/strong> director de Asuntos Comerciales del equipo. Con una base consolidada en la <a href=\"https:\/\/www.ole.com.ar\/tema\/formula-1.html\" title=\"F\u00f3rmula 1\" alt=\"F\u00f3rmula 1\" class=\"slug\">F\u00f3rmula 1<\/a> y una estructura de desarrollo cada vez m\u00e1s amplia, <strong>McLaren deja en claro que el proyecto 2026 no solo mira al presente, sino tambi\u00e9n al futuro de la escuder\u00eda.<\/strong><\/p>\n<\/div>\n<div id=\"element-body-9\" class=\"sc-a7166897-0 eoLsBE\" readability=\"31.5\">\n<section readability=\"3\"><picture><img alt=\"Red Bull: a qu\u00e9 hora y c\u00f3mo ver la presentaci\u00f3n de su auto para la F\u00f3rmula 1 de 2026 \" loading=\"lazy\" width=\"290\" height=\"290\" decoding=\"async\" data-nimg=\"1\" src=\"http:\/\/cordobadirecto.com\/wp-content\/uploads\/2026\/01\/formula-1-mclaren-confirmo-su-plantel-de-pilotos-para-la-temporada-2026-2.jpg\"><\/picture>\n<p><span>Mir\u00e1 tambi\u00e9n<\/span><\/p>\n<hr>\n<h3>Red Bull: a qu\u00e9 hora y c\u00f3mo ver la presentaci\u00f3n de su auto para la F\u00f3rmula 1 de 2026 <\/h3>\n<\/p>\n<\/section>\n<\/div>\n<div id=\"element-body-10\" class=\"sc-a7166897-0 eoLsBE\" readability=\"32\">\n<section readability=\"4\"><picture><img alt=\"Competencia para Franco Colapinto: tras la salida de Doohan, Alpine contrat\u00f3 a un piloto que ya sorprendi\u00f3 en la F\u00f3rmula 1\" loading=\"lazy\" width=\"290\" height=\"290\" decoding=\"async\" data-nimg=\"1\" src=\"http:\/\/cordobadirecto.com\/wp-content\/uploads\/2026\/01\/formula-1-mclaren-confirmo-su-plantel-de-pilotos-para-la-temporada-2026-3.jpg\"><\/picture>\n<p><span>Mir\u00e1 tambi\u00e9n<\/span><\/p>\n<hr>\n<h3>Competencia para Franco Colapinto: tras la salida de Doohan, Alpine contrat\u00f3 a un piloto que ya sorprendi\u00f3 en la F\u00f3rmula 1<\/h3>\n<\/p>\n<\/section>\n<\/div>\n<div id=\"element-body-11\" class=\"sc-a7166897-0 eoLsBE\" readability=\"31.5\">\n<section readability=\"3\"><picture><img alt=\"Franco Colapinto volvi\u00f3 a la actividad en la sede de Alpine e inici\u00f3 su preparaci\u00f3n para los test de la F\u00f3rmula 1\" loading=\"lazy\" width=\"290\" height=\"290\" decoding=\"async\" data-nimg=\"1\" src=\"http:\/\/cordobadirecto.com\/wp-content\/uploads\/2026\/01\/formula-1-mclaren-confirmo-su-plantel-de-pilotos-para-la-temporada-2026-4.jpg\"><\/picture>\n<p><span>Mir\u00e1 tambi\u00e9n<\/span><\/p>\n<hr>\n<h3>Franco Colapinto volvi\u00f3 a la actividad en la sede de Alpine e inici\u00f3 su preparaci\u00f3n para los test de la F\u00f3rmula 1<\/h3>\n<\/p>\n<\/section>\n<\/div>\n<\/div>\n","protected":false},"excerpt":{"rendered":"<p>15\/01\/2026 17:02hs. Mientras los hinchas de la F\u00f3rmula 1 todav\u00eda esperan ver en pista a los monoplazas de la nueva generaci\u00f3n -cuyo primer test de pretemporada ser\u00e1 del 26 al 30 de enero en Barcelona-, la M\u00e1xima sigue entregando novedades fuera del asfalto. Este jueves, McLaren anunci\u00f3 oficialmente su plantel de pilotos para la temporada [&hellip;]<\/p>\n","protected":false},"author":1,"featured_media":184514,"comment_status":"closed","ping_status":"closed","sticky":false,"template":"","format":"standard","meta":[],"categories":[21],"tags":[],"_links":{"self":[{"href":"http:\/\/cordobadirecto.com\/index.php\/wp-json\/wp\/v2\/posts\/184513"}],"collection":[{"href":"http:\/\/cordobadirecto.com\/index.php\/wp-json\/wp\/v2\/posts"}],"about":[{"href":"http:\/\/cordobadirecto.com\/index.php\/wp-json\/wp\/v2\/types\/post"}],"author":[{"embeddable":true,"href":"http:\/\/cordobadirecto.com\/index.php\/wp-json\/wp\/v2\/users\/1"}],"replies":[{"embeddable":true,"href":"http:\/\/cordobadirecto.com\/index.php\/wp-json\/wp\/v2\/comments?post=184513"}],"version-history":[{"count":0,"href":"http:\/\/cordobadirecto.com\/index.php\/wp-json\/wp\/v2\/posts\/184513\/revisions"}],"wp:featuredmedia":[{"embeddable":true,"href":"http:\/\/cordobadirecto.com\/index.php\/wp-json\/wp\/v2\/media\/184514"}],"wp:attachment":[{"href":"http:\/\/cordobadirecto.com\/index.php\/wp-json\/wp\/v2\/media?parent=184513"}],"wp:term":[{"taxonomy":"category","embeddable":true,"href":"http:\/\/cordobadirecto.com\/index.php\/wp-json\/wp\/v2\/categories?post=184513"},{"taxonomy":"post_tag","embeddable":true,"href":"http:\/\/cordobadirecto.com\/index.php\/wp-json\/wp\/v2\/tags?post=184513"}],"curies":[{"name":"wp","href":"https:\/\/api.w.org\/{rel}","templated":true}]}}