{"id":184517,"date":"2026-01-15T20:53:25","date_gmt":"2026-01-15T20:53:25","guid":{"rendered":"https:\/\/www.ole.com.ar\/futbol-ascenso\/ferro-gonzalo-castellani-ascenso-primera-nacional_0_HrfniiYqku.html"},"modified":"2026-01-15T20:53:25","modified_gmt":"2026-01-15T20:53:25","slug":"insolito-el-ex-boca-que-se-fue-de-ferro-y-volvera-despues-de-ocho-meses","status":"publish","type":"post","link":"http:\/\/cordobadirecto.com\/index.php\/2026\/01\/15\/insolito-el-ex-boca-que-se-fue-de-ferro-y-volvera-despues-de-ocho-meses\/","title":{"rendered":"Ins\u00f3lito: el ex Boca que se fue de Ferro y volver\u00e1 despu\u00e9s de ocho meses"},"content":{"rendered":"<p><time class=\"createDate\" datetime=\"2026-01-14T19:24:16-03:00\">14\/01\/2026 19:24hs.<\/time><\/p>\n<div id=\"storyBody\">\n<div id=\"element-body-0\" class=\"sc-136cd478-0 ekTCfV\" readability=\"34.62829736211\">\n<p><strong>La historia que parec\u00eda terminada vuelve a abrirse en Caballito. <a href=\"https:\/\/www.ole.com.ar\/tema\/gonzalo-castellani.html\" title=\"Gonzalo Castellani\" alt=\"Gonzalo Castellani\" class=\"slug\">Gonzalo Castellani<\/a><\/strong>, a ocho meses de su abrupta salida de <a href=\"https:\/\/www.ole.com.ar\/tema\/ferro.html\" title=\"Ferro\" alt=\"Ferro\" class=\"slug\">Ferro<\/a>, <strong>volver\u00e1 al club que lo form\u00f3<\/strong> y en el que vivi\u00f3 uno de los cap\u00edtulos m\u00e1s tensos de su carrera reciente. La dirigencia fue informada y junto con <a href=\"https:\/\/www.ole.com.ar\/tema\/sergio-rondina.html\" title=\"Sergio Rondina\" alt=\"Sergio Rondina\" class=\"slug\">Sergio Rondina<\/a> dieron el visto bueno para la contrataci\u00f3n del mediocampista, que este jueves firmar\u00eda su nuevo contrato con el Verdolaga.<\/p>\n<\/div>\n<p><h2>Una novela que parec\u00eda cerrada<\/h2>\n<\/p>\n<div id=\"element-body-2\" class=\"sc-136cd478-0 ekTCfV\" readability=\"39.040767386091\">\n<p><strong>A principios de 2025, <a href=\"https:\/\/www.ole.com.ar\/tema\/gonzalo-castellani.html\" title=\"Gonzalo Castellani\" alt=\"Gonzalo Castellani\" class=\"slug\">Castellani<\/a> hab\u00eda sido presentado como refuerzo estrella<\/strong>, en un movimiento que despert\u00f3 una ilusi\u00f3n generalizada en el hincha del Verde. Sin embargo, apenas <strong>cinco meses despu\u00e9s<\/strong>, el club comunic\u00f3 oficialmente el inicio de <strong>negociaciones para rescindir su contrato<\/strong>. La decisi\u00f3n sorprendi\u00f3 por lo repentino y por el rol que ocupaba el mediocampista: <strong> capit\u00e1n, referente y s\u00edmbolo del plantel<\/strong>.<\/p>\n<\/div>\n<div class=\"sc-e7b891c4-0 ifHnQL image-embed\" id=\"element-body-3\"><img alt=\"Castellani dur\u00f3 pocos meses en su vuelta. (Foto: Prensa Ferro)\" loading=\"lazy\" width=\"720\" height=\"100\" decoding=\"async\" data-nimg=\"1\" src=\"http:\/\/cordobadirecto.com\/wp-content\/uploads\/2026\/01\/insolito-el-ex-boca-que-se-fue-de-ferro-y-volvera-despues-de-ocho-meses.jpg\"><span class=\"epigraphe\">Castellani dur\u00f3 pocos meses en su vuelta. (Foto: Prensa Ferro)<\/span><\/div>\n<div id=\"element-body-4\" class=\"sc-136cd478-0 ekTCfV\" readability=\"34\">\n<p>La instituci\u00f3n argument\u00f3 que <strong>la medida se enmarcaba dentro de una reestructuraci\u00f3n deportiva<\/strong>. Pero puertas adentro, el clima ya estaba caldeado.<\/p>\n<\/div>\n<p><h2>Los cortocircuitos con Grelak<\/h2>\n<\/p>\n<div id=\"element-body-6\" class=\"sc-136cd478-0 ekTCfV\" readability=\"34.306209850107\">\n<p>De acuerdo a versiones internas, <strong>la convivencia entre <a href=\"https:\/\/www.ole.com.ar\/tema\/gonzalo-castellani.html\" title=\"Gonzalo Castellani\" alt=\"Gonzalo Castellani\" class=\"slug\">Castellani<\/a> y el cuerpo t\u00e9cnico encabezado por <a href=\"https:\/\/www.ole.com.ar\/tema\/alfredo-grelak.html\" title=\"Alfredo Grelak\" alt=\"Alfredo Grelak\" class=\"slug\">Alfredo Grelak<\/a> se hab\u00eda vuelto insostenible<\/strong>. Diferencias t\u00e1cticas, discusiones y una relaci\u00f3n cada vez m\u00e1s tensa terminaron por dinamitar el v\u00ednculo. <strong>El punto de quiebre ocurri\u00f3 en la derrota ante San Miguel<\/strong>: <strong><a href=\"https:\/\/www.ole.com.ar\/tema\/gonzalo-castellani.html\" title=\"Gonzalo Castellani\" alt=\"Gonzalo Castellani\" class=\"slug\">Castellani<\/a> sali\u00f3 a los 21 del ST y<\/strong> <strong>le neg\u00f3 el saludo al DT<\/strong>. Ese gesto fue interpretado como una falta de respeto y aceler\u00f3 la decisi\u00f3n dirigencial.<\/p>\n<\/div>\n<div class=\"sc-e7b891c4-0 ifHnQL image-embed\" id=\"element-body-7\"><img alt=\"Alfredo Grelak ex DT de Ferro (Foto: Prensa Ferro)\" loading=\"lazy\" width=\"720\" height=\"100\" decoding=\"async\" data-nimg=\"1\" src=\"http:\/\/cordobadirecto.com\/wp-content\/uploads\/2026\/01\/insolito-el-ex-boca-que-se-fue-de-ferro-y-volvera-despues-de-ocho-meses-1.jpg\"><span class=\"epigraphe\">Alfredo Grelak ex DT de Ferro (Foto: Prensa Ferro)<\/span><\/div>\n<p><h2>El deseo de volver<\/h2>\n<\/p>\n<div id=\"element-body-9\" class=\"sc-136cd478-0 ekTCfV\" readability=\"36.412776412776\">\n<p>Ahora, unos meses m\u00e1s tarde, la historia suma un cap\u00edtulo inesperado. <strong><a href=\"https:\/\/www.ole.com.ar\/tema\/gonzalo-castellani.html\" title=\"Gonzalo Castellani\" alt=\"Gonzalo Castellani\" class=\"slug\">Castellani<\/a> aceler\u00f3 gestiones por sus propios medios y volver\u00e1 a cruzar su camino con Ferro<\/strong>. Busca revancha deportiva y cerrar el ciclo que termin\u00f3 lleno de tensi\u00f3n. <strong><a href=\"https:\/\/www.ole.com.ar\/tema\/sergio-rondina.html\" title=\"Sergio Rondina\" alt=\"Sergio Rondina\" class=\"slug\">Rondina<\/a> dio el visto bueno <\/strong>convencido de que puede aportarle jerarqu\u00eda, salida limpia y experiencia en una categor\u00eda dur\u00edsima para revertir el rendimiento de 2025.<\/p>\n<\/div>\n<p><h2>Hasta ahora el mercado de Ferro<\/h2>\n<\/p>\n<div id=\"element-body-11\" class=\"sc-136cd478-0 ekTCfV\" readability=\"45\">\n<p><strong>ALTAS<\/strong>: Gustavo Canto, Emanuel Dening, Mateo Acosta, Emiliano Ozuna, Fernando Torrent, Sebasti\u00e1n Corda, Mat\u00edas Kabalin, Federico T\u00e9vez, Juan Orellana, Enzo Hoyos, Angel Gonz\u00e1lez, Jonathan Men\u00e9ndez y Gonzalo Castellani.<\/p>\n<\/div>\n<div id=\"element-body-12\" class=\"sc-136cd478-0 ekTCfV\" readability=\"49\">\n<p><strong>BAJAS<\/strong>: Sergio Quiroga, Gabriel Ram\u00edrez, Franco Meritello, Juli\u00e1n Cosi, Rodrigo Ayala, Mateo Monserrat, Diego Diellos, Ger\u00f3nimo Tomasetti, Agust\u00edn Alonso, Mart\u00edn Vallejos, Alan Lorenzo, Patricio Boolsen, Facundo Rivero, Rafael Ferrario, L\u00e1zaro Romero, Pablo Palacio y Leonel Szalich.<\/p>\n<\/div>\n<div id=\"element-body-13\" class=\"sc-a7166897-0 eoLsBE\" readability=\"31.5\">\n<section readability=\"3\"><picture><img alt=\"\u00bfC\u00f3mo sigue Mauricio Nievas, el arquero de Deportivo Madryn que sufri\u00f3 un paro?\" loading=\"lazy\" width=\"290\" height=\"290\" decoding=\"async\" data-nimg=\"1\" src=\"http:\/\/cordobadirecto.com\/wp-content\/uploads\/2026\/01\/insolito-el-ex-boca-que-se-fue-de-ferro-y-volvera-despues-de-ocho-meses-2.jpg\"><\/picture>\n<p><span>Mir\u00e1 tambi\u00e9n<\/span><\/p>\n<hr>\n<h3>\u00bfC\u00f3mo sigue Mauricio Nievas, el arquero de Deportivo Madryn que sufri\u00f3 un paro?<\/h3>\n<\/p>\n<\/section>\n<\/div>\n<div id=\"element-body-14\" class=\"sc-a7166897-0 eoLsBE\" readability=\"31\">\n<section readability=\"2\"><picture><img alt=\"El hijo de Batistuta asumir\u00e1 como t\u00e9cnico en el Federal A \" loading=\"lazy\" width=\"290\" height=\"290\" decoding=\"async\" data-nimg=\"1\" src=\"http:\/\/cordobadirecto.com\/wp-content\/uploads\/2026\/01\/insolito-el-ex-boca-que-se-fue-de-ferro-y-volvera-despues-de-ocho-meses-3.jpg\"><\/picture>\n<p><span>Mir\u00e1 tambi\u00e9n<\/span><\/p>\n<hr>\n<h3>El hijo de Batistuta asumir\u00e1 como t\u00e9cnico en el Federal A<br \/>\n<\/h3>\n<\/p>\n<\/section>\n<\/div>\n<div id=\"element-body-15\" class=\"sc-a7166897-0 eoLsBE\" readability=\"31.5\">\n<section readability=\"3\"><picture><img alt=\"Bomba en el Ascenso: el jugador que qued\u00f3 libre de San Lorenzo y jugar\u00e1 en la Primera C\" loading=\"lazy\" width=\"290\" height=\"290\" decoding=\"async\" data-nimg=\"1\" src=\"http:\/\/cordobadirecto.com\/wp-content\/uploads\/2026\/01\/insolito-el-ex-boca-que-se-fue-de-ferro-y-volvera-despues-de-ocho-meses-4.jpg\"><\/picture>\n<p><span>Mir\u00e1 tambi\u00e9n<\/span><\/p>\n<hr>\n<h3>Bomba en el Ascenso: el jugador que qued\u00f3 libre de San Lorenzo y jugar\u00e1 en la Primera C<\/h3>\n<\/p>\n<\/section>\n<\/div>\n<\/div>\n","protected":false},"excerpt":{"rendered":"<p>14\/01\/2026 19:24hs. La historia que parec\u00eda terminada vuelve a abrirse en Caballito. Gonzalo Castellani, a ocho meses de su abrupta salida de Ferro, volver\u00e1 al club que lo form\u00f3 y en el que vivi\u00f3 uno de los cap\u00edtulos m\u00e1s tensos de su carrera reciente. La dirigencia fue informada y junto con Sergio Rondina dieron el [&hellip;]<\/p>\n","protected":false},"author":1,"featured_media":184518,"comment_status":"closed","ping_status":"closed","sticky":false,"template":"","format":"standard","meta":[],"categories":[21],"tags":[],"_links":{"self":[{"href":"http:\/\/cordobadirecto.com\/index.php\/wp-json\/wp\/v2\/posts\/184517"}],"collection":[{"href":"http:\/\/cordobadirecto.com\/index.php\/wp-json\/wp\/v2\/posts"}],"about":[{"href":"http:\/\/cordobadirecto.com\/index.php\/wp-json\/wp\/v2\/types\/post"}],"author":[{"embeddable":true,"href":"http:\/\/cordobadirecto.com\/index.php\/wp-json\/wp\/v2\/users\/1"}],"replies":[{"embeddable":true,"href":"http:\/\/cordobadirecto.com\/index.php\/wp-json\/wp\/v2\/comments?post=184517"}],"version-history":[{"count":0,"href":"http:\/\/cordobadirecto.com\/index.php\/wp-json\/wp\/v2\/posts\/184517\/revisions"}],"wp:featuredmedia":[{"embeddable":true,"href":"http:\/\/cordobadirecto.com\/index.php\/wp-json\/wp\/v2\/media\/184518"}],"wp:attachment":[{"href":"http:\/\/cordobadirecto.com\/index.php\/wp-json\/wp\/v2\/media?parent=184517"}],"wp:term":[{"taxonomy":"category","embeddable":true,"href":"http:\/\/cordobadirecto.com\/index.php\/wp-json\/wp\/v2\/categories?post=184517"},{"taxonomy":"post_tag","embeddable":true,"href":"http:\/\/cordobadirecto.com\/index.php\/wp-json\/wp\/v2\/tags?post=184517"}],"curies":[{"name":"wp","href":"https:\/\/api.w.org\/{rel}","templated":true}]}}