{"id":184575,"date":"2026-01-16T18:30:40","date_gmt":"2026-01-16T18:30:40","guid":{"rendered":"https:\/\/www.ole.com.ar\/autos\/max-verstappen-formula-1-red-bull-isack-hadjar-racing-bulls-presentacion-auto-monoplaza-ford_0_GkgyjTK0yY.html"},"modified":"2026-01-16T18:30:40","modified_gmt":"2026-01-16T18:30:40","slug":"red-bull-presento-su-auto-2026-y-max-verstappen-lo-aprobo-es-mucho-mejor","status":"publish","type":"post","link":"http:\/\/cordobadirecto.com\/index.php\/2026\/01\/16\/red-bull-presento-su-auto-2026-y-max-verstappen-lo-aprobo-es-mucho-mejor\/","title":{"rendered":"Red Bull present\u00f3 su auto 2026 y Max Verstappen lo aprob\u00f3: \u201cEs mucho mejor\u201d"},"content":{"rendered":"<p><time class=\"createDate\" datetime=\"2026-01-16T15:30:40-03:00\">16\/01\/2026 15:30hs.<\/time><\/p>\n<div id=\"storyBody\">\n<div id=\"element-body-0\" class=\"sc-136cd478-0 ekTCfV\" readability=\"37.272727272727\">\n<p><strong><a href=\"https:\/\/www.ole.com.ar\/tema\/red-bull.html\" title=\"Red Bull\" alt=\"Red Bull\" class=\"slug\">Red Bull<\/a><\/strong> <strong>y<\/strong> <strong>Racing Bulls<\/strong> pusieron primera rumbo a 2026 y <strong>presentaron oficialmente los dise\u00f1os de sus monoplazas en un evento realizado en Detroit, Estados Unidos, junto a <a href=\"https:\/\/www.ole.com.ar\/tema\/ford.html\" title=\"Ford\" alt=\"Ford\" class=\"slug\">Ford<\/a>.<\/strong> All\u00ed se revelaron los colores de los autos que conducir\u00e1n la pr\u00f3xima temporada <strong><a href=\"https:\/\/www.ole.com.ar\/tema\/max-verstappen.html\" title=\"Max Verstappen\" alt=\"Max Verstappen\" class=\"slug\">Max Verstappen<\/a><\/strong> e Isack Hadjar, <strong>con el aval inmediato del neerland\u00e9s, que aprob\u00f3 la nueva imagen del equipo.<\/strong> Con este anuncio, ambas escuder\u00edas se convirtieron en las primeras de la <strong><a href=\"https:\/\/www.ole.com.ar\/tema\/formula-1.html\" title=\"F\u00f3rmula 1\" alt=\"F\u00f3rmula 1\" class=\"slug\">F\u00f3rmula 1<\/a><\/strong> en mostrar de manera oficial sus decoraciones para el pr\u00f3ximo reglamento.<\/p>\n<\/div>\n<div id=\"element-body-1\" class=\"sc-136cd478-0 ekTCfV\" readability=\"41\">\n<p>Tras once temporadas con el caracter\u00edstico azul oscuro y mate, <strong>el RB22 lucir\u00e1 un azul m\u00e1s claro y brillante.<\/strong> El auto exhibido en Detroit fue un show car destinado exclusivamente a presentar la decoraci\u00f3n, ya que no se trata del chasis que se utilizar\u00e1 en competencia. <strong> El nuevo tono remite al del RB6 de la temporada 2010, <\/strong>el monoplaza con el que Red Bull logr\u00f3 su primer t\u00edtulo de la mano de Sebastian Vettel. En 2014, con el RB10, aparecieron tintes m\u00e1s violetas, hasta que a partir de 2015 el color volvi\u00f3 a oscurecerse.<\/p>\n<\/div>\n<div class=\"sc-e7b891c4-0 ifHnQL image-embed\" id=\"element-body-2\"><img alt=\"El nuevo dise\u00f1o de Red Bull Cr\u00e9ditos: X @redbullracing\" loading=\"lazy\" width=\"720\" height=\"100\" decoding=\"async\" data-nimg=\"1\" src=\"http:\/\/cordobadirecto.com\/wp-content\/uploads\/2026\/01\/red-bull-presento-su-auto-2026-y-max-verstappen-lo-aprobo-es-mucho-mejor.jpg\"><span class=\"epigraphe\">El nuevo dise\u00f1o de Red Bull Cr\u00e9ditos: X @redbullracing<\/span><\/div>\n<div id=\"element-body-3\" class=\"sc-136cd478-0 ekTCfV\" readability=\"40\">\n<p><strong>En los laterales del auto se destaca de manera visible el logo de Ford, nuevo socio en la motorizaci\u00f3n a trav\u00e9s del proyecto Red Bull Ford Powertrains.<\/strong> Incluso el azul del pont\u00f3n guarda similitud con el del \u00d3valo, una gama crom\u00e1tica que tambi\u00e9n se traslad\u00f3 a la indumentaria del equipo. <strong>El dise\u00f1o recupera adem\u00e1s el contorno blanco del logo de Red Bull, ausente desde 2015,<\/strong> y le da mayor protagonismo a Ford Racing en la tapa del motor, reforzando una alianza que va m\u00e1s all\u00e1 de lo comercial.<\/p>\n<\/div>\n<div id=\"element-body-4\" class=\"sc-136cd478-0 ekTCfV\" readability=\"43\">\n<p>El cambio central llegar\u00e1 con la unidad de potencia, desarrollada en conjunto con Ford, <strong> que marca el regreso del fabricante estadounidense a la F\u00f3rmula 1 tras 22 a\u00f1os de ausencia. <\/strong>\u201cHab\u00eda estado pidiendo por esto por un tiempo. <strong>Me gusta lo brillante, me gusta el azul, es mi color favorito.<\/strong> Me gusta el delineado en el logo de Red Bull, que volvi\u00f3, es m\u00e1s fresco. S\u00ed, me gusta\u201d <strong>, expres\u00f3 Verstappen al referirse a los cambios est\u00e9ticos del monoplaza.<\/strong><\/p>\n<\/div>\n<div class=\"sc-e7b891c4-0 ifHnQL image-embed\" id=\"element-body-5\"><img alt=\"El espectacular dise\u00f1o de Red Bull para el 2026.\nCr\u00e9ditos: X @redbullracing\" loading=\"lazy\" width=\"720\" height=\"100\" decoding=\"async\" data-nimg=\"1\" src=\"http:\/\/cordobadirecto.com\/wp-content\/uploads\/2026\/01\/red-bull-presento-su-auto-2026-y-max-verstappen-lo-aprobo-es-mucho-mejor-1.jpg\"><span class=\"epigraphe\">El espectacular dise\u00f1o de Red Bull para el 2026.<br \/>\nCr\u00e9ditos: X @redbullracing<\/span><\/div>\n<p><h2><strong>El estreno del nuevo auto<\/strong><\/h2>\n<\/p>\n<div id=\"element-body-7\" class=\"sc-136cd478-0 ekTCfV\" readability=\"40\">\n<p>M\u00e1s all\u00e1 del dise\u00f1o, el foco de los pilotos estar\u00e1 puesto en la puesta en pista. <strong> La primera salida se realizar\u00e1 en los test privados de pretemporada en Barcelona, del 26 al 30 de enero. <\/strong>Luego habr\u00e1 dos tandas m\u00e1s en Bahrein, del 11 al 13 y del 18 al 20 de febrero, antes del debut oficial en el Gran Premio de Australia, el 6 de marzo.<\/p>\n<\/div>\n<div id=\"element-body-8\" class=\"sc-136cd478-0 ekTCfV\" readability=\"37\">\n<p>El cuatro veces campe\u00f3n del mundo tambi\u00e9n se refiri\u00f3 al desaf\u00edo que plantea el nuevo ciclo. <strong>\u201cNo sabemos qu\u00e9 va a pasar en la temporada. Es un gran cambio: el motor, el auto y las dimensiones.<\/strong> Las primeras sensaciones nos van a llevar tiempo; por eso las pruebas ser\u00e1n tan importantes para optimizar todo lo posible\u201d, explic\u00f3.<\/p>\n<\/div>\n<div class=\"custom-embedhtml\" id=\"element-body-9\" readability=\"18.119718309859\">\n<blockquote class=\"twitter-tweet\" readability=\"2.9225352112676\">\n<p lang=\"en\" dir=\"ltr\">Our 2026 livery \ud83d\udc49 Approved \ud83d\udc4d<a href=\"https:\/\/twitter.com\/hashtag\/F1?src=hash&amp;ref_src=twsrc%5Etfw\">#F1<\/a> || <a href=\"https:\/\/twitter.com\/hashtag\/RedBullRacing?src=hash&amp;ref_src=twsrc%5Etfw\">#RedBullRacing<\/a> <a href=\"https:\/\/t.co\/Y68kRRdD47\">pic.twitter.com\/Y68kRRdD47<\/a><\/p>\n<p>\u2014 Oracle Red Bull Racing (@redbullracing) <a href=\"https:\/\/twitter.com\/redbullracing\/status\/2012027158580068547?ref_src=twsrc%5Etfw\">January 16, 2026<\/a><\/p><\/blockquote><\/div>\n<div id=\"element-body-10\" class=\"sc-136cd478-0 ekTCfV\" readability=\"38\">\n<p>La temporada 2026 marcar\u00e1 una nueva era para la escuder\u00eda con el estreno de Red Bull Ford Powertrains. <strong>Ser\u00e1 el inicio de una sociedad hist\u00f3rica, ya que Red Bull fabricar\u00e1 por primera vez su propio motor junto a Ford, en sinton\u00eda con el nuevo reglamento t\u00e9cnico. <\/strong>En la F\u00f3rmula 1 que viene, la unidad de potencia y sus componentes h\u00edbridos volver\u00e1n a tener un rol protag\u00f3nico por encima de la aerodin\u00e1mica.<\/p>\n<\/div>\n<p><h2><strong>Racing Bulls present\u00f3 su dise\u00f1o para la temporada 2026<\/strong><\/h2>\n<\/p>\n<div id=\"element-body-12\" class=\"sc-136cd478-0 ekTCfV\" readability=\"40\">\n<p>Aunque los ojos del mundo disparan a Red Bull, la escuder\u00eda hermana, <strong> Racing Bull, present\u00f3 su nuevo dise\u00f1o del monoplaza bastante parecido al del 2025. <\/strong>Los pilotos de la escuder\u00eda, Liam Lawson y Arvid Lindblad, estuvieron presentes en el evento que se llev\u00f3 a cabo junto Red Bull en la sede de Ford.<\/p>\n<\/div>\n<div class=\"sc-e7b891c4-0 ifHnQL image-embed\" id=\"element-body-13\"><img alt=\"Los autos de Liam Lawson y Arvid Lindblad.\nCr\u00e9ditos: X @visacashapprb\" loading=\"lazy\" width=\"720\" height=\"100\" decoding=\"async\" data-nimg=\"1\" src=\"http:\/\/cordobadirecto.com\/wp-content\/uploads\/2026\/01\/red-bull-presento-su-auto-2026-y-max-verstappen-lo-aprobo-es-mucho-mejor-2.jpg\"><span class=\"epigraphe\">Los autos de Liam Lawson y Arvid Lindblad.<br \/>\nCr\u00e9ditos: X @visacashapprb<\/span><\/div>\n<div class=\"sc-e7b891c4-0 ifHnQL image-embed\" id=\"element-body-14\"><img alt=\"Los nuevos monoplazas de Racing Bulls\nCr\u00e9ditos: X @visacashapprb\" loading=\"lazy\" width=\"720\" height=\"100\" decoding=\"async\" data-nimg=\"1\" src=\"http:\/\/cordobadirecto.com\/wp-content\/uploads\/2026\/01\/red-bull-presento-su-auto-2026-y-max-verstappen-lo-aprobo-es-mucho-mejor-3.jpg\"><span class=\"epigraphe\">Los nuevos monoplazas de Racing Bulls<br \/>\nCr\u00e9ditos: X @visacashapprb<\/span><\/div>\n<p><h2><strong>La presentaci\u00f3n del dise\u00f1o de Red Bull<\/strong><\/h2>\n<\/p>\n<div id=\"element-body-16\" class=\"sc-3c5a76cc-1 idjLTd\" readability=\"31\">\n<div class=\"sc-e8b2828-0 fBmEJc\" type=\"embed\">\n<div class=\"sc-e8b2828-1 iPLbWT videoText\" id=\"contentTitleembedMVeyp2iN\" type=\"embed\"><svg fill=\"#ffffff\"><symbol id=\"play\" viewBox=\"0 0 512 512\"><path d=\"M512 256C512 397.4 397.4 512 256 512C114.6 512 0 397.4 0 256C0 114.6 114.6 0 256 0C397.4 0 512 114.6 512 256zM176 168V344C176 352.7 180.7 360.7 188.3 364.9C195.8 369.2 205.1 369 212.5 364.5L356.5 276.5C363.6 272.1 368 264.4 368 256C368 247.6 363.6 239.9 356.5 235.5L212.5 147.5C205.1 142.1 195.8 142.8 188.3 147.1C180.7 151.3 176 159.3 176 168V168z\" \/><\/symbol><use xlink:href=\"#play\" \/><\/svg><\/p>\n<div class=\"right\">\n<p>Max Verstappen<!-- --> &#8211; <span>&nbsp;<\/span><\/p>\n<h2 class=\"title-vid\">La presentaci\u00f3n del nuevo dise\u00f1o de Red Bull 2026<\/h2>\n<\/div>\n<\/div>\n<p><span class=\"back\" id=\"spanBackembedMVeyp2iN\"><\/span><\/div>\n<div class=\"JWvideoNota_title\" readability=\"7\">\n<p>Max Verstappen e Isack Hadjar conocieron el nuevo monoplaza. Cr\u00e9ditos: X @redbullracing<\/p>\n<\/div>\n<\/div>\n<div id=\"element-body-17\" class=\"sc-a7166897-0 eoLsBE\" readability=\"31\">\n<section readability=\"2\"><picture><img alt=\"Video: el primer mensaje de Franco Colapinto tras su vuelta al trabajo con Alpine \" loading=\"lazy\" width=\"290\" height=\"290\" decoding=\"async\" data-nimg=\"1\" src=\"http:\/\/cordobadirecto.com\/wp-content\/uploads\/2026\/01\/red-bull-presento-su-auto-2026-y-max-verstappen-lo-aprobo-es-mucho-mejor-4.jpg\"><\/picture>\n<p><span>Mir\u00e1 tambi\u00e9n<\/span><\/p>\n<hr>\n<h3>Video: el primer mensaje de Franco Colapinto tras su vuelta al trabajo con Alpine<br \/>\n<\/h3>\n<\/p>\n<\/section>\n<\/div>\n<div id=\"element-body-18\" class=\"sc-a7166897-0 eoLsBE\" readability=\"31.5\">\n<section readability=\"3\"><picture><img alt=\"Franco Colapinto volvi\u00f3 a la actividad en la sede de Alpine e inici\u00f3 su preparaci\u00f3n para los test de la F\u00f3rmula 1\" loading=\"lazy\" width=\"290\" height=\"290\" decoding=\"async\" data-nimg=\"1\" src=\"http:\/\/cordobadirecto.com\/wp-content\/uploads\/2026\/01\/red-bull-presento-su-auto-2026-y-max-verstappen-lo-aprobo-es-mucho-mejor-5.jpg\"><\/picture>\n<p><span>Mir\u00e1 tambi\u00e9n<\/span><\/p>\n<hr>\n<h3>Franco Colapinto volvi\u00f3 a la actividad en la sede de Alpine e inici\u00f3 su preparaci\u00f3n para los test de la F\u00f3rmula 1<\/h3>\n<\/p>\n<\/section>\n<\/div>\n<div id=\"element-body-19\" class=\"sc-a7166897-0 eoLsBE\" readability=\"32\">\n<section readability=\"4\"><picture><img alt=\"Dakar estrat\u00e9gico: Brabec desaceler\u00f3 para quedar segundo y dejar l\u00edder a Benavides, su rival por el t\u00edtulo... \u00bfpor qu\u00e9?\" loading=\"lazy\" width=\"290\" height=\"290\" decoding=\"async\" data-nimg=\"1\" src=\"http:\/\/cordobadirecto.com\/wp-content\/uploads\/2026\/01\/red-bull-presento-su-auto-2026-y-max-verstappen-lo-aprobo-es-mucho-mejor-6.jpg\"><\/picture>\n<p><span>Mir\u00e1 tambi\u00e9n<\/span><\/p>\n<hr>\n<h3>Dakar estrat\u00e9gico: Brabec desaceler\u00f3 para quedar segundo y dejar l\u00edder a Benavides, su rival por el t\u00edtulo&#8230; \u00bfpor qu\u00e9?<\/h3>\n<\/p>\n<\/section>\n<\/div>\n<\/div>\n","protected":false},"excerpt":{"rendered":"<p>16\/01\/2026 15:30hs. Red Bull y Racing Bulls pusieron primera rumbo a 2026 y presentaron oficialmente los dise\u00f1os de sus monoplazas en un evento realizado en Detroit, Estados Unidos, junto a Ford. All\u00ed se revelaron los colores de los autos que conducir\u00e1n la pr\u00f3xima temporada Max Verstappen e Isack Hadjar, con el aval inmediato del neerland\u00e9s, [&hellip;]<\/p>\n","protected":false},"author":1,"featured_media":184576,"comment_status":"closed","ping_status":"closed","sticky":false,"template":"","format":"standard","meta":[],"categories":[21],"tags":[],"_links":{"self":[{"href":"http:\/\/cordobadirecto.com\/index.php\/wp-json\/wp\/v2\/posts\/184575"}],"collection":[{"href":"http:\/\/cordobadirecto.com\/index.php\/wp-json\/wp\/v2\/posts"}],"about":[{"href":"http:\/\/cordobadirecto.com\/index.php\/wp-json\/wp\/v2\/types\/post"}],"author":[{"embeddable":true,"href":"http:\/\/cordobadirecto.com\/index.php\/wp-json\/wp\/v2\/users\/1"}],"replies":[{"embeddable":true,"href":"http:\/\/cordobadirecto.com\/index.php\/wp-json\/wp\/v2\/comments?post=184575"}],"version-history":[{"count":0,"href":"http:\/\/cordobadirecto.com\/index.php\/wp-json\/wp\/v2\/posts\/184575\/revisions"}],"wp:featuredmedia":[{"embeddable":true,"href":"http:\/\/cordobadirecto.com\/index.php\/wp-json\/wp\/v2\/media\/184576"}],"wp:attachment":[{"href":"http:\/\/cordobadirecto.com\/index.php\/wp-json\/wp\/v2\/media?parent=184575"}],"wp:term":[{"taxonomy":"category","embeddable":true,"href":"http:\/\/cordobadirecto.com\/index.php\/wp-json\/wp\/v2\/categories?post=184575"},{"taxonomy":"post_tag","embeddable":true,"href":"http:\/\/cordobadirecto.com\/index.php\/wp-json\/wp\/v2\/tags?post=184575"}],"curies":[{"name":"wp","href":"https:\/\/api.w.org\/{rel}","templated":true}]}}