{"id":184585,"date":"2026-01-16T19:24:06","date_gmt":"2026-01-16T19:24:06","guid":{"rendered":"https:\/\/cordoba.gob.ar\/?p=84958"},"modified":"2026-01-16T19:24:06","modified_gmt":"2026-01-16T19:24:06","slug":"la-ciudad-de-cordoba-es-sede-del-primer-campus-anual-de-entrenamiento-nacional-de-judo","status":"publish","type":"post","link":"http:\/\/cordobadirecto.com\/index.php\/2026\/01\/16\/la-ciudad-de-cordoba-es-sede-del-primer-campus-anual-de-entrenamiento-nacional-de-judo\/","title":{"rendered":"La ciudad de C\u00f3rdoba es sede del Primer Campus Anual de Entrenamiento Nacional de Judo"},"content":{"rendered":"<div><img src=\"http:\/\/cordobadirecto.com\/wp-content\/uploads\/2026\/01\/la-ciudad-de-cordoba-es-sede-del-primer-campus-anual-de-entrenamiento-nacional-de-judo.jpg\" class=\"ff-og-image-inserted\"><\/div>\n<p data-prosemirror-content-type=\"node\" data-prosemirror-node-name=\"paragraph\" data-prosemirror-node-block=\"true\">Hasta el pr\u00f3ximo domingo, la ciudad de C\u00f3rdoba ser\u00e1 el epicentro del Primer Campus Anual de Entrenamiento Nacional de Judo que se lleva a cabo en el Club Municipalidad de C\u00f3rdoba.<\/p>\n<p data-prosemirror-content-type=\"node\" data-prosemirror-node-name=\"paragraph\" data-prosemirror-node-block=\"true\">La actividad, organizada por la Secretar\u00eda de Fortalecimiento Vecinal y Deportes, la Confederaci\u00f3n Argentina de Judo y la Federaci\u00f3n Cordobesa de Judo, cuenta con la presencia de m\u00e1s de 115 judocas de todo el pa\u00eds, incluyendo deportistas de la Selecci\u00f3n Nacional.<\/p>\n<p data-prosemirror-content-type=\"node\" data-prosemirror-node-name=\"paragraph\" data-prosemirror-node-block=\"true\">Desde la Municipalidad de C\u00f3rdoba se brind\u00f3 alojamiento a los atletas, adem\u00e1s del espacio de entrenamiento y el apoyo log\u00edstico, garantizando las condiciones necesarias para el correcto desarrollo de la actividad.<\/p>\n<p data-prosemirror-content-type=\"node\" data-prosemirror-node-name=\"paragraph\" data-prosemirror-node-block=\"true\">Del encuentro participan atletas de C\u00f3rdoba, Santa Fe, Buenos Aires, Tucum\u00e1n, Santiago del Estero y Neuqu\u00e9n, consolidando de este modo, a la Docta como un punto de encuentro clave de formaci\u00f3n, intercambio y crecimiento para el deporte nacional.<\/p>\n","protected":false},"excerpt":{"rendered":"<p>Hasta el pr\u00f3ximo domingo, la ciudad de C\u00f3rdoba ser\u00e1 el epicentro del Primer Campus Anual de Entrenamiento Nacional de Judo que se lleva a cabo en el Club Municipalidad de C\u00f3rdoba. La actividad, organizada por la Secretar\u00eda de Fortalecimiento Vecinal y Deportes, la Confederaci\u00f3n Argentina de Judo y la Federaci\u00f3n Cordobesa de Judo, cuenta con [&hellip;]<\/p>\n","protected":false},"author":1,"featured_media":184586,"comment_status":"closed","ping_status":"closed","sticky":false,"template":"","format":"standard","meta":[],"categories":[44],"tags":[],"_links":{"self":[{"href":"http:\/\/cordobadirecto.com\/index.php\/wp-json\/wp\/v2\/posts\/184585"}],"collection":[{"href":"http:\/\/cordobadirecto.com\/index.php\/wp-json\/wp\/v2\/posts"}],"about":[{"href":"http:\/\/cordobadirecto.com\/index.php\/wp-json\/wp\/v2\/types\/post"}],"author":[{"embeddable":true,"href":"http:\/\/cordobadirecto.com\/index.php\/wp-json\/wp\/v2\/users\/1"}],"replies":[{"embeddable":true,"href":"http:\/\/cordobadirecto.com\/index.php\/wp-json\/wp\/v2\/comments?post=184585"}],"version-history":[{"count":0,"href":"http:\/\/cordobadirecto.com\/index.php\/wp-json\/wp\/v2\/posts\/184585\/revisions"}],"wp:featuredmedia":[{"embeddable":true,"href":"http:\/\/cordobadirecto.com\/index.php\/wp-json\/wp\/v2\/media\/184586"}],"wp:attachment":[{"href":"http:\/\/cordobadirecto.com\/index.php\/wp-json\/wp\/v2\/media?parent=184585"}],"wp:term":[{"taxonomy":"category","embeddable":true,"href":"http:\/\/cordobadirecto.com\/index.php\/wp-json\/wp\/v2\/categories?post=184585"},{"taxonomy":"post_tag","embeddable":true,"href":"http:\/\/cordobadirecto.com\/index.php\/wp-json\/wp\/v2\/tags?post=184585"}],"curies":[{"name":"wp","href":"https:\/\/api.w.org\/{rel}","templated":true}]}}