{"id":184589,"date":"2026-01-16T22:53:01","date_gmt":"2026-01-16T22:53:01","guid":{"rendered":"https:\/\/puntoapunto.com.ar\/?p=381131"},"modified":"2026-01-16T22:53:01","modified_gmt":"2026-01-16T22:53:01","slug":"la-quinta-sube-de-segmento-y-presenta-una-linea-premium-de-productos","status":"publish","type":"post","link":"http:\/\/cordobadirecto.com\/index.php\/2026\/01\/16\/la-quinta-sube-de-segmento-y-presenta-una-linea-premium-de-productos\/","title":{"rendered":"La Quinta sube de segmento y presenta una l\u00ednea premium de productos"},"content":{"rendered":"<p>&nbsp;<!-- \u00a1O bien no hay banners, estan desactivados o no estan programados para esta ubicaci\u00f3n! -->\n<\/p>\n<p>&nbsp;\n<\/p>\n<p data-start=\"436\" data-end=\"831\">La Quinta, la hist\u00f3rica f\u00e1brica de alfajores nacida en C\u00f3rdoba y con fuerte presencia en el mercado regional, avanza en su estrategia de diversificaci\u00f3n y lanza una nueva l\u00ednea premium denominada <em data-start=\"655\" data-end=\"675\">Selecci\u00f3n de Autor<\/em>. Se trata de un paso m\u00e1s dentro del proceso de crecimiento de la empresa, que en los \u00faltimos a\u00f1os logr\u00f3 consolidarse a nivel nacional en segmentos masivos.\n<\/p>\n<p data-start=\"833\" data-end=\"1213\">Con esta incorporaci\u00f3n, la compa\u00f1\u00eda busca ampliar su portafolio hacia un p\u00fablico que demanda productos con mayor nivel de elaboraci\u00f3n y diferenciaci\u00f3n. La nueva l\u00ednea fue concebida bajo una l\u00f3gica de \u201cautor\u201d, donde cada alfajor es desarrollado como una pieza individual, con combinaciones de sabores pensadas desde la selecci\u00f3n de ingredientes y el cuidado del proceso productivo.\n<\/p>\n<p data-start=\"833\" data-end=\"1213\"><img decoding=\"async\" class=\"aligncenter wp-image-381133 size-jnews-750x536\" src=\"http:\/\/cordobadirecto.com\/wp-content\/uploads\/2026\/01\/la-quinta-sube-de-segmento-y-presenta-una-linea-premium-de-productos.jpg\" alt width=\"750\" height=\"536\" srcset=\"http:\/\/cordobadirecto.com\/wp-content\/uploads\/2026\/01\/la-quinta-sube-de-segmento-y-presenta-una-linea-premium-de-productos.jpg 750w, http:\/\/cordobadirecto.com\/wp-content\/uploads\/2026\/01\/la-quinta-sube-de-segmento-y-presenta-una-linea-premium-de-productos-1.jpg 120w, http:\/\/cordobadirecto.com\/wp-content\/uploads\/2026\/01\/la-quinta-sube-de-segmento-y-presenta-una-linea-premium-de-productos-2.jpg 350w\" sizes=\"(max-width: 750px) 100vw, 750px\" loading=\"lazy\"><!-- \u00a1O bien no hay banners, estan desactivados o no estan programados para esta ubicaci\u00f3n! -->\n<\/p>\n<p data-start=\"1215\" data-end=\"1540\">Bajo el concepto \u201cVali\u00f3 la espera\u201d, <em data-start=\"1251\" data-end=\"1271\">Selecci\u00f3n de Autor<\/em> pone el foco en tiempos de desarrollo m\u00e1s extensos y en la construcci\u00f3n del producto, priorizando el resultado final por sobre la velocidad de lanzamiento. La propuesta apunta a destacar la identidad de cada variedad y el rol del proceso como parte del valor agregado.<\/p>\n<p data-start=\"1542\" data-end=\"1855\">El lanzamiento oficial de la nueva l\u00ednea se realizar\u00e1 este viernes 16, a partir de las 20 horas, en el local que La Quinta posee en Sarmiento 180, frente al Reloj Cuc\u00fa, en Villa Carlos Paz. En ese contexto, las primeras 100 personas que se acerquen podr\u00e1n degustar el producto que inaugura esta etapa de la marca.\n<\/p>\n<p data-start=\"1857\" data-end=\"2181\">Desde la empresa explican que el desembarco en el segmento premium no implica un cambio de rumbo, sino una ampliaci\u00f3n de la propuesta comercial. En paralelo, la f\u00e1brica contin\u00faa trabajando en la expansi\u00f3n de su capacidad productiva, acompa\u00f1ando la evoluci\u00f3n de la marca y los cambios en las preferencias de los consumidores.\n<\/p>\n<p data-start=\"2183\" data-end=\"2485\">La l\u00ednea <em data-start=\"2192\" data-end=\"2212\">Selecci\u00f3n de Autor<\/em> marca el inicio de una nueva fase para La Quinta, que proyecta seguir desarrollando alfajores de especialidad dentro de este segmento, incorporando innovaci\u00f3n en sus propuestas y reforzando una identidad construida a lo largo de su trayectoria en la industria alimentaria.\n<\/p>\n<div class=\"g g-38\">\n<div class=\"g-dyn a-12 c-1\"><a class=\"gofollow\" data-track=\"MTIsMzgsNjA=\" href=\"https:\/\/hospitalprivado.com.ar\/\" target=\"_blank\" rel=\"noopener\"><img src=\"http:\/\/cordobadirecto.com\/wp-content\/uploads\/2026\/01\/la-quinta-sube-de-segmento-y-presenta-una-linea-premium-de-productos.gif\" loading=\"lazy\"><\/a><\/div>\n<\/div>\n","protected":false},"excerpt":{"rendered":"<p>&nbsp; &nbsp; La Quinta, la hist\u00f3rica f\u00e1brica de alfajores nacida en C\u00f3rdoba y con fuerte presencia en el mercado regional, avanza en su estrategia de diversificaci\u00f3n y lanza una nueva l\u00ednea premium denominada Selecci\u00f3n de Autor. Se trata de un paso m\u00e1s dentro del proceso de crecimiento de la empresa, que en los \u00faltimos a\u00f1os [&hellip;]<\/p>\n","protected":false},"author":1,"featured_media":184590,"comment_status":"closed","ping_status":"closed","sticky":false,"template":"","format":"standard","meta":[],"categories":[25],"tags":[],"_links":{"self":[{"href":"http:\/\/cordobadirecto.com\/index.php\/wp-json\/wp\/v2\/posts\/184589"}],"collection":[{"href":"http:\/\/cordobadirecto.com\/index.php\/wp-json\/wp\/v2\/posts"}],"about":[{"href":"http:\/\/cordobadirecto.com\/index.php\/wp-json\/wp\/v2\/types\/post"}],"author":[{"embeddable":true,"href":"http:\/\/cordobadirecto.com\/index.php\/wp-json\/wp\/v2\/users\/1"}],"replies":[{"embeddable":true,"href":"http:\/\/cordobadirecto.com\/index.php\/wp-json\/wp\/v2\/comments?post=184589"}],"version-history":[{"count":0,"href":"http:\/\/cordobadirecto.com\/index.php\/wp-json\/wp\/v2\/posts\/184589\/revisions"}],"wp:featuredmedia":[{"embeddable":true,"href":"http:\/\/cordobadirecto.com\/index.php\/wp-json\/wp\/v2\/media\/184590"}],"wp:attachment":[{"href":"http:\/\/cordobadirecto.com\/index.php\/wp-json\/wp\/v2\/media?parent=184589"}],"wp:term":[{"taxonomy":"category","embeddable":true,"href":"http:\/\/cordobadirecto.com\/index.php\/wp-json\/wp\/v2\/categories?post=184589"},{"taxonomy":"post_tag","embeddable":true,"href":"http:\/\/cordobadirecto.com\/index.php\/wp-json\/wp\/v2\/tags?post=184589"}],"curies":[{"name":"wp","href":"https:\/\/api.w.org\/{rel}","templated":true}]}}